{"id":644821,"date":"2026-01-06T13:27:12","date_gmt":"2026-01-06T13:27:12","guid":{"rendered":"https:\/\/www.europesays.com\/fr\/644821\/"},"modified":"2026-01-06T13:27:12","modified_gmt":"2026-01-06T13:27:12","slug":"la-continuite-des-soins-est-assuree","status":"publish","type":"post","link":"https:\/\/www.europesays.com\/fr\/644821\/","title":{"rendered":"\u00ab La continuit\u00e9 des soins est assur\u00e9e \u00bb"},"content":{"rendered":"<p>C\u2019est une loi qui leur reste en travers de la gorge\u2026 Alors que le budget de la S\u00e9curit\u00e9 sociale pour 2026 <a href=\"https:\/\/www.estrepublicain.fr\/politique\/2025\/12\/16\/le-budget-de-la-securite-sociale-definitivement-adopte-apres-un-dernier-vote-de-l-assemblee-nationale\" target=\"_blank\" rel=\"noopener\">a \u00e9t\u00e9 d\u00e9finitivement adopt\u00e9 mi-d\u00e9cembre<\/a> , les m\u00e9decins lib\u00e9raux contestent certaines mesures et se <a href=\"https:\/\/www.estrepublicain.fr\/magazine-sante\/2026\/01\/02\/les-medecins-liberaux-en-greve-a-partir-du-lundi-5-janvier-contre-la-politique-du-soupcon\" target=\"_blank\" rel=\"noopener\">sont mis en gr\u00e8ve ce lundi<\/a> en France, \u00e0 l\u2019appel de leurs syndicats. Pr\u00e9sident du conseil d\u00e9partemental de l\u2019ordre des m\u00e9decins, Franck Bresler fait le point, m\u00eame s\u2019il pr\u00e9cise que l\u2019Ordre n\u2019a pas le droit de prendre position\u2026<\/p>\n<blockquote class=\"question\"><p><strong>Comment le mouvement de gr\u00e8ve est-il suivi dans le d\u00e9partement\u00a0?<\/strong><\/p><\/blockquote>\n<p>\u00ab\u00a0On n\u2019a pas de taux de suivi mais le mouvement est moins suivi en Meurthe-et-Moselle que dans d\u2019autres r\u00e9gions. En fait, il y a deux mouvements diff\u00e9rents. La m\u00e9decine g\u00e9n\u00e9rale est en gr\u00e8ve depuis ce lundi avec plus de 50\u00a0% de gr\u00e9vistes mais la continuit\u00e9 des soins est assur\u00e9e par des rempla\u00e7ants ou d\u2019autres collaborateurs des maisons de sant\u00e9. Il y a \u00e9galement un mouvement des sp\u00e9cialistes qui va s\u2019\u00e9taler sur trois jours \u00e0 partir de lundi prochain. Il concerne les cliniques priv\u00e9es, qui vont du coup reporter le programme op\u00e9ratoire pr\u00e9vu. [\u2026] Mais cela ne va pas beaucoup impacter la prise en charge des patients.\u00a0\u00bb<\/p>\n<blockquote class=\"question\"><p><strong>Ces deux cat\u00e9gories ont les m\u00eames sujets de m\u00e9contentement\u00a0?<\/strong><\/p><\/blockquote>\n<p>\u00ab\u00a0Les points sont un peu diff\u00e9rents. Parmi les revendications des m\u00e9decins g\u00e9n\u00e9ralistes, il y avait l\u2019obligation de remplir le DMP (NDLR\u00a0: le dossier m\u00e9dical partag\u00e9) mais cette clause a \u00e9t\u00e9 suspendue par le Conseil constitutionnel. Il y avait \u00e9galement la question des p\u00e9nalit\u00e9s en cas d\u2019arr\u00eats de travail (excessifs). Ce que les sp\u00e9cialistes d\u00e9noncent, c\u2019est notamment la possibilit\u00e9 unilat\u00e9rale qu\u2019a la CNAM (Caisse nationale d\u2019assurance-maladie) de changer les tarifs des actes. C\u2019\u00e9tait une soi-disant volont\u00e9 de supprimer le secteur deux, les d\u00e9passements d\u2019honoraires, et le secteur trois.\u00a0\u00bb<\/p>\n<p>  \u00ab\u00a0Il ne faut pas non plus exag\u00e9rer le mouvement\u00a0\u00bb<\/p>\n<blockquote class=\"question\"><p><strong>Au final, le budget de la S\u00e9curit\u00e9 sociale a \u00e9t\u00e9 officiellement adopt\u00e9. Mais ces mouvements peuvent-ils permettre de faire infl\u00e9chir le gouvernement sur certains points\u00a0?<\/strong><\/p><\/blockquote>\n<p>\u00ab\u00a0La loi a \u00e9t\u00e9 vot\u00e9e, promulgu\u00e9e, je ne crois pas que cela va changer grand-chose\u2026 Certaines mesures ont \u00e9t\u00e9 retoqu\u00e9es par le Conseil constitutionnel. Et concernant le secteur 2 et 3, Thomas F\u00e2tome, le directeur de la CNAM et <a href=\"https:\/\/www.estrepublicain.fr\/sante\/2026\/01\/04\/greve-des-medecins-liberaux-des-requisitions-possibles-previent-la-ministre-de-la-sante\" target=\"_blank\" rel=\"noopener\">St\u00e9phanie Rist (la ministre de la Sant\u00e9)<\/a> ont dit qu\u2019ils ne mettraient pas en place de suppression des d\u00e9passements d\u2019honoraires. Ces derniers jours, il y a eu un apaisement de la part du gouvernement mais le mouvement de gr\u00e8ve \u00e9tait d\u00e9j\u00e0 lanc\u00e9 par les syndicats\u2026 Mais je rappelle que l\u2019Ordre n\u2019est pas un syndicat. C\u2019est important car on n\u2019a pas le droit de prendre position officiellement, sauf quand il y a une atteinte \u00e0 la profession m\u00e9dicale.\u00a0\u00bb<\/p>\n<p><strong>L\u00e0, ce n\u2019est pas le cas\u00a0?<\/strong><\/p>\n<p>\u00ab\u00a0Non. Le droit est respect\u00e9 et de notre c\u00f4t\u00e9, on v\u00e9rifie que les m\u00e9decins remplissent leur devoir de continuit\u00e9 des soins. C\u2019est le r\u00f4le des syndicats de faire monter la mayonnaise pour obtenir des r\u00e9sultats mais je rappelle qu\u2019il y a moins de 25\u00a0% des m\u00e9decins qui sont syndiqu\u00e9s. Il ne faut pas non plus exag\u00e9rer le mouvement (NDLR\u00a0: la Conf\u00e9d\u00e9ration des syndicats m\u00e9dicaux fran\u00e7ais annon\u00e7ait que 85\u00a0% de ses adh\u00e9rents pr\u00e9voyaient de faire gr\u00e8ve).\u00a0\u00bb<\/p>\n<blockquote class=\"question\"><p><strong>La crainte que ce mouvement impacte lourdement la prise en charge des patients n\u2019est donc pas fond\u00e9e\u00a0?<\/strong><\/p><\/blockquote>\n<p>\u00ab\u00a0Dans notre d\u00e9partement, il n\u2019y aura pas de probl\u00e8me\u2026\u00a0\u00bb<\/p>\n","protected":false},"excerpt":{"rendered":"C\u2019est une loi qui leur reste en travers de la gorge\u2026 Alors que le budget de la S\u00e9curit\u00e9&hellip;\n","protected":false},"author":2,"featured_media":644822,"comment_status":"","ping_status":"","sticky":false,"template":"","format":"standard","meta":{"footnotes":""},"categories":[9635],"tags":[1111,11,9671,1707,1704,1706,1705,1777,674,1011,27,775,3457,1702,1703,12,25,71,801],"class_list":{"0":"post-644821","1":"post","2":"type-post","3":"status-publish","4":"format-standard","5":"has-post-thumbnail","7":"category-nancy","8":"tag-actu","9":"tag-actualites","10":"tag-conflit-social","11":"tag-edition-luneville","12":"tag-edition-nancy-et-agglomeration","13":"tag-edition-pont-a-mousson","14":"tag-edition-toul","15":"tag-eu","16":"tag-europe","17":"tag-fr","18":"tag-france","19":"tag-grand-est","20":"tag-meurthe-et-moselle","21":"tag-nancy","22":"tag-nancy-ville-54b","23":"tag-news","24":"tag-republique-francaise","25":"tag-sante","26":"tag-social"},"share_on_mastodon":{"url":"https:\/\/pubeurope.com\/@fr\/115848390010642923","error":""},"_links":{"self":[{"href":"https:\/\/www.europesays.com\/fr\/wp-json\/wp\/v2\/posts\/644821","targetHints":{"allow":["GET"]}}],"collection":[{"href":"https:\/\/www.europesays.com\/fr\/wp-json\/wp\/v2\/posts"}],"about":[{"href":"https:\/\/www.europesays.com\/fr\/wp-json\/wp\/v2\/types\/post"}],"author":[{"embeddable":true,"href":"https:\/\/www.europesays.com\/fr\/wp-json\/wp\/v2\/users\/2"}],"replies":[{"embeddable":true,"href":"https:\/\/www.europesays.com\/fr\/wp-json\/wp\/v2\/comments?post=644821"}],"version-history":[{"count":0,"href":"https:\/\/www.europesays.com\/fr\/wp-json\/wp\/v2\/posts\/644821\/revisions"}],"wp:featuredmedia":[{"embeddable":true,"href":"https:\/\/www.europesays.com\/fr\/wp-json\/wp\/v2\/media\/644822"}],"wp:attachment":[{"href":"https:\/\/www.europesays.com\/fr\/wp-json\/wp\/v2\/media?parent=644821"}],"wp:term":[{"taxonomy":"category","embeddable":true,"href":"https:\/\/www.europesays.com\/fr\/wp-json\/wp\/v2\/categories?post=644821"},{"taxonomy":"post_tag","embeddable":true,"href":"https:\/\/www.europesays.com\/fr\/wp-json\/wp\/v2\/tags?post=644821"}],"curies":[{"name":"wp","href":"https:\/\/api.w.org\/{rel}","templated":true}]}}