{"id":644823,"date":"2026-01-06T13:28:20","date_gmt":"2026-01-06T13:28:20","guid":{"rendered":"https:\/\/www.europesays.com\/fr\/644823\/"},"modified":"2026-01-06T13:28:20","modified_gmt":"2026-01-06T13:28:20","slug":"lopera-national-de-nancy-lorraine-un-opera-citoyen","status":"publish","type":"post","link":"https:\/\/www.europesays.com\/fr\/644823\/","title":{"rendered":"L&rsquo;Op\u00e9ra national de Nancy-Lorraine, un op\u00e9ra citoyen"},"content":{"rendered":"<p><a href=\"https:\/\/www.europesays.com\/fr\/wp-content\/uploads\/2026\/01\/matthieu-dussouillez-photo-jean-louis-fernandez.jpg\"><\/p>\n<p><img loading=\"lazy\" decoding=\"async\" aria-describedby=\"caption-attachment-226369\" src=\"https:\/\/www.europesays.com\/fr\/wp-content\/uploads\/2026\/01\/matthieu-dussouillez-photo-jean-louis-fernandez.jpg\" alt=\"Matthieu Dussouillez, directeur de l'Op\u00e9ra national de Nancy-Lorraine\" width=\"1200\" height=\"800\"  \/><\/p>\n<p><\/a><\/p>\n<p id=\"caption-attachment-226369\" class=\"wp-caption-text\">Photo Jean-Louis Fernandez<\/p>\n<blockquote>\n<p><strong>Depuis 2019, l\u2019Op\u00e9ra national de Nancy-Lorraine dirig\u00e9 par Matthieu Dussouillez d\u00e9ploie un programme citoyen qui <\/strong><strong>touche chaque ann\u00e9e plus de 35 000 personnes. <a href=\"https:\/\/www.opera-nancy.fr\/fr\/activity\/1061-janvier-de-la-solidarite\" target=\"_blank\" rel=\"noopener\">Pour la deuxi\u00e8me ann\u00e9e cons\u00e9cutive, l\u2019op\u00e9ra ouvre grand ses portes en ce mois de janvier avec huit \u00e9v\u00e9nements donn\u00e9s \u00e0 titre gracieux<\/a>. Rencontre avec un directeur qui souhaite partager son amour de l\u2019op\u00e9ra au plus grand nombre.<\/strong><\/p>\n<\/blockquote>\n<p><strong>Quel bilan tirez-vous de l\u2019op\u00e9ration men\u00e9e en 2025 ?<\/strong><\/p>\n<p>On l\u2019a renouvel\u00e9e parce que cela a \u00e9t\u00e9 un grand moment l\u2019ann\u00e9e derni\u00e8re, f\u00e9d\u00e9rateur, et qui ressemble tout simplement aux valeurs de notre institution, port\u00e9es par toutes les \u00e9quipes, administratives, artistiques et techniques. On ouvre l\u2019op\u00e9ra au plus grand nombre. On transforme, par exemple, notre salle pour qu\u2019elle devienne vraiment accessible aux personnes \u00e0 mobilit\u00e9 r\u00e9duite, en d\u00e9montant les si\u00e8ges pour pouvoir accueillir une multitude de fauteuils roulants. C\u2019est important que notre b\u00e2timent historique, qui date du d\u00e9but du XX\u1d49 si\u00e8cle et qui fait partie du patrimoine, soit accessible \u00e0 tout le monde. On ouvre les r\u00e9p\u00e9titions de l\u2019orchestre au public, on propose un concert avec le c\u0153ur communautaire, un autre solidaire au profit de l\u2019Institut de Canc\u00e9rologie de Lorraine. On re\u00e7oit aussi beaucoup d\u2019\u00e9tudiants en situation de pr\u00e9carit\u00e9 . C\u2019est ce que l\u2019on fait tout au long de la saison, sauf que l\u00e0, on le concentre sur un mois pour un festival solidaire.<\/p>\n<p><strong>Souvent, le public qui ne va pas \u00e0 l\u2019op\u00e9ra, ou dans les th\u00e9\u00e2tres, dit <\/strong><strong>\u00ab Ce n\u2019est pas fait pour moi <\/strong><strong>\u00bb<\/strong><strong>. Comment parvenez-vous \u00e0 l\u2019attirer ?<\/strong><\/p>\n<p>C\u2019est notre optique tout au long de l\u2019ann\u00e9e. Le projet \u00ab Op\u00e9ra citoyen \u00bb \u00e0 Nancy s\u2019appuie sur des conceptions et des valeurs, notamment celles de la philosophe am\u00e9ricaine <strong>Martha Nussbaum<\/strong>, <a href=\"https:\/\/laviedesidees.fr\/Martha-Nussbaum-ou-la-democratie\" target=\"_blank\" rel=\"noopener\">qui fait la distinction fondamentale entre les droits et la capabilit\u00e9<\/a>. On parle toujours de droit d\u2019acc\u00e8s \u00e0 la culture et, pendant des ann\u00e9es, les op\u00e9ras ont apport\u00e9 cette r\u00e9ponse, en disant \u00ab Mais non, l\u2019op\u00e9ra c\u2019est pas cher, il y a des tarifs pour les \u00e9tudiants, pour les demandeurs d\u2019emploi \u00bb. On s\u2019est limit\u00e9 \u00e0 ce prisme de la billetterie. Alors oui, les tarifs peuvent \u00eatre accessibles, mais cela ne suffit pas, car il y a cette question de la capabilit\u00e9. Comment un op\u00e9ra qui est subventionn\u00e9 \u00e0 80 % par des fonds publics peut-il r\u00e9ellement \u00eatre citoyen ? Comment fait-il pour garantir \u00e0 toutes et tous les capabilit\u00e9s fondamentales ? \u00c0 l\u2019Op\u00e9ra de Nancy, on part du principe qu\u2019une vie sans art, sans cr\u00e9ation, sans reconnaissance sociale de base, c\u2019est une vie en dessous du seuil de dignit\u00e9 humaine. Un op\u00e9ra citoyen financ\u00e9 par le subside public se doit de cr\u00e9er les conditions d\u2019acc\u00e8s \u00e0 cette culture pour tous. On se doit de corriger cela pour permettre au public emp\u00each\u00e9 physiquement ou socialement de venir \u00e0 l\u2019op\u00e9ra. Il faut donc aller le chercher.<\/p>\n<p><strong>Est-ce que vous r\u00e9ussissez \u00e0 fid\u00e9liser ce public qui n\u2019a pas l\u2019habitude d\u2019aller \u00e0 l\u2019op\u00e9ra tout au long de la saison ?<\/strong><\/p>\n<p>Je pense que le public se m\u00e9tamorphose. On ne fait pas cela que dans l\u2019optique de fid\u00e9liser les gens ou de remplacer le public. En fait, il y a une r\u00e9alit\u00e9 dans les op\u00e9ras, et je crois que mes coll\u00e8gues pourraient dire la m\u00eame chose : on n\u2019a pas de probl\u00e8me de remplissage dans nos salles. <a href=\"https:\/\/sceneweb.fr\/la-boheme-de-puccini-la-premiere-mise-en-scene-dopera-de-david-geselson-a-nancy\/\" target=\"_blank\" rel=\"noopener\">En d\u00e9cembre, on a jou\u00e9 La Boh\u00e8me \u00e0 guichets ferm\u00e9s.<\/a> Le public est l\u00e0. La question, c\u2019est aussi d\u2019affirmer l\u2019op\u00e9ra comme une fabrique du sensible, comme un acteur puissant du lien social. C\u2019est \u00e9minemment n\u00e9cessaire parce que la soci\u00e9t\u00e9 est en tension. Elle a besoin, plus que jamais, de vivant. Des \u00e9tudes assez dingues de l\u2019Organisation mondiale de la Sant\u00e9 (OMS) montrent que, chaque heure dans le monde, 100 personnes meurent de solitude. La culture et l\u2019op\u00e9ra doivent \u00eatre des endroits o\u00f9 l\u2019on se r\u00e9unit pour fabriquer du lien social. On a conscience de la puissance de l\u2019op\u00e9ra qui, \u00e0 la base, r\u00e9unit des forces parfois contraires entre elles. Il y a parfois des batailles entre la musique, la mise en sc\u00e8ne et le livret, et l\u2019op\u00e9ra permet de r\u00e9unir tous ces arts, et aussi tous les publics.<\/p>\n<p><strong>Le nerf de la guerre, dans ce renouvellement des publics, c\u2019est la jeunesse. Comment attirez-vous le jeune public ?<\/strong><\/p>\n<p>On y travaille de plusieurs mani\u00e8res. C\u2019est assez incroyable de voir le succ\u00e8s chaque ann\u00e9e de la soir\u00e9e \u00e9tudiante. On n\u2019a pas pu accueillir tout le monde la derni\u00e8re fois ! On propose aussi des formats d\u00e9di\u00e9s pour les b\u00e9b\u00e9s \u00e0 partir de deux mois, avec l\u2019op\u00e9ration \u00ab Op\u00e9ra berceau \u00bb. C\u2019est complet depuis cinq saisons. Ils sont au coeur du spectacle, dans une forme avec deux chanteurs lyriques et quatre musiciens. Et puis, on a \u00e9videmment les concerts d\u00e9di\u00e9s au jeune public, avec notre ma\u00eetrise citoyenne itin\u00e9rante. Et on essaye d\u2019amener, par la pratique, les enfants \u00e0 l\u2019op\u00e9ra. Et je peux vous confirmer que \u00e7a marche.<\/p>\n<p><strong>Vous menez notamment un partenariat avec le CHRU de Nancy depuis ao\u00fbt 2024 avec des interventions musicales <\/strong><strong>en n\u00e9onatologie aupr\u00e8s de nourrissons en grande pr\u00e9maturit\u00e9. Avec quels effets sur ces nouveau-n\u00e9s ?<\/strong><\/p>\n<p>L\u00e0, on est vraiment dans une alliance th\u00e9rapeutique entre la culture et la sant\u00e9, avec <strong>Aline Martin<\/strong>, mezzo-soprano du Ch\u0153ur de l\u2019Op\u00e9ra, qui vient dans les chambres pour travailler \u00e0 la fois sur la s\u00e9r\u00e9nit\u00e9 des mamans, des soignants et des enfants. Et quand elle chante, les constantes des enfants s\u2019apaisent. Plus de quarante nouveau-n\u00e9s pr\u00e9matur\u00e9s ont b\u00e9n\u00e9fici\u00e9 de ces interventions musicales en n\u00e9onatologie depuis ao\u00fbt 2024 dans un environnement m\u00e9dicalis\u00e9. Par le chant, les mamans arrivent plus facilement \u00e0 parler \u00e0 leur enfant, et il agit sur le d\u00e9veloppement c\u00e9r\u00e9bral du nourrisson par la stimulation auditive. Cette voix, pour l\u2019enfant, elle est th\u00e9rapeutique.<\/p>\n<p><strong>Est-ce que le d\u00e9cloisonnement des publics passe aussi par le renouvellement de la g\u00e9n\u00e9ration des artistes qui mettent en sc\u00e8ne et par la pr\u00e9sence de nouvelles formes, comme ce robot pr\u00e9sent dans <\/strong><strong><a href=\"https:\/\/sceneweb.fr\/kevin-barz-met-en-scene-die-schopfung-la-creation-de-joseph-haydn\/\" target=\"_blank\" rel=\"noopener\">La Cr\u00e9ation<\/a><\/strong><strong><a href=\"https:\/\/sceneweb.fr\/kevin-barz-met-en-scene-die-schopfung-la-creation-de-joseph-haydn\/\" target=\"_blank\" rel=\"noopener\"> en 2024<\/a> ?<\/strong><\/p>\n<p>C\u2019est m\u00eame le c\u0153ur de notre r\u00e9acteur. Ces nouveaux artistes r\u00e9interrogent les formes et les imaginaires pour fabriquer du sensible, avec les mat\u00e9riaux de l\u2019\u00e9poque. On sait que l\u2019intelligence artificielle appauvrit l\u2019imaginaire et la pens\u00e9e. Une sc\u00e8ne de spectacle vivant est plus que jamais essentielle pour redonner de la richesse \u00e0 l\u2019imaginaire, redonner de la richesse au discours. La place de l\u2019humain est importante, m\u00eame dans ce monde num\u00e9rique, et j\u2019esp\u00e8re que la mont\u00e9e de l\u2019intelligence artificielle sera \u00e9quilibr\u00e9e, au service de la richesse de la pens\u00e9e et de l\u2019imagination.<\/p>\n<p><strong>Ces derni\u00e8res ann\u00e9es, les maisons d\u2019op\u00e9ra souffrent en France, les saisons se r\u00e9duisent. Comment arrivez-vous \u00e0 vous maintenir \u00e0 Nancy ?<\/strong><\/p>\n<p>Nous ne sommes pas \u00e9pargn\u00e9s. Il y a toujours cette martingale de dire qu\u2019il faut des coproductions. Cela a \u00e9t\u00e9 le cas de La Boh\u00e8me, une grande coproduction de Dijon \u00e0 Reims, en passant par Caen et Luxembourg. Mais cela ne suffit pas. Il faut pouvoir \u00eatre souple sur les projets, sur la mani\u00e8re dont on programme. Quand je suis arriv\u00e9,\u00a0 il y avait cinq nouvelles productions par saison ; aujourd\u2019hui, on est tr\u00e8s loin de cela, on en fait deux ou trois, mais on parvient \u00e0 rester un p\u00f4le de cr\u00e9ation et de production. Parfois, on produit pour d\u2019autres, cela a \u00e9t\u00e9 le cas avec <a href=\"https:\/\/sceneweb.fr\/natalie-dessay-dans-gypsy\/\" target=\"_blank\" rel=\"noopener\">Gypsy pour la Philharmonie<\/a>, qui \u00e9tait premier producteur d\u00e9l\u00e9gu\u00e9, mais la cr\u00e9ation a eu lieu \u00e0 Nancy. Le <a href=\"https:\/\/www.opera-nancy.fr\/fr\/activity\/1074-concerto-danzante\" target=\"_blank\" rel=\"noopener\">Concerto Danzante<\/a> du mois d\u2019avril est une production d\u00e9l\u00e9gu\u00e9e de la Philharmonie de Paris avec le CCN \u2013 Ballet de Lorraine, l\u2019Op\u00e9ra national de Nancy-Lorraine et Les Arts Florissants. La Philharmonie vient s\u2019appuyer sur un tissu artistique et \u00e9conomique nanc\u00e9ien pour pouvoir cr\u00e9er ce spectacle. Et nous avons la chance d\u2019avoir \u00e0 nos c\u00f4t\u00e9s le CCN dirig\u00e9 par la chor\u00e9graphe <strong>Maud Le Pladec<\/strong>. Le temps est \u00e0 la collaboration pour \u00eatre conforme \u00e0 nos valeurs. Cela ne m\u2019int\u00e9resse pas d\u2019avoir toutes les stars de l\u2019op\u00e9ra \u00e0 tout prix. Ce qui m\u2019int\u00e9resse, c\u2019est de proposer de la musique au plus haut niveau et de cr\u00e9er des moments artistiques et humains qui soient inspirants et stimulants.<\/p>\n<p><a data-no-instant=\"1\" href=\"https:\/\/nanterre-amandiers.com\/evenement\/ressac-gabriel-gozlan-hagendorf\/\" rel=\"noopener\" class=\"a2t-link\" target=\"_blank\" aria-label=\"Nanterre Ressac\"><\/p>\n<p><img loading=\"lazy\" decoding=\"async\" src=\"data:image\/svg+xml,%3Csvg%20xmlns=\" http:=\"\" alt=\"\" data-lazy- data-lazy- width=\"960\" height=\"300\" data-lazy-src=\"https:\/\/www.europesays.com\/fr\/wp-content\/uploads\/2026\/01\/nanterre-ressac.jpg\"\/><\/p>\n<p><\/a><\/p>\n","protected":false},"excerpt":{"rendered":"Photo Jean-Louis Fernandez Depuis 2019, l\u2019Op\u00e9ra national de Nancy-Lorraine dirig\u00e9 par Matthieu Dussouillez d\u00e9ploie un programme citoyen qui&hellip;\n","protected":false},"author":2,"featured_media":644824,"comment_status":"","ping_status":"","sticky":false,"template":"","format":"standard","meta":{"footnotes":""},"categories":[9635],"tags":[1111,11,1777,674,1011,27,775,1702,12,25],"class_list":{"0":"post-644823","1":"post","2":"type-post","3":"status-publish","4":"format-standard","5":"has-post-thumbnail","7":"category-nancy","8":"tag-actu","9":"tag-actualites","10":"tag-eu","11":"tag-europe","12":"tag-fr","13":"tag-france","14":"tag-grand-est","15":"tag-nancy","16":"tag-news","17":"tag-republique-francaise"},"share_on_mastodon":{"url":"https:\/\/pubeurope.com\/@fr\/115848394090396166","error":""},"_links":{"self":[{"href":"https:\/\/www.europesays.com\/fr\/wp-json\/wp\/v2\/posts\/644823","targetHints":{"allow":["GET"]}}],"collection":[{"href":"https:\/\/www.europesays.com\/fr\/wp-json\/wp\/v2\/posts"}],"about":[{"href":"https:\/\/www.europesays.com\/fr\/wp-json\/wp\/v2\/types\/post"}],"author":[{"embeddable":true,"href":"https:\/\/www.europesays.com\/fr\/wp-json\/wp\/v2\/users\/2"}],"replies":[{"embeddable":true,"href":"https:\/\/www.europesays.com\/fr\/wp-json\/wp\/v2\/comments?post=644823"}],"version-history":[{"count":0,"href":"https:\/\/www.europesays.com\/fr\/wp-json\/wp\/v2\/posts\/644823\/revisions"}],"wp:featuredmedia":[{"embeddable":true,"href":"https:\/\/www.europesays.com\/fr\/wp-json\/wp\/v2\/media\/644824"}],"wp:attachment":[{"href":"https:\/\/www.europesays.com\/fr\/wp-json\/wp\/v2\/media?parent=644823"}],"wp:term":[{"taxonomy":"category","embeddable":true,"href":"https:\/\/www.europesays.com\/fr\/wp-json\/wp\/v2\/categories?post=644823"},{"taxonomy":"post_tag","embeddable":true,"href":"https:\/\/www.europesays.com\/fr\/wp-json\/wp\/v2\/tags?post=644823"}],"curies":[{"name":"wp","href":"https:\/\/api.w.org\/{rel}","templated":true}]}}