{"id":644829,"date":"2026-01-06T13:31:20","date_gmt":"2026-01-06T13:31:20","guid":{"rendered":"https:\/\/www.europesays.com\/fr\/644829\/"},"modified":"2026-01-06T13:31:20","modified_gmt":"2026-01-06T13:31:20","slug":"du-theatre-au-profit-de-sep-34","status":"publish","type":"post","link":"https:\/\/www.europesays.com\/fr\/644829\/","title":{"rendered":"Du th\u00e9\u00e2tre au profit de Sep 34"},"content":{"rendered":"<p>Dimanche 11 janvier, dans le cadre des 18 heures de Lattes, le th\u00e9\u00e2tre Jacques-C\u0153ur accueille la Compagnie du Strapontin qui donnera Ah, ce sacr\u00e9 docteur, un vaudeville familial au profit de l\u2019association Sep 34 Mieux vivre avec la scl\u00e9rose en plaques. Les b\u00e9n\u00e9fices de cette repr\u00e9sentation lui permettront d\u2019organiser une sortie d\u00e9couverte au lac du Salagou en 2026.<\/p>\n<p>Le docteur Durand \u2013 imp\u00e9nitent coureur de jupons \u2013 doit improviser des mensonges de plus en plus improbables pour faire face aux situations dans lesquelles il s\u2019est lui-m\u00eame emp\u00eatr\u00e9. Dur\u00e9e une heure, tarif 10 \u20ac sur place (ch\u00e8que ou esp\u00e8ces).<\/p>\n<p>Dimanche 11 janvier \u00e0 18 heures, \u00ab\u00a0Ah, ce sacr\u00e9 docteur\u00a0\u00bb au th\u00e9\u00e2tre Jacques-C\u0153ur, 1 050 avenue L\u00e9onard-de-Vinci, Port Ariane \u00e0 Lattes. Tram ligne 3 terminus centre- ville.<\/p>\n<p>Correspondant Midi libre : 06 66 42 02 80<\/p>\n","protected":false},"excerpt":{"rendered":"Dimanche 11 janvier, dans le cadre des 18 heures de Lattes, le th\u00e9\u00e2tre Jacques-C\u0153ur accueille la Compagnie du&hellip;\n","protected":false},"author":2,"featured_media":644830,"comment_status":"","ping_status":"","sticky":false,"template":"","format":"standard","meta":{"footnotes":""},"categories":[9599],"tags":[1111,11,872,1777,674,1011,27,7089,66497,2208,12,2680,25,4698],"class_list":{"0":"post-644829","1":"post","2":"type-post","3":"status-publish","4":"format-standard","5":"has-post-thumbnail","7":"category-montpellier","8":"tag-actu","9":"tag-actualites","10":"tag-culture-et-loisirs","11":"tag-eu","12":"tag-europe","13":"tag-fr","14":"tag-france","15":"tag-herault","16":"tag-lattes","17":"tag-montpellier","18":"tag-news","19":"tag-occitanie","20":"tag-republique-francaise","21":"tag-thu00e9u00e2tre"},"share_on_mastodon":{"url":"https:\/\/pubeurope.com\/@fr\/115848405574848441","error":""},"_links":{"self":[{"href":"https:\/\/www.europesays.com\/fr\/wp-json\/wp\/v2\/posts\/644829","targetHints":{"allow":["GET"]}}],"collection":[{"href":"https:\/\/www.europesays.com\/fr\/wp-json\/wp\/v2\/posts"}],"about":[{"href":"https:\/\/www.europesays.com\/fr\/wp-json\/wp\/v2\/types\/post"}],"author":[{"embeddable":true,"href":"https:\/\/www.europesays.com\/fr\/wp-json\/wp\/v2\/users\/2"}],"replies":[{"embeddable":true,"href":"https:\/\/www.europesays.com\/fr\/wp-json\/wp\/v2\/comments?post=644829"}],"version-history":[{"count":0,"href":"https:\/\/www.europesays.com\/fr\/wp-json\/wp\/v2\/posts\/644829\/revisions"}],"wp:featuredmedia":[{"embeddable":true,"href":"https:\/\/www.europesays.com\/fr\/wp-json\/wp\/v2\/media\/644830"}],"wp:attachment":[{"href":"https:\/\/www.europesays.com\/fr\/wp-json\/wp\/v2\/media?parent=644829"}],"wp:term":[{"taxonomy":"category","embeddable":true,"href":"https:\/\/www.europesays.com\/fr\/wp-json\/wp\/v2\/categories?post=644829"},{"taxonomy":"post_tag","embeddable":true,"href":"https:\/\/www.europesays.com\/fr\/wp-json\/wp\/v2\/tags?post=644829"}],"curies":[{"name":"wp","href":"https:\/\/api.w.org\/{rel}","templated":true}]}}