{"id":644849,"date":"2026-01-06T13:44:09","date_gmt":"2026-01-06T13:44:09","guid":{"rendered":"https:\/\/www.europesays.com\/fr\/644849\/"},"modified":"2026-01-06T13:44:09","modified_gmt":"2026-01-06T13:44:09","slug":"nice-sa-voiture-se-renverse-un-homme-de-81-ans-blesse-dans-un-accident-spectaculaire","status":"publish","type":"post","link":"https:\/\/www.europesays.com\/fr\/644849\/","title":{"rendered":"Nice. Sa voiture se renverse, un homme de 81 ans bless\u00e9 dans un accident spectaculaire"},"content":{"rendered":"<p>                    Par<br \/>\n        <strong><br \/>\n            <a href=\"https:\/\/actu.fr\/auteur\/arthur-frand\" title=\"Consulter tous les articles de Arthur Frand\" target=\"_blank\" rel=\"noopener\">Arthur Frand<\/a><br \/>\n                    <\/strong><\/p>\n<p>        Publi\u00e9 le<\/p>\n<p>            6 janv. 2026 \u00e0 13h14<br \/>\n        ; mis \u00e0 jour le 6 janv. 2026 \u00e0 13h16    <\/p>\n<p>Ce mardi 6\u00a0janvier 2026, un accident de la route <strong>spectaculaire<\/strong> s\u2019est produit \u00e0<a href=\"https:\/\/actu.fr\/nice\/\" target=\"_blank\" rel=\"noopener\"> Nice<\/a> dans les <a href=\"https:\/\/actu.fr\/provence-alpes-cote-d-azur\/alpes-maritimes_06\" target=\"_blank\" rel=\"noopener\">Alpes-Maritimes<\/a>. Une voiture \u00e9tait en travers de la route, avenue Sainte-Marguerite en fin de matin\u00e9e, bloquant la circulation, a appris actu Nice aupr\u00e8s du Sdis des Alpes-Maritimes.<\/p>\n<p>    <a href=\"https:\/\/www.google.com\/maps\/embed?pb=!4v1767700533760!6m8!1m7!1stOp6E1F_wSSijJvch0Q6WA!2m2!1d43.67842615800881!2d7.210778792399471!3f132.77808!4f0!5f0.7820865974627469\" title=\"Ouvrie le lien\" target=\"_blank\" rel=\"noopener\">Cliquez ici pour visualiser le contenu<\/a><\/p>\n<p class=\" wall-content\">Les<a href=\"https:\/\/actu.fr\/tag\/pompiers\" target=\"_blank\" rel=\"noopener\"> sapeurs-pompiers<\/a> des Alpes-Maritimes sont intervenus. Un seul bless\u00e9 l\u00e9ger est \u00e0 d\u00e9plorer.<\/p>\n<p>Un homme de 81\u00a0ans perd le contr\u00f4le<\/p>\n<p class=\" wall-content\">Les faits sont survenus en fin de matin\u00e9e ce mardi 6\u00a0janvier. Un <a href=\"https:\/\/actu.fr\/tag\/accident\" target=\"_blank\" rel=\"noopener\">accident<\/a> impressionnant puisqu\u2019une voiture <strong>s\u2019est renvers\u00e9e<\/strong> en plein milieu de la route, avenue Sainte-Marguerite, proche de l\u2019\u00e9cole \u00e9l\u00e9mentaire Caucade.<\/p>\n<p class=\" wall-content\">\u00ab\u2009Le conducteur est un homme de 81\u00a0ans. Il a \u00e9t\u00e9 <strong>bless\u00e9 l\u00e9g\u00e8rement<\/strong>\u00a0mais a r\u00e9ussi \u00e0 s\u2019extraire avant l\u2019intervention des secours\u2009\u00bb, pr\u00e9cise le Sdis des Alpes-Maritimes \u00e0 actu Nice.<\/p>\n<p>Il a percut\u00e9 un v\u00e9hicule en stationnement<\/p>\n<p class=\" wall-content\">L\u2019homme de 81\u00a0ans a vraisemblablement perdu seul le contr\u00f4le de son v\u00e9hicule. Il a \u00e9t\u00e9 transport\u00e9 \u00e0 l\u2019h\u00f4pital Pasteur \u00e0 Nice.<\/p>\n<p class=\" wall-content\">Une seconde voiture en stationnement a \u00e9t\u00e9 percut\u00e9e. 11 sapeurs-pompiers sont intervenus.<\/p>\n<p class=\" wall-content\">Personnalisez votre actualit\u00e9 en ajoutant vos villes et m\u00e9dias en favori avec <a href=\"https:\/\/moncompte.actu.fr\" title=\"D\u00e9couvez Mon Actu\" rel=\"nofollow noopener\" data-trk=\"{&quot;cta&quot;:{&quot;action&quot;:&quot;https:\\\/\\\/moncompte.actu.fr&quot;,&quot;category&quot;:&quot;mon compte&quot;,&quot;from&quot;:&quot;article footer&quot;,&quot;name&quot;:&quot;Mon actu&quot;,&quot;type&quot;:&quot;cta&quot;}}\" target=\"_blank\">Mon Actu<\/a>.<\/p>\n","protected":false},"excerpt":{"rendered":"Par Arthur Frand Publi\u00e9 le 6 janv. 2026 \u00e0 13h14 ; mis \u00e0 jour le 6 janv. 2026&hellip;\n","protected":false},"author":2,"featured_media":644850,"comment_status":"","ping_status":"","sticky":false,"template":"","format":"standard","meta":{"footnotes":""},"categories":[2819],"tags":[119,1111,11,3542,1777,674,1011,27,12,2401,1311,882,25,104],"class_list":{"0":"post-644849","1":"post","2":"type-post","3":"status-publish","4":"format-standard","5":"has-post-thumbnail","7":"category-nice","8":"tag-accident","9":"tag-actu","10":"tag-actualites","11":"tag-circulation","12":"tag-eu","13":"tag-europe","14":"tag-fr","15":"tag-france","16":"tag-news","17":"tag-nice","18":"tag-pompiers","19":"tag-provence-alpes-cote-dazur","20":"tag-republique-francaise","21":"tag-societe"},"share_on_mastodon":{"url":"https:\/\/pubeurope.com\/@fr\/115848456668357216","error":""},"_links":{"self":[{"href":"https:\/\/www.europesays.com\/fr\/wp-json\/wp\/v2\/posts\/644849","targetHints":{"allow":["GET"]}}],"collection":[{"href":"https:\/\/www.europesays.com\/fr\/wp-json\/wp\/v2\/posts"}],"about":[{"href":"https:\/\/www.europesays.com\/fr\/wp-json\/wp\/v2\/types\/post"}],"author":[{"embeddable":true,"href":"https:\/\/www.europesays.com\/fr\/wp-json\/wp\/v2\/users\/2"}],"replies":[{"embeddable":true,"href":"https:\/\/www.europesays.com\/fr\/wp-json\/wp\/v2\/comments?post=644849"}],"version-history":[{"count":0,"href":"https:\/\/www.europesays.com\/fr\/wp-json\/wp\/v2\/posts\/644849\/revisions"}],"wp:featuredmedia":[{"embeddable":true,"href":"https:\/\/www.europesays.com\/fr\/wp-json\/wp\/v2\/media\/644850"}],"wp:attachment":[{"href":"https:\/\/www.europesays.com\/fr\/wp-json\/wp\/v2\/media?parent=644849"}],"wp:term":[{"taxonomy":"category","embeddable":true,"href":"https:\/\/www.europesays.com\/fr\/wp-json\/wp\/v2\/categories?post=644849"},{"taxonomy":"post_tag","embeddable":true,"href":"https:\/\/www.europesays.com\/fr\/wp-json\/wp\/v2\/tags?post=644849"}],"curies":[{"name":"wp","href":"https:\/\/api.w.org\/{rel}","templated":true}]}}