{"id":644869,"date":"2026-01-06T13:56:11","date_gmt":"2026-01-06T13:56:11","guid":{"rendered":"https:\/\/www.europesays.com\/fr\/644869\/"},"modified":"2026-01-06T13:56:11","modified_gmt":"2026-01-06T13:56:11","slug":"rhone-un-conteneur-de-chantier-prend-feu-dans-le-7e-arrondissement-de-lyon","status":"publish","type":"post","link":"https:\/\/www.europesays.com\/fr\/644869\/","title":{"rendered":"Rh\u00f4ne. Un conteneur de chantier prend feu dans le 7e arrondissement de Lyon"},"content":{"rendered":"<p>La chute drastique des temp\u00e9ratures ces derniers jours \u00e0 Lyon n\u2019emp\u00eache pas des incendies de se d\u00e9clarer sporadiquement. Comme ce mardi 6\u00a0janvier vers 11h45, \u00e0 l\u2019intersection du boulevard Yves-Farge et de la rue Lortet, dans le 7e arrondissement, o\u00f9 les pompiers sont intervenus afin d\u2019\u00e9teindre un feu qui s\u2019\u00e9tait d\u00e9clar\u00e9 dans un conteneur m\u00e9tallique \u00ab\u00a0de chantier\u00a0\u00bb.<\/p>\n<p>Selon nos informations, un fourgon incendie ainsi que 6 soldats du feu ont \u00e9t\u00e9 d\u00e9p\u00each\u00e9s sur les lieux, \u00e0 proximit\u00e9 d\u2019un parking de l\u2019enseigne DHL. Le feu a \u00e9t\u00e9 rapidement \u00e9teint.<\/p>\n<p>  Un quartier sous surveillance<\/p>\n<p>L\u2019origine du sinistre reste pour l\u2019heure inconnue. Le secteur est r\u00e9guli\u00e8rement point du doigt pour son ins\u00e9curit\u00e9. Au mois de juillet, un campement avait \u00e9t\u00e9 \u00e9vacu\u00e9 par les forces de l\u2019ordre, sans toutefois ramener la qui\u00e9tude aupr\u00e8s des riverains. Ces derniers <a href=\"https:\/\/www.leprogres.fr\/faits-divers-justice\/2025\/07\/25\/avec-l-evacuation-du-camp-yves-farge-les-riverains-du-secteur-restent-preoccupes\" target=\"_blank\" rel=\"noopener\">t\u00e9moignaient aupr\u00e8s de notre journal<\/a> de la subsistance de nombreux va-et-vient suspects.<\/p>\n<p>Ce contenu est bloqu\u00e9 car vous n&rsquo;avez pas accept\u00e9 les cookies et autres traceurs.<\/p>\n<p>En cliquant sur \u00ab J\u2019accepte \u00bb, les cookies et autres traceurs seront d\u00e9pos\u00e9s et vous pourrez visualiser les contenus  (<a href=\"\" class=\"consentModule_policy\" target=\"_blank\" title=\"Consulter la politique de protection des donn\u00e9es du fournisseur\">plus d&rsquo;informations<\/a>).<\/p>\n<p>En cliquant sur \u00ab J\u2019accepte tous les cookies \u00bb, vous autorisez des d\u00e9p\u00f4ts de cookies et autres traceurs pour le stockage de vos donn\u00e9es sur nos sites et applications \u00e0 des fins de personnalisation et de ciblage publicitaire.<\/p>\n<p class=\"consentModule_secondaryText\">Vous gardez la possibilit\u00e9 de retirer votre consentement \u00e0 tout moment en consultant notre <a href=\"https:\/\/www.leprogres.fr\/protection-des-donnees\" target=\"_blank\" title=\"Consulter notre politique de protection des donn\u00e9es\" rel=\"noopener\">politique de protection des donn\u00e9es<\/a>. <br \/>&#13;<br \/>\n            <a href=\"https:\/\/www.leprogres.fr\/faits-divers-justice\/2026\/01\/06\/javascript:Didomi.notice.show()\" class=\"consentModule_cmp\" target=\"_blank\" rel=\"noopener\">G\u00e9rer mes choix<\/a>&#13;\n        <\/p>\n<p>&#13;<br \/>\n                        J&rsquo;accepte&#13;<br \/>\n            J&rsquo;accepte tous les cookies&#13;\n        <\/p>\n<p>En r\u00e9ponse, la Ville de Lyon avait renforc\u00e9 les patrouilles polici\u00e8res et install\u00e9e une cam\u00e9ra de vid\u00e9osurveillance sur le boulevard Yves-Farge.<\/p>\n","protected":false},"excerpt":{"rendered":"La chute drastique des temp\u00e9ratures ces derniers jours \u00e0 Lyon n\u2019emp\u00eache pas des incendies de se d\u00e9clarer sporadiquement.&hellip;\n","protected":false},"author":2,"featured_media":644870,"comment_status":"","ping_status":"","sticky":false,"template":"","format":"standard","meta":{"footnotes":""},"categories":[1889],"tags":[1111,11,2430,2757,1777,674,274,1011,27,1310,2428,5947,5946,12,25,2429],"class_list":{"0":"post-644869","1":"post","2":"type-post","3":"status-publish","4":"format-standard","5":"has-post-thumbnail","7":"category-lyon","8":"tag-actu","9":"tag-actualites","10":"tag-auvergne-rhone-alpes","11":"tag-edition-lyon-villeurbanne","12":"tag-eu","13":"tag-europe","14":"tag-faits-divers-justice","15":"tag-fr","16":"tag-france","17":"tag-incendie","18":"tag-lyon","19":"tag-lyon-7e","20":"tag-lyon-7e-arrondissement","21":"tag-news","22":"tag-republique-francaise","23":"tag-rhone"},"share_on_mastodon":{"url":"https:\/\/pubeurope.com\/@fr\/115848503883234756","error":""},"_links":{"self":[{"href":"https:\/\/www.europesays.com\/fr\/wp-json\/wp\/v2\/posts\/644869","targetHints":{"allow":["GET"]}}],"collection":[{"href":"https:\/\/www.europesays.com\/fr\/wp-json\/wp\/v2\/posts"}],"about":[{"href":"https:\/\/www.europesays.com\/fr\/wp-json\/wp\/v2\/types\/post"}],"author":[{"embeddable":true,"href":"https:\/\/www.europesays.com\/fr\/wp-json\/wp\/v2\/users\/2"}],"replies":[{"embeddable":true,"href":"https:\/\/www.europesays.com\/fr\/wp-json\/wp\/v2\/comments?post=644869"}],"version-history":[{"count":0,"href":"https:\/\/www.europesays.com\/fr\/wp-json\/wp\/v2\/posts\/644869\/revisions"}],"wp:featuredmedia":[{"embeddable":true,"href":"https:\/\/www.europesays.com\/fr\/wp-json\/wp\/v2\/media\/644870"}],"wp:attachment":[{"href":"https:\/\/www.europesays.com\/fr\/wp-json\/wp\/v2\/media?parent=644869"}],"wp:term":[{"taxonomy":"category","embeddable":true,"href":"https:\/\/www.europesays.com\/fr\/wp-json\/wp\/v2\/categories?post=644869"},{"taxonomy":"post_tag","embeddable":true,"href":"https:\/\/www.europesays.com\/fr\/wp-json\/wp\/v2\/tags?post=644869"}],"curies":[{"name":"wp","href":"https:\/\/api.w.org\/{rel}","templated":true}]}}