{"id":644882,"date":"2026-01-06T14:04:11","date_gmt":"2026-01-06T14:04:11","guid":{"rendered":"https:\/\/www.europesays.com\/fr\/644882\/"},"modified":"2026-01-06T14:04:11","modified_gmt":"2026-01-06T14:04:11","slug":"guerre-en-ukraine-un-mepris-total-la-russie-frappe-une-usine-americaine-a-dnipro-300-tonnes-dhuiles-deversees-dans-les-rues","status":"publish","type":"post","link":"https:\/\/www.europesays.com\/fr\/644882\/","title":{"rendered":"Guerre en Ukraine\u00a0: \u00ab\u00a0Un m\u00e9pris total\u00a0\u00bb\u2026 la Russie frappe une usine am\u00e9ricaine \u00e0 Dnipro, 300\u00a0tonnes d\u2019huiles d\u00e9vers\u00e9es dans les rues"},"content":{"rendered":"<p class=\"paragraph text_align_left lp-f-body-02\">\u00ab Je ne comprends pas pourquoi notre propagande reste silencieuse. \u00bb Le coup de gueule du maire sur <a href=\"https:\/\/www.leparisien.fr\/high-tech\/guerre-en-ukraine-comment-lapplication-telegram-est-devenue-incontournable-20-03-2022-S4JRNMDTKRGHTGOOS7XB2W7LMY.php\" target=\"_self\" rel=\"noopener\">Telegram<\/a> n\u2019y changera rien. La ville de Dnipro a \u00e9t\u00e9, une nouvelle fois, vis\u00e9e par <a href=\"https:\/\/www.leparisien.fr\/international\/ukraine\/guerre-en-ukraine-pour-aveugler-les-capteurs-adverses-la-russie-teste-un-dispositif-infrarouge-sur-ses-drones-shahed-05-01-2026-CXLYFIKUY5AJTKNAPGXTH7XYTY.php\" target=\"_self\" rel=\"noopener\">une frappe de drone russe<\/a> ce lundi, causant d\u2019importants d\u00e9g\u00e2ts sur une usine agricole am\u00e9ricaine.<\/p>\n<p class=\"\">\u00ab 300 tonnes d\u2019huile se sont d\u00e9vers\u00e9es, a annonc\u00e9 sur Telegram le maire de la ville <a href=\"https:\/\/www.leparisien.fr\/international\/guerre-en-ukraine-kiev-denonce-le-message-de-terreur-de-moscou-apres-une-attaque-dampleur-sur-dnipro-24-06-2025-L25WQSUMSZBTPOPKRSG3CAMYJU.php\" target=\"_self\" rel=\"noopener\">Borys Filatov<\/a>. Les services municipaux nettoient, r\u00e9pandent du sable et un m\u00e9lange, mais la circulation sur la Naberezhna sera impossible pendant environ 2-3 jours. \u00bb<\/p>\n<p>Des d\u00e9g\u00e2ts \u00ab tr\u00e8s importants \u00bb \u00e0 Kharkiv<\/p>\n<p class=\"\">Selon les premiers \u00e9l\u00e9ments \u00e0 disposition, Moscou a bombard\u00e9 une usine agricole am\u00e9ricaine de la soci\u00e9t\u00e9 Bunge, originaire de Saint-Louis (<a href=\"https:\/\/www.leparisien.fr\/international\/etats-unis\/\" target=\"_self\" rel=\"noopener\">\u00c9tats-Unis<\/a>). Une partie du stock d\u2019huile de l\u2019usine s\u2019est alors d\u00e9vers\u00e9e sur les axes routiers \u00e0 proximit\u00e9. Aucun bless\u00e9 n\u2019a \u00e9t\u00e9 signal\u00e9, selon le chef par int\u00e9rim de l\u2019administration militaire r\u00e9gionale de Dnipropetrovsk, Vladyslav Haivanenko.<\/p>\n<p class=\"\">\u00ab Les attaques de <a href=\"https:\/\/www.leparisien.fr\/international\/vladimir-poutine\/\" target=\"_self\" rel=\"noopener\">Vladimir Poutine<\/a> contre les entreprises et les int\u00e9r\u00eats am\u00e9ricains en <a href=\"https:\/\/www.leparisien.fr\/international\/ukraine\/\" target=\"_self\" rel=\"noopener\">Ukraine<\/a> t\u00e9moignent de son m\u00e9pris total pour les efforts de paix men\u00e9s par le pr\u00e9sident <a href=\"https:\/\/www.leparisien.fr\/international\/etats-unis\/donald-trump\/\" target=\"_self\" rel=\"noopener\">Donald Trump<\/a>, a d\u00e9nonc\u00e9 Andrii Sybiha, ministre des Affaires \u00e9trang\u00e8res d\u2019Ukraine, dans un message publi\u00e9 sur X. C\u2019est pourquoi il est si urgent de faire progresser le processus de paix \u2014 et l\u2019Ukraine est pr\u00eate \u00e0 le faire avancer \u2014 ainsi que de renforcer la d\u00e9fense a\u00e9rienne de l\u2019Ukraine et d\u2019accro\u00eetre la pression des sanctions. \u00bb<\/p>\n<p class=\"title-embed-dailymotion lp-color-text lp-f-subtitle-04\">Vid\u00e9oAu cimeti\u00e8re militaire de Dnipro, les Ukrainiennes pleurent leurs hommes tomb\u00e9s au front<\/p>\n<p class=\"\">Dans le m\u00eame temps, l\u2019arm\u00e9e russe a \u00e9galement men\u00e9 cinq frappes de missiles sur Kharkiv, la deuxi\u00e8me plus grande ville d\u2019Ukraine. Des d\u00e9g\u00e2ts \u00ab tr\u00e8s importants \u00bb ont \u00e9t\u00e9 signal\u00e9s sur des infrastructures \u00e9nerg\u00e9tiques, selon le maire Ihor Terekhov. Au moins un civil a \u00e9t\u00e9 bless\u00e9 lors de l\u2019attaque.<\/p>\n","protected":false},"excerpt":{"rendered":"\u00ab Je ne comprends pas pourquoi notre propagande reste silencieuse. \u00bb Le coup de gueule du maire sur&hellip;\n","protected":false},"author":2,"featured_media":276490,"comment_status":"","ping_status":"","sticky":false,"template":"","format":"standard","meta":{"footnotes":""},"categories":[1591],"tags":[11,1887,14,12,1885,1886,132,220],"class_list":{"0":"post-644882","1":"post","2":"type-post","3":"status-publish","4":"format-standard","5":"has-post-thumbnail","7":"category-russie","8":"tag-actualites","9":"tag-federation-de-russie","10":"tag-international","11":"tag-news","12":"tag-russia","13":"tag-russian-federation","14":"tag-russie","15":"tag-ukraine"},"share_on_mastodon":{"url":"https:\/\/pubeurope.com\/@fr\/115848535377585509","error":""},"_links":{"self":[{"href":"https:\/\/www.europesays.com\/fr\/wp-json\/wp\/v2\/posts\/644882","targetHints":{"allow":["GET"]}}],"collection":[{"href":"https:\/\/www.europesays.com\/fr\/wp-json\/wp\/v2\/posts"}],"about":[{"href":"https:\/\/www.europesays.com\/fr\/wp-json\/wp\/v2\/types\/post"}],"author":[{"embeddable":true,"href":"https:\/\/www.europesays.com\/fr\/wp-json\/wp\/v2\/users\/2"}],"replies":[{"embeddable":true,"href":"https:\/\/www.europesays.com\/fr\/wp-json\/wp\/v2\/comments?post=644882"}],"version-history":[{"count":0,"href":"https:\/\/www.europesays.com\/fr\/wp-json\/wp\/v2\/posts\/644882\/revisions"}],"wp:featuredmedia":[{"embeddable":true,"href":"https:\/\/www.europesays.com\/fr\/wp-json\/wp\/v2\/media\/276490"}],"wp:attachment":[{"href":"https:\/\/www.europesays.com\/fr\/wp-json\/wp\/v2\/media?parent=644882"}],"wp:term":[{"taxonomy":"category","embeddable":true,"href":"https:\/\/www.europesays.com\/fr\/wp-json\/wp\/v2\/categories?post=644882"},{"taxonomy":"post_tag","embeddable":true,"href":"https:\/\/www.europesays.com\/fr\/wp-json\/wp\/v2\/tags?post=644882"}],"curies":[{"name":"wp","href":"https:\/\/api.w.org\/{rel}","templated":true}]}}