{"id":644887,"date":"2026-01-06T14:07:10","date_gmt":"2026-01-06T14:07:10","guid":{"rendered":"https:\/\/www.europesays.com\/fr\/644887\/"},"modified":"2026-01-06T14:07:10","modified_gmt":"2026-01-06T14:07:10","slug":"le-royaume-uni-souhaite-mettre-en-service-son-75e-f-35-dici-2033-business-am","status":"publish","type":"post","link":"https:\/\/www.europesays.com\/fr\/644887\/","title":{"rendered":"Le Royaume-Uni souhaite mettre en service son 75e F-35 d&rsquo;ici 2033 &#8211; Business AM"},"content":{"rendered":"<p>Principaux renseignements<\/p>\n<ul class=\"wp-block-list\">\n<li><strong>Le gouvernement britannique pr\u00e9voit de mettre en service son 75e avion F-35 Lightning d\u2019ici la fin 2033.<\/strong><\/li>\n<li><strong>Cette acquisition consolide le F-35 en tant que fondement de la capacit\u00e9 de frappe des porte-avions du Royaume-Uni, lui permettant de projeter sa puissance a\u00e9rienne en mer.<\/strong><\/li>\n<li><strong>Le calendrier de livraison sur plusieurs d\u00e9cennies permet d\u2019int\u00e9grer les avanc\u00e9es technologiques en cours dans la flotte de F-35.<\/strong><\/li>\n<\/ul>\n<p>Le Royaume-Uni a pr\u00e9sent\u00e9 son calendrier de livraison \u00e0 long terme pour les avions F-35 Lightning.  Dans une r\u00e9cente r\u00e9ponse parlementaire, le gouvernement britannique a confirm\u00e9 qu\u2019il pr\u00e9voyait de recevoir son 75e F-35 d\u2019ici la fin de l\u2019ann\u00e9e 2033.<\/p>\n<p>Au moins 74 F-35<\/p>\n<p>Ce calendrier prolonge le plan d\u2019acquisition initial et confirme l\u2019engagement du Royaume-Uni en faveur de l\u2019avion de combat de cinqui\u00e8me g\u00e9n\u00e9ration en tant que pierre angulaire de sa capacit\u00e9 de frappe sur porte-avions. Le F-35 Lightning II est exploit\u00e9 conjointement par la Royal Air Force et la Royal Navy, avec une base principale \u00e0 RAF Marham et des d\u00e9ploiements de routine \u00e0 bord des porte-avions de la classe Queen Elizabeth.<\/p>\n<p>Le plan actuel du Royaume-Uni pr\u00e9voit l\u2019acquisition d\u2019au moins 74 F-35, avec la possibilit\u00e9 d\u2019achats suppl\u00e9mentaires \u00e0 l\u2019avenir. L\u2019accent reste mis sur l\u2019ach\u00e8vement de la premi\u00e8re tranche de livraisons avant de prendre des d\u00e9cisions concernant d\u2019autres acquisitions.<\/p>\n<p>Premi\u00e8re livraison<\/p>\n<p>En novembre 2025, le Royaume-Uni avait re\u00e7u 41 F-35, l\u2019objectif \u00e9tant d\u2019en recevoir 48 d\u2019ici la fin de l\u2019ann\u00e9e. Ces jets constituent le noyau de la force de frappe porte-avions op\u00e9rationnelle pr\u00e9coce.<\/p>\n<p>Le calendrier de livraison refl\u00e8te la nature plurid\u00e9cennale du programme F-35. Les avions livr\u00e9s au cours des ann\u00e9es suivantes int\u00e9greront probablement des avanc\u00e9es mat\u00e9rielles et logicielles au fur et \u00e0 mesure de l\u2019\u00e9volution de la plateforme.<\/p>\n<p>Les <a href=\"https:\/\/fr.businessam.be\/lockheed-martin-recoit-17-milliard-de-dollars-du-gouvernement-americain-malgre-la-mauvaise-preparation-du-f-35\/\" target=\"_blank\" rel=\"noopener\">livraisons<\/a> au-del\u00e0 des 48 appareils initiaux se poursuivront r\u00e9guli\u00e8rement tout au long des ann\u00e9es 2030, ce qui permettra \u00e0 la flotte de se rapprocher progressivement de l\u2019engagement de 74 appareils et d\u2019atteindre le 75e appareil d\u2019ici \u00e0 2033.<\/p>\n<p>Projeter la puissance a\u00e9rienne en mer<\/p>\n<p>Le Royaume-Uni exploite la variante \u00e0 d\u00e9collage court et atterrissage vertical (F-35B), qui permet d\u2019op\u00e9rer \u00e0 partir de porte-avions sans catapulte ni dispositif d\u2019arr\u00eat. Cette capacit\u00e9 est cruciale pour la projection de la puissance a\u00e9rienne en mer et le soutien des op\u00e9rations de l\u2019OTAN.<\/p>\n<p>Le programme F-35 renforce consid\u00e9rablement les capacit\u00e9s a\u00e9riennes de combat de la RAF et l\u2019aviation embarqu\u00e9e de la Royal Navy. Les pilotes et les responsables de la maintenance sont issus des deux arm\u00e9es, ce qui garantit une disponibilit\u00e9 op\u00e9rationnelle conjointe. Les avions ont d\u00e9j\u00e0 \u00e9t\u00e9 d\u00e9ploy\u00e9s dans divers sc\u00e9narios, notamment lors d\u2019exercices multinationaux, d\u2019op\u00e9rations de groupes d\u2019attaque de porte-avions et de missions r\u00e9elles en Europe, en M\u00e9diterran\u00e9e et dans l\u2019Indo-Pacifique.<\/p>\n<p><a href=\"https:\/\/news.google.com\/publications\/CAowtseUCw?hl=fr&amp;gl=BE&amp;ceid=BE%3Afr\" target=\"_blank\" rel=\"noopener\">Suivez \u00e9galement Business AM sur Google Actualit\u00e9s<\/a><\/p>\n<p><a href=\"https:\/\/portalfr.businessam.be\/plans\/business-am-fr-offre-dete\/\" target=\"_blank\" rel=\"noopener\">Si vous souhaitez acc\u00e9der \u00e0 tous les articles, abonnez-vous ici!<\/a><\/p>\n","protected":false},"excerpt":{"rendered":"Principaux renseignements Le gouvernement britannique pr\u00e9voit de mettre en service son 75e avion F-35 Lightning d\u2019ici la fin&hellip;\n","protected":false},"author":2,"featured_media":644888,"comment_status":"","ping_status":"","sticky":false,"template":"","format":"standard","meta":{"footnotes":""},"categories":[1588],"tags":[11,1777,674,21858,12,695,27937,473,1853,1851,1850,1852],"class_list":{"0":"post-644887","1":"post","2":"type-post","3":"status-publish","4":"format-standard","5":"has-post-thumbnail","7":"category-royaume-uni","8":"tag-actualites","9":"tag-eu","10":"tag-europe","11":"tag-f-35","12":"tag-news","13":"tag-royal-air-force","14":"tag-royal-navy","15":"tag-royaume-uni","16":"tag-royaume-uni-de-grande-bretagne-et-dirlande-du-nord","17":"tag-uk","18":"tag-united-kingdom","19":"tag-united-kingdom-of-great-britain-and-northern-ireland"},"share_on_mastodon":{"url":"https:\/\/pubeurope.com\/@fr\/115848547099242941","error":""},"_links":{"self":[{"href":"https:\/\/www.europesays.com\/fr\/wp-json\/wp\/v2\/posts\/644887","targetHints":{"allow":["GET"]}}],"collection":[{"href":"https:\/\/www.europesays.com\/fr\/wp-json\/wp\/v2\/posts"}],"about":[{"href":"https:\/\/www.europesays.com\/fr\/wp-json\/wp\/v2\/types\/post"}],"author":[{"embeddable":true,"href":"https:\/\/www.europesays.com\/fr\/wp-json\/wp\/v2\/users\/2"}],"replies":[{"embeddable":true,"href":"https:\/\/www.europesays.com\/fr\/wp-json\/wp\/v2\/comments?post=644887"}],"version-history":[{"count":0,"href":"https:\/\/www.europesays.com\/fr\/wp-json\/wp\/v2\/posts\/644887\/revisions"}],"wp:featuredmedia":[{"embeddable":true,"href":"https:\/\/www.europesays.com\/fr\/wp-json\/wp\/v2\/media\/644888"}],"wp:attachment":[{"href":"https:\/\/www.europesays.com\/fr\/wp-json\/wp\/v2\/media?parent=644887"}],"wp:term":[{"taxonomy":"category","embeddable":true,"href":"https:\/\/www.europesays.com\/fr\/wp-json\/wp\/v2\/categories?post=644887"},{"taxonomy":"post_tag","embeddable":true,"href":"https:\/\/www.europesays.com\/fr\/wp-json\/wp\/v2\/tags?post=644887"}],"curies":[{"name":"wp","href":"https:\/\/api.w.org\/{rel}","templated":true}]}}