{"id":644899,"date":"2026-01-06T14:13:21","date_gmt":"2026-01-06T14:13:21","guid":{"rendered":"https:\/\/www.europesays.com\/fr\/644899\/"},"modified":"2026-01-06T14:13:21","modified_gmt":"2026-01-06T14:13:21","slug":"des-vents-violents-jusqua-140-km-h-a-quoi-sattendre","status":"publish","type":"post","link":"https:\/\/www.europesays.com\/fr\/644899\/","title":{"rendered":"des vents violents jusqu&rsquo;\u00e0 140 km\/h, \u00e0 quoi s&rsquo;attendre"},"content":{"rendered":"<p>                    Par<br \/>\n        <strong><br \/>\n            <a href=\"https:\/\/actu.fr\/auteur\/mathieu-alfonsi\" title=\"Consulter tous les articles de Mathieu Alfonsi\" target=\"_blank\" rel=\"noopener\">Mathieu Alfonsi<\/a><br \/>\n                    <\/strong><\/p>\n<p>        Publi\u00e9 le<\/p>\n<p>            6 janv. 2026 \u00e0 13h46        <\/p>\n<p>La<a href=\"https:\/\/actu.fr\/meteo\/une-tempete-a-venir-cette-semaine-les-modeles-meteo-anticipent-un-gros-coup-de-vent-en-france_63648556.html\" target=\"_blank\" rel=\"noopener\"> temp\u00eate \u00e9tait probable<\/a>, elle est d\u00e9sormais certaine, et a un nom. La d\u00e9pression attendue jeudi\u00a08 et vendredi 9\u00a0janvier \u2013 qui va nous apporter un temps bien diff\u00e9rent sur tout le pays \u2013 a \u00e9t\u00e9 nomm\u00e9e <strong>temp\u00eate Goretti<\/strong> par M\u00e9t\u00e9o France, ce mardi 6\u00a0janvier 2026. Des vents violents, voire tr\u00e8s violents, sont attendus sur une partie du pays.<\/p>\n<p>O\u00f9 \u00e7a va souffler (tr\u00e8s) fort<\/p>\n<p class=\" wall-content\">Dans l\u2019apr\u00e8s-midi de jeudi, elle s\u2019approchera de la Bretagne avant de circuler en Manche puis vers les Hauts-de-France au cours de la nuit. Elle sera accompagn\u00e9e \u00ab\u2009de <strong>tr\u00e8s <\/strong><strong>fortes rafales de vent sur une large moiti\u00e9 nord du pays<\/strong>, voire violentes sur le littoral de la Manche\u2009\u00bb, selon l\u2019organisme de pr\u00e9vision national.<\/p>\n<p class=\" wall-content\">Pr\u00e9visions de vent selon le mod\u00e8le Arome\u2009:<\/p>\n<p class=\" wall-content\"><img decoding=\"async\" src=\"https:\/\/www.europesays.com\/fr\/wp-content\/uploads\/2026\/01\/animmtq2.gif\" loading=\"lazy\"\/><\/p>\n<p class=\" wall-content\">Selon le m\u00e9t\u00e9orologue Yann Amice, contact\u00e9 par actu.fr, \u00ab\u2009le niveau de rafale le plus fort se dessine en Manche <strong>\u00e0 130 ou 140\u00a0km\/h<\/strong>.\u2009\u00bb Il ajoute\u2009: \u00ab\u2009Mais localement, on pourrait observer nettement plus selon certains mod\u00e8les m\u00e9t\u00e9o\u2009\u00bb. Cela d\u00e9pendra notamment \u00ab\u2009de la position du centre de la d\u00e9pression lorsqu\u2019elle traverse la Manche\u2009\u00bb.<\/p>\n<p class=\" wall-content\">Dans les autres r\u00e9gions touch\u00e9es par la temp\u00eate Goretti, l\u00e0 aussi, le vent soufflera tr\u00e8s fort. Les rafales atteindront jeudi soir <strong>120 voire 140\u00a0km\/h dans l\u2019ouest de la Bretagne<\/strong>, sur les caps les plus expos\u00e9s. Sur les reliefs des monts d\u2019Arr\u00e9e, les rafales souffleront entre 110 et 120\u00a0km\/h, et 80 et 90\u00a0km\/h sur le bassin rennais.<\/p>\n<p class=\" wall-content\">Les c\u00f4tes devraient \u00eatre touch\u00e9es <strong>par de fortes vagues<\/strong>. La pr\u00e9fecture maritime de <a href=\"https:\/\/actu.fr\/meteo\/un-avis-de-tempete-de-fortes-rafales-de-vent-et-une-mer-agitee-annoncees-au-large-de-la-manche_63656717.html\" target=\"_blank\" rel=\"noopener\">la Manche<\/a> et de la mer du Nord invite ainsi les usagers de la mer \u00e0 la plus grande prudence.<\/p>\n<p class=\" wall-content\">\n<p class=\" wall-content\">Le vent commencera \u00e0 s\u2019att\u00e9nuer le vendredi matin, bien que \u00ab\u2009le temps restera encore bien agit\u00e9\u2009\u00bb.<\/p>\n<p>Votre r\u00e9gion, votre actu !<\/p>\n<p>Recevez chaque jour les infos qui comptent pour vous.<\/p>\n<p>\t<a href=\"https:\/\/actu.fr\/newsletter\" class=\"ac-btn ac-btn--corner ac-btn--medium ac-btn--blue800\" target=\"_blank\" rel=\"noopener\">S&rsquo;incrire<\/a><br \/>\nMais aussi de la neige<\/p>\n<p class=\" wall-content\">Pour couronner le tout, avant le passage de cette <a href=\"https:\/\/actu.fr\/meteo\/apres-la-neige-le-temps-va-basculer-dans-les-prochains-jours-une-tempete-pourrait-frapper-la-france_63651939.html\" target=\"_blank\" rel=\"noopener\">temp\u00eate Goretti<\/a>, c\u2019est<strong> une nouvelle perturbation neigeuse qui est pr\u00e9vue<\/strong>. \u00ab\u2009Au contact de l\u2019air froid, de <strong>nouvelles chutes de neige et pluies vergla\u00e7antes<\/strong> jusqu\u2019en plaine ne sont pas exclues sur une large moiti\u00e9 est du pays\u2009\u00bb, pr\u00e9vient M\u00e9t\u00e9o France.<\/p>\n<p class=\" wall-content\">\u00ab\u2009Dans les vall\u00e9es alpines, ainsi que sur le relief alpin et du Massif Central, les chutes de <a href=\"https:\/\/actu.fr\/tag\/neige\" target=\"_blank\" rel=\"noopener\">neige<\/a> pourraient \u00eatre significatives\u2009\u00bb, pr\u00e9vient m\u00eame l\u2019organisme m\u00e9t\u00e9o.<\/p>\n<p class=\" wall-content\">Pr\u00e9visions de pr\u00e9cipitations de neige selon le mod\u00e8le Arome\u2009:<\/p>\n<p class=\" wall-content\"><img decoding=\"async\" src=\"https:\/\/www.europesays.com\/fr\/wp-content\/uploads\/2026\/01\/animwwj9.gif\" loading=\"lazy\"\/><\/p>\n<p class=\" wall-content\">Samedi et dimanche \u00ab\u00a0le risque de neige en plaine reste pr\u00e9sent, notamment sur le nord-est du pays ou plusieurs centim\u00e8tres sont possibles\u00a0\u00bb, pr\u00e9cise M\u00e9t\u00e9o France, indiquant que \u00ab\u00a0l\u2019\u00e9paisseur de neige pourra \u00eatre importante jusqu\u2019\u00e0 une altitude assez basse au pied des<br \/>Pyr\u00e9n\u00e9es samedi\u00a0\u00bb.<\/p>\n<p class=\" wall-content\">Personnalisez votre actualit\u00e9 en ajoutant vos villes et m\u00e9dias en favori avec <a href=\"https:\/\/moncompte.actu.fr\" title=\"D\u00e9couvez Mon Actu\" rel=\"nofollow noopener\" data-trk=\"{&quot;cta&quot;:{&quot;action&quot;:&quot;https:\\\/\\\/moncompte.actu.fr&quot;,&quot;category&quot;:&quot;mon compte&quot;,&quot;from&quot;:&quot;article footer&quot;,&quot;name&quot;:&quot;Mon actu&quot;,&quot;type&quot;:&quot;cta&quot;}}\" target=\"_blank\">Mon Actu<\/a>.<\/p>\n","protected":false},"excerpt":{"rendered":"Par Mathieu Alfonsi Publi\u00e9 le 6 janv. 2026 \u00e0 13h46 La temp\u00eate \u00e9tait probable, elle est d\u00e9sormais certaine,&hellip;\n","protected":false},"author":2,"featured_media":582713,"comment_status":"","ping_status":"","sticky":false,"template":"","format":"standard","meta":{"footnotes":""},"categories":[4],"tags":[11,1011,27,2487,2357,12,25],"class_list":{"0":"post-644899","1":"post","2":"type-post","3":"status-publish","4":"format-standard","5":"has-post-thumbnail","7":"category-france","8":"tag-actualites","9":"tag-fr","10":"tag-france","11":"tag-meteo","12":"tag-meteo-france","13":"tag-news","14":"tag-republique-francaise"},"share_on_mastodon":{"url":"https:\/\/pubeurope.com\/@fr\/115848570747290894","error":""},"_links":{"self":[{"href":"https:\/\/www.europesays.com\/fr\/wp-json\/wp\/v2\/posts\/644899","targetHints":{"allow":["GET"]}}],"collection":[{"href":"https:\/\/www.europesays.com\/fr\/wp-json\/wp\/v2\/posts"}],"about":[{"href":"https:\/\/www.europesays.com\/fr\/wp-json\/wp\/v2\/types\/post"}],"author":[{"embeddable":true,"href":"https:\/\/www.europesays.com\/fr\/wp-json\/wp\/v2\/users\/2"}],"replies":[{"embeddable":true,"href":"https:\/\/www.europesays.com\/fr\/wp-json\/wp\/v2\/comments?post=644899"}],"version-history":[{"count":0,"href":"https:\/\/www.europesays.com\/fr\/wp-json\/wp\/v2\/posts\/644899\/revisions"}],"wp:featuredmedia":[{"embeddable":true,"href":"https:\/\/www.europesays.com\/fr\/wp-json\/wp\/v2\/media\/582713"}],"wp:attachment":[{"href":"https:\/\/www.europesays.com\/fr\/wp-json\/wp\/v2\/media?parent=644899"}],"wp:term":[{"taxonomy":"category","embeddable":true,"href":"https:\/\/www.europesays.com\/fr\/wp-json\/wp\/v2\/categories?post=644899"},{"taxonomy":"post_tag","embeddable":true,"href":"https:\/\/www.europesays.com\/fr\/wp-json\/wp\/v2\/tags?post=644899"}],"curies":[{"name":"wp","href":"https:\/\/api.w.org\/{rel}","templated":true}]}}