{"id":644910,"date":"2026-01-06T14:24:17","date_gmt":"2026-01-06T14:24:17","guid":{"rendered":"https:\/\/www.europesays.com\/fr\/644910\/"},"modified":"2026-01-06T14:24:17","modified_gmt":"2026-01-06T14:24:17","slug":"cest-incroyablement-beau-les-plus-belles-images-de-lile-de-france-sous-la-neige","status":"publish","type":"post","link":"https:\/\/www.europesays.com\/fr\/644910\/","title":{"rendered":"\u00ab\u00a0C\u2019est incroyablement beau\u00a0\u00bb\u00a0: les plus belles images de l\u2019\u00cele-de-France sous la neige"},"content":{"rendered":"<p class=\"paragraph text_align_left lp-f-body-02\">\u00ab Direct sur Instagram \u00bb. Aux abords du bucolique lac des Ibis, au V\u00e9sinet (Yvelines), sortir le smartphone pour immortaliser la \u00ab ville-parc \u00bb est l\u2019activit\u00e9 num\u00e9ro un ce mardi, au lendemain <a href=\"https:\/\/www.leparisien.fr\/meteo\/direct-neige-et-verglas-levenement-a-ete-un-peu-sous-evalue-par-meteo-france-estime-le-ministre-des-transports-philippe-tabarot-06-01-2026-ZVBDCIV4DFF5PMBZZWGN4Z72MY.php\" target=\"_self\" rel=\"noopener\">des importantes chutes de neige<\/a> qui ont touch\u00e9 l\u2019\u00cele-de-France.<\/p>\n<p class=\"\">Difficile en effet de r\u00e9sister devant les arbres enneig\u00e9s et ce lever de soleil \u00ab qui donne l\u2019impression que le temps s\u2019est fig\u00e9 \u00bb, fait remarquer cette promeneuse en encha\u00eenant les clich\u00e9s. \u00ab Il faut dire que c\u2019est incroyablement beau \u00bb, fait \u00e9galement remarquer ce trentenaire coiff\u00e9 d\u2019une chapka, gros zoom en bandouli\u00e8re.<\/p>\n<p><img decoding=\"async\" class=\"image \" loading=\"lazy\" src=\"https:\/\/www.europesays.com\/fr\/wp-content\/uploads\/2026\/01\/TN4XRZBRVVGOFL3JZP6CDM77TA.jpg\" alt=\"Le V\u00e9sinet : journ\u00e9e blanche ce mardi matin au bord du lac de la commune cossue\" align=\"\" data-rubrique-principale=\"\" data-article-type=\"\" fetchpriority=\"auto\"\/>Le V\u00e9sinet : journ\u00e9e blanche ce mardi matin au bord du lac de la commune cossue<\/p>\n<p class=\"\">Difficile aussi de r\u00e9sister \u00e0 une bataille de boule de neige pour ces enfants gard\u00e9s \u00e0 la maison, faute de professeur. \u00ab De toute fa\u00e7on, j\u2019avais pr\u00e9vu de les garder \u00bb, explique la maman de cette fratrie scolaris\u00e9e \u00e0 Saint-Germain-en-Laye : \u00ab Je ne me voyais pas grimper l\u00e0-haut dans ces conditions. \u00bb<\/p>\n<p class=\"\">Dur enfin pour les nombreux chiens sortis pour leur promenade matinale de ne pas se rouler dans la poudreuse. \u00ab C\u2019est son \u00e9l\u00e9ment \u00bb, fait remarquer la ma\u00eetresse d\u2019un bouvier bernois visiblement \u00e9panoui.<\/p>\n<p class=\"\">Pour promener le leur, Michel et Sylviane ont d\u00e9cid\u00e9 de\u2026 sortir les skis de fond. \u00ab On les ram\u00e8ne de la montagne \u00e0 chaque fois et on les sort \u00e0 l\u2019occasion, sourit cet habitu\u00e9 des pistes du Jura. C\u2019est quand m\u00eame sympa de se balader comme \u00e7a\u2026 \u00bb D\u2019autres ont sorti les skis alpins, comme \u00e0 Houdan (Yvelines).<\/p>\n<p><img decoding=\"async\" class=\"image \" loading=\"lazy\" src=\"https:\/\/www.europesays.com\/fr\/wp-content\/uploads\/2026\/01\/4U4MLXCYLBHG3CXMWREQOAGY4A.jpg\" alt=\"Versailles. LP\/V\u00e9ronique Beaugrand\" align=\"\" data-rubrique-principale=\"\" data-article-type=\"\" fetchpriority=\"auto\"\/>Versailles. LP\/V\u00e9ronique Beaugrand<\/p>\n<p class=\"\">Partout en \u00cele-de-France, on immortalise des images faisant penser que l\u2019on est \u00e0 la montagne. Y compris dans les jardins embl\u00e9matiques du ch\u00e2teau de Versailles ou aux abords de celui de Vaux-le-Vicomte (Seine-et-Marne).<\/p>\n<p><img decoding=\"async\" class=\"image \" loading=\"lazy\" src=\"https:\/\/www.europesays.com\/fr\/wp-content\/uploads\/2026\/01\/4KOAWEJGXJDBXEPHICMVZOZK2M.jpg\" alt=\"Versailles. LP\/V\u00e9ronique Beaugrand\" align=\"\" data-rubrique-principale=\"\" data-article-type=\"\" fetchpriority=\"auto\"\/>Versailles. LP\/V\u00e9ronique Beaugrand<img decoding=\"async\" class=\"image \" loading=\"lazy\" src=\"https:\/\/www.europesays.com\/fr\/wp-content\/uploads\/2026\/01\/IC7JAFQ5TNDWTI2RN4DRFQ6GV4.jpg\" alt=\"Ch\u00e2teau de Vaux-le-Vicomte. LP\/Christophe Lacaze-Eslous&#10;\" align=\"\" data-rubrique-principale=\"\" data-article-type=\"\" fetchpriority=\"auto\"\/>Ch\u00e2teau de Vaux-le-Vicomte. LP\/Christophe Lacaze-Eslous<\/p>\n<p class=\"\">Plus au nord, \u00e0 Cergy, la perspective de l\u2019Axe majeur a pris des airs alpins.<\/p>\n<p><img decoding=\"async\" class=\"image \" loading=\"lazy\" src=\"https:\/\/www.europesays.com\/fr\/wp-content\/uploads\/2026\/01\/BZYLKRJABJH2ZDH6N2NZBKEUB4.jpg\" alt=\"Cergy. LP\/Christophe Lefevre\" align=\"\" data-rubrique-principale=\"\" data-article-type=\"\" fetchpriority=\"auto\"\/>Cergy. LP\/Christophe Lefevre<img decoding=\"async\" class=\"image \" loading=\"lazy\" src=\"https:\/\/www.europesays.com\/fr\/wp-content\/uploads\/2026\/01\/RVL4JH5FIRFLFD3IWVMADIPAHA.jpg\" alt=\"Cergy. LP\/Christophe Lefevre\" align=\"\" data-rubrique-principale=\"\" data-article-type=\"\" fetchpriority=\"auto\"\/>Cergy. LP\/Christophe Lefevre<img decoding=\"async\" class=\"image \" loading=\"lazy\" src=\"https:\/\/www.europesays.com\/fr\/wp-content\/uploads\/2026\/01\/V35S6TISTRBJ7BPEOMNKFRAP2I.jpg\" alt=\"Cergy. LP\/Christophe Lefevre\" align=\"\" data-rubrique-principale=\"\" data-article-type=\"\" fetchpriority=\"auto\"\/>Cergy. LP\/Christophe Lefevre<\/p>\n<p class=\"\">\u00c0 l\u2019autre bout de l\u2019\u00cele-de-France, en Seine-et-Marne, certains secteurs r\u00e9sidentiels ont l\u2019allure de stations de ski, comme \u00e0 Pontault-Combault, voire de port scandinave comme \u00e0 Melun. Paris a, mardi apr\u00e8s-midi, pris une couleur quasi sib\u00e9rienne.<\/p>\n<p><img decoding=\"async\" class=\"image \" loading=\"lazy\" src=\"https:\/\/www.europesays.com\/fr\/wp-content\/uploads\/2026\/01\/3RNHF5PK5JB6RHXNWKDZMXSA7Q.jpg\" alt=\"La neige dans les rues de Pontault-Combault. LP\/S\u00e9bastien Blond\u00e9\" align=\"\" data-rubrique-principale=\"\" data-article-type=\"\" fetchpriority=\"auto\"\/>La neige dans les rues de Pontault-Combault. LP\/S\u00e9bastien Blond\u00e9<img decoding=\"async\" class=\"image \" loading=\"lazy\" src=\"https:\/\/www.europesays.com\/fr\/wp-content\/uploads\/2026\/01\/GENTTS6G6NAVXLYI7PWQSUO57E.jpg\" alt=\"Melun. LP\/Christophe Lacaze-Eslous&#10;\" align=\"\" data-rubrique-principale=\"\" data-article-type=\"\" fetchpriority=\"auto\"\/>Melun. LP\/Christophe Lacaze-Eslous<img decoding=\"async\" class=\"image \" loading=\"lazy\" src=\"https:\/\/www.europesays.com\/fr\/wp-content\/uploads\/2026\/01\/SZA3LVKA3VE4FPY4LLBVGM6SGU.jpg\" alt=\"Paris. LP\/Arnaud Dumontier\" align=\"\" data-rubrique-principale=\"\" data-article-type=\"\" fetchpriority=\"auto\"\/>Paris. LP\/Arnaud Dumontier <\/p>\n<p class=\"\">Mardi apr\u00e8s-midi, d\u2019importantes chutes de neige ont couvert toute la r\u00e9gion de blanc, provoquant pour certains <a href=\"https:\/\/www.leparisien.fr\/info-paris-ile-de-france-oise\/transports\/neige-en-ile-de-france-circulation-difficile-sur-les-routes-un-homme-meurt-dans-un-accident-05-01-2026-ZBQAUPL3MZEHVO4F76MYC44NTM.php\" target=\"_blank\" rel=\"noreferrer noopener\">des gal\u00e8res sur les routes<\/a>, avec plusieurs axes bouch\u00e9s et des accidents mortels, ou <a href=\"https:\/\/www.leparisien.fr\/info-paris-ile-de-france-oise\/transports\/ah-ca-y-est-ca-commence-gare-saint-lazare-des-voyageurs-bloques-a-cause-de-la-neige-05-01-2026-EBGYCNU7SVHMTO25W72P74IQGA.php\" target=\"_blank\" rel=\"noreferrer noopener\">dans les transports en commun<\/a>. \u00ab Je roule \u00e0 2 \u00e0 l\u2019heure sinon je vais tomber \u00bb, souligne Hom, crois\u00e9 au guidon de sa trottinette \u00e9lectrique \u00e0 Juvisy-sur-Orge (Essonne). \u00c0 chaque acc\u00e9l\u00e9ration, sa roue arri\u00e8re patine.<\/p>\n<p><img decoding=\"async\" class=\"image \" loading=\"lazy\" src=\"https:\/\/www.europesays.com\/fr\/wp-content\/uploads\/2026\/01\/6LQBPVCLTFDXJOJV2Z72NHBGAI.jpg\" alt=\"Juvisy-sur-Orge, lundi 5\u00a0janvier 2026. LP\/Sylvain Deleuze\" align=\"\" data-rubrique-principale=\"\" data-article-type=\"\" fetchpriority=\"auto\"\/>Juvisy-sur-Orge, lundi 5\u00a0janvier 2026. LP\/Sylvain Deleuze<\/p>\n<p class=\"\">M\u00e9t\u00e9o France <a href=\"https:\/\/www.leparisien.fr\/meteo\/direct-neige-et-verglas-levenement-a-ete-un-peu-sous-evalue-par-meteo-france-estime-le-ministre-des-transports-philippe-tabarot-06-01-2026-ZVBDCIV4DFF5PMBZZWGN4Z72MY.php\" target=\"_blank\" rel=\"noreferrer noopener\">a lev\u00e9 ce mardi matin la vigilance orange<\/a> neige et verglas qui \u00e9tait en vigueur dans 26 d\u00e9partements, dont ceux de l\u2019\u00cele-de-France et l\u2019Oise. De nouvelles chutes de neige ne sont toutefois pas \u00e0 exclure dans la nuit de ce mardi \u00e0 ce mercredi.<\/p>\n","protected":false},"excerpt":{"rendered":"\u00ab Direct sur Instagram \u00bb. Aux abords du bucolique lac des Ibis, au V\u00e9sinet (Yvelines), sortir le smartphone&hellip;\n","protected":false},"author":2,"featured_media":644911,"comment_status":"","ping_status":"","sticky":false,"template":"","format":"standard","meta":{"footnotes":""},"categories":[1358],"tags":[1348,1384,1385,1386,58,59,1011,27,1944,1938],"class_list":{"0":"post-644910","1":"post","2":"type-post","3":"status-publish","4":"format-standard","5":"has-post-thumbnail","7":"category-arts-et-design","8":"tag-arts","9":"tag-arts-and-design","10":"tag-arts-et-design","11":"tag-design","12":"tag-divertissement","13":"tag-entertainment","14":"tag-fr","15":"tag-france","16":"tag-ma-ville","17":"tag-yvelines"},"share_on_mastodon":{"url":"https:\/\/pubeurope.com\/@fr\/115848614395133297","error":""},"_links":{"self":[{"href":"https:\/\/www.europesays.com\/fr\/wp-json\/wp\/v2\/posts\/644910","targetHints":{"allow":["GET"]}}],"collection":[{"href":"https:\/\/www.europesays.com\/fr\/wp-json\/wp\/v2\/posts"}],"about":[{"href":"https:\/\/www.europesays.com\/fr\/wp-json\/wp\/v2\/types\/post"}],"author":[{"embeddable":true,"href":"https:\/\/www.europesays.com\/fr\/wp-json\/wp\/v2\/users\/2"}],"replies":[{"embeddable":true,"href":"https:\/\/www.europesays.com\/fr\/wp-json\/wp\/v2\/comments?post=644910"}],"version-history":[{"count":0,"href":"https:\/\/www.europesays.com\/fr\/wp-json\/wp\/v2\/posts\/644910\/revisions"}],"wp:featuredmedia":[{"embeddable":true,"href":"https:\/\/www.europesays.com\/fr\/wp-json\/wp\/v2\/media\/644911"}],"wp:attachment":[{"href":"https:\/\/www.europesays.com\/fr\/wp-json\/wp\/v2\/media?parent=644910"}],"wp:term":[{"taxonomy":"category","embeddable":true,"href":"https:\/\/www.europesays.com\/fr\/wp-json\/wp\/v2\/categories?post=644910"},{"taxonomy":"post_tag","embeddable":true,"href":"https:\/\/www.europesays.com\/fr\/wp-json\/wp\/v2\/tags?post=644910"}],"curies":[{"name":"wp","href":"https:\/\/api.w.org\/{rel}","templated":true}]}}