{"id":644912,"date":"2026-01-06T14:26:13","date_gmt":"2026-01-06T14:26:13","guid":{"rendered":"https:\/\/www.europesays.com\/fr\/644912\/"},"modified":"2026-01-06T14:26:13","modified_gmt":"2026-01-06T14:26:13","slug":"audiences-apres-son-fiasco-sur-france-4-quel-score-pour-la-bascule-des-maternelles-xxl-sur-france-5","status":"publish","type":"post","link":"https:\/\/www.europesays.com\/fr\/644912\/","title":{"rendered":"Audiences : Apr\u00e8s son fiasco sur France 4, quel score pour la bascule des \u00ab\u00a0Maternelles XXL\u00a0\u00bb sur France 5 ?"},"content":{"rendered":"<p>                <img loading=\"lazy\" decoding=\"async\" src=\"https:\/\/www.europesays.com\/fr\/wp-content\/uploads\/2025\/12\/63b91e82ba2951ce-35x35-1.png\" class=\"author-article-picture\" width=\"35\" height=\"35\"\/><\/p>\n<p>                    Par<\/p>\n<p>                                            Laura D&rsquo;Angelo<\/p>\n<p>                    |<\/p>\n<p>                                            Journaliste<\/p>\n<p>\n                Laura D&rsquo;Angelo est journaliste chez Purem\u00e9dias depuis d\u00e9cembre 2025.\n            <\/p>\n<p>\n    Alors que l&rsquo;\u00e9mission avait \u00e9t\u00e9 transf\u00e9r\u00e9e sur France 4 \u00e0 la rentr\u00e9e, \u00ab\u00a0Les Maternelles XXL\u00a0\u00bb a fait son grand retour en matin\u00e9e sur France 5 hier. Mais les audiences sont-elles au rendez-vous ?\n<\/p>\n<p>                            <img loading=\"lazy\" decoding=\"async\" class=\"player-thumbnail\" src=\"https:\/\/www.europesays.com\/fr\/wp-content\/uploads\/2026\/01\/254340e54bc75e5e-580x326-1.jpg\" width=\"580\" height=\"326\"\/><\/p>\n<p>                            Marie Portolano dans \u00ab\u00a0Les Maternelles XXL\u00a0\u00bb \u00a9 France 5, Les Maternelles XXL<\/p>\n<p>La suite apr\u00e8s la publicit\u00e9<\/p>\n<p>Le pari n\u2019aura pas tenu bien longtemps. Apr\u00e8s un lancement ambitieux sur France 4 \u00e0 la rentr\u00e9e, \u201cLes Maternelles XXL\u201d ont d\u00e9j\u00e0 chang\u00e9 de cha\u00eene. <a href=\"https:\/\/www.ozap.com\/actu\/03-de-pda-en-moyenne-les-maternelles-a-perdu-pres-de-90-de-son-audience-depuis-sa-bascule-sur-france-4\/652496\" target=\"_blank\" rel=\"noopener\">Face \u00e0 des audiences catastrophiques<\/a>, France T\u00e9l\u00e9visions a rapidement d\u00e9cid\u00e9 de rapatrier le programme culte sur une case plus famili\u00e8re, <a href=\"https:\/\/www.ozap.com\/actu\/mettre-lemission-sur-france-4-a-cet-horaire-etait-incomprehensible-apres-la-chute-spectaculaire-de-ses-audiences-les-maternelles-va-faire-son-retour-sur-france-5\/652645\" target=\"_blank\" rel=\"noopener\">celle des matin\u00e9es de France 5.<\/a> Une bascule strat\u00e9gique qui pose une question simple : ce retour aux sources permettra-t-il de redresser la barre ? Il faut dire que la d\u00e9clinaison XXL du magazine parental n\u2019aura occup\u00e9 la tranche 19h30-21h de France 4 que quelques semaines. En effet, l&rsquo;\u00e9mission n\u2019a pas trouv\u00e9 son public. \u00ab\u00a0Elle r\u00e9unit aujourd\u2019hui entre 40.000 et 50.000 t\u00e9l\u00e9spectateurs chaque jour [soit environ 0,3 % de pda, ndlr]\u00a0\u00bb avait indiqu\u00e9 Florent Dumont, directeur des magazines de France T\u00e9l\u00e9vision dans les colonnes de \u00ab\u00a0Satellifacts Magazine\u00a0\u00bb en novembre dernier.\u00a0<\/p>\n<p>Petit retour pour <strong>\u00ab\u00a0Maternelles XXL\u00a0\u00bb sur France 5<\/strong><\/p>\n<p>La bascule de France 2 \u00e0 France 4 a donc fait perdre pr\u00e8s de 80 \u00e0 90% de son audience aux \u00ab\u00a0Maternelles\u00a0\u00bb. En effet, du 9 septembre 2024 au 27 juin 2025, lors de sa diffusion sur France 2 le matin \u00e0 9h30 l&rsquo;\u00e9mission avait attir\u00e9 352.000 t\u00e9l\u00e9spectateurs en moyenne et 11,6% du public \u00e2g\u00e9 de quatre ans et plus selon M\u00e9diam\u00e9trie.\u00a0<\/p>\n<p>D\u00e8s lors, le groupe audiovisuel public a tranch\u00e9 : direction le matin, sur France 5, l\u00e0 o\u00f9 l\u2019ADN du programme s\u2019est construit depuis sa cr\u00e9ation en 2001. Diffus\u00e9e pour la premi\u00e8re fois dans cette nouvelle configuration le lundi 5 janvier 2026, l\u2019\u00e9mission anim\u00e9e par Marie Portolano a attir\u00e9 seulement 44.000 t\u00e9l\u00e9spectateurs entre 9h29 et 10h50, soit 1,5 % de part d\u2019audience. Un score tr\u00e8s modeste, surtout compar\u00e9 aux performances pass\u00e9es du format. \u00c0 titre de rep\u00e8re, lors de sa derni\u00e8re saison matinale sur France 5 en 2020, \u201cLes Maternelles\u201d pouvaient rassembler jusqu\u2019\u00e0 151.000 fid\u00e8les, repr\u00e9sentant 4,6 % du public \u00e2g\u00e9 de quatre ans et plus.\u00a0<\/p>\n<p>        <img decoding=\"async\" class=\"thumb-img-100 thumb-img\" src=\"https:\/\/www.europesays.com\/fr\/wp-content\/uploads\/2026\/01\/24d69babb230c9ac-320x180-1.jpg\" alt=\"&quot;Les Maternelles&quot; quitte France 2 pour France 4 : Marie Portolano succ\u00e8de \u00e0 Agathe Lecaron \u00e0 la pr\u00e9sentation\" width=\"320\" height=\"180\" loading=\"lazy\" role=\"presentation\"\/><\/p>\n<p>                                            \u00ab\u00a0Les Maternelles\u00a0\u00bb quitte France 2 pour France 4 : Marie Portolano succ\u00e8de \u00e0 Agathe Lecaron \u00e0 la pr\u00e9sentation<\/p>\n<p>        <img decoding=\"async\" class=\"thumb-img-100 thumb-img\" src=\"https:\/\/www.europesays.com\/fr\/wp-content\/uploads\/2026\/01\/1a42fb08535f89b9-320x180-1.jpg\" alt=\"Audiences pr\u00e9-access : Rentr\u00e9e compliqu\u00e9e pour &quot;Demain nous appartient&quot; et &quot;Ici tout commence&quot; sur TF1, Nagui battu sur France 2\" width=\"320\" height=\"180\" loading=\"lazy\" role=\"presentation\"\/><\/p>\n<p>                                            Audiences pr\u00e9-access : Rentr\u00e9e compliqu\u00e9e pour \u00ab\u00a0Demain nous appartient\u00a0\u00bb et \u00ab\u00a0Ici tout commence\u00a0\u00bb sur TF1, Nagui battu sur France 2<\/p>\n<p>        <img decoding=\"async\" class=\"thumb-img-100 thumb-img\" src=\"https:\/\/www.europesays.com\/fr\/wp-content\/uploads\/2026\/01\/3494cb4c2794a54b-320x180-1.jpg\" alt=\"&quot;Si je partais, Marie Portolano serait le meilleur choix&quot; : Agathe Lecaron \u00e9voque son avenir \u00e0 la t\u00eate du magazine &quot;Les maternelles&quot; sur France 2\" width=\"320\" height=\"180\" loading=\"lazy\" role=\"presentation\"\/><\/p>\n<p>                                            \u00ab\u00a0Si je partais, Marie Portolano serait le meilleur choix\u00a0\u00bb : Agathe Lecaron \u00e9voque son avenir \u00e0 la t\u00eate du magazine \u00ab\u00a0Les maternelles\u00a0\u00bb sur France 2<\/p>\n","protected":false},"excerpt":{"rendered":"Par Laura D&rsquo;Angelo | Journaliste Laura D&rsquo;Angelo est journaliste chez Purem\u00e9dias depuis d\u00e9cembre 2025. Alors que l&rsquo;\u00e9mission avait&hellip;\n","protected":false},"author":2,"featured_media":644913,"comment_status":"","ping_status":"","sticky":false,"template":"","format":"standard","meta":{"footnotes":""},"categories":[1356],"tags":[58,59,1011,27,252,1364],"class_list":{"0":"post-644912","1":"post","2":"type-post","3":"status-publish","4":"format-standard","5":"has-post-thumbnail","7":"category-television","8":"tag-divertissement","9":"tag-entertainment","10":"tag-fr","11":"tag-france","12":"tag-television","13":"tag-tv"},"share_on_mastodon":{"url":"https:\/\/pubeurope.com\/@fr\/115848622044856611","error":""},"_links":{"self":[{"href":"https:\/\/www.europesays.com\/fr\/wp-json\/wp\/v2\/posts\/644912","targetHints":{"allow":["GET"]}}],"collection":[{"href":"https:\/\/www.europesays.com\/fr\/wp-json\/wp\/v2\/posts"}],"about":[{"href":"https:\/\/www.europesays.com\/fr\/wp-json\/wp\/v2\/types\/post"}],"author":[{"embeddable":true,"href":"https:\/\/www.europesays.com\/fr\/wp-json\/wp\/v2\/users\/2"}],"replies":[{"embeddable":true,"href":"https:\/\/www.europesays.com\/fr\/wp-json\/wp\/v2\/comments?post=644912"}],"version-history":[{"count":0,"href":"https:\/\/www.europesays.com\/fr\/wp-json\/wp\/v2\/posts\/644912\/revisions"}],"wp:featuredmedia":[{"embeddable":true,"href":"https:\/\/www.europesays.com\/fr\/wp-json\/wp\/v2\/media\/644913"}],"wp:attachment":[{"href":"https:\/\/www.europesays.com\/fr\/wp-json\/wp\/v2\/media?parent=644912"}],"wp:term":[{"taxonomy":"category","embeddable":true,"href":"https:\/\/www.europesays.com\/fr\/wp-json\/wp\/v2\/categories?post=644912"},{"taxonomy":"post_tag","embeddable":true,"href":"https:\/\/www.europesays.com\/fr\/wp-json\/wp\/v2\/tags?post=644912"}],"curies":[{"name":"wp","href":"https:\/\/api.w.org\/{rel}","templated":true}]}}