{"id":644914,"date":"2026-01-06T14:27:10","date_gmt":"2026-01-06T14:27:10","guid":{"rendered":"https:\/\/www.europesays.com\/fr\/644914\/"},"modified":"2026-01-06T14:27:10","modified_gmt":"2026-01-06T14:27:10","slug":"doc-gyneco-a-des-mots-bien-choisis-sur-son-histoire-avec-christine-angot-elle-mange-ses","status":"publish","type":"post","link":"https:\/\/www.europesays.com\/fr\/644914\/","title":{"rendered":"Doc Gyneco a des mots bien choisis sur son histoire avec Christine Angot, \u00ab\u00a0elle mange ses&#8230;\u00a0\u00bb"},"content":{"rendered":"<p>Figure incontournable du rap<br \/>\nfran\u00e7ais des ann\u00e9es 1990, <strong data-start=\"55\" data-end=\"69\">Doc<br \/>\nGyneco<\/strong> s\u2019est impos\u00e9 comme un artiste \u00e0 part avec son ton<br \/>\nnonchalant, ses textes crus et son sens aigu de la provocation.<br \/>\nR\u00e9v\u00e9l\u00e9 en 1996 gr\u00e2ce au succ\u00e8s fulgurant de Premi\u00e8re consultation, il bouscule alors les<br \/>\ncodes du genre en m\u00ealant confidences intimes, humour provoc\u2019 et<br \/>\nr\u00e9f\u00e9rences tr\u00e8s personnelles.<\/p>\n<p>Au fil des ann\u00e9es, le rappeur<br \/>\nproche de <a href=\"https:\/\/www.closermag.fr\/people\/doc-gyneco-a-50-ans-johnny-memmenait-partout-cette-complicite-etonnante-entre-le-rappeur-et-le-taulier-3434975https:\/\/www.closermag.fr\/people\/doc-gyneco-a-50-ans-johnny-memmenait-partout-cette-complicite-etonnante-entre-le-rappeur-et-le-taulier-3434975\" target=\"_blank\" rel=\"noopener\"><br \/>\nJohnny Hallyday<\/a> a multipli\u00e9 les projets musicaux, les prises de<br \/>\nparole m\u00e9diatiques et les apparitions t\u00e9l\u00e9, assumant une image sans<br \/>\nfiltre, souvent controvers\u00e9e, qui fait de lui une personnalit\u00e9<br \/>\naussi clivante que populaire du paysage culturel fran\u00e7ais.<\/p>\n<p>Doc Gyneco et Christine Angot, une<br \/>\npassion hors normes<\/p>\n<p data-start=\"60\" data-end=\"749\">Doc Gyneco a v\u00e9cu une histoire<br \/>\nmarquante avec une figure bien connue du monde litt\u00e9raire :<br \/>\n<a href=\"https:\/\/www.closermag.fr\/people\/christine-angot-ce-couple-improbable-qu-elle-a-forme-avec-un-celebre-chanteur-1654582\" target=\"_blank\" rel=\"noopener\"><br \/>\n<strong>Christine Angot<\/strong><\/a>. Le rappeur avait \u00e9voqu\u00e9 cette<br \/>\nrelation intense lors d\u2019un entretien accord\u00e9 \u00e0 Lib\u00e9ration en 2016, alors qu\u2019il assurait la<br \/>\npromotion de son album Premi\u00e8re<br \/>\nconsultation.<\/p>\n<p data-start=\"60\" data-end=\"749\">Malgr\u00e9 leurs quinze ans d\u2019\u00e9cart,<br \/>\nleur lien semblait \u00e9lectrique, comme il l\u2019avait lui-m\u00eame d\u00e9crit<br \/>\nsans d\u00e9tour : \u00ab\u00a0Ce que j&rsquo;aime chez Christine, c&rsquo;est son c\u00f4t\u00e9<br \/>\naraign\u00e9e, veuve noire&#8230; On m&rsquo;a demand\u00e9 pourquoi je ne m&rsquo;\u00e9tais pas<br \/>\nplaint, mais c&rsquo;est ce que j&rsquo;aime chez elle. C&rsquo;est comme \u00e7a qu&rsquo;elle<br \/>\nnourrit son art : <strong>elle mange ses amants<\/strong>\u00ab\u00a0,<br \/>\navait-il confi\u00e9.<\/p>\n<p>Quand<br \/>\nla fiction s\u2019inspire du r\u00e9el<\/p>\n<p data-start=\"791\" data-end=\"1979\" data-is-last-node=\"\" data-is-only-node=\"\">De son c\u00f4t\u00e9, Christine Angot n\u2019avait pas<br \/>\ndissimul\u00e9 cette relation, l\u2019\u00e9voquant frontalement dans<br \/>\nLe March\u00e9 des amants, paru<br \/>\nen 2008 aux \u00e9ditions du Seuil. L\u2019\u00e9crivaine y livrait une<br \/>\ndescription tr\u00e8s crue de leur intimit\u00e9 : \u00ab\u00a0<strong>On faisait<br \/>\nl&rsquo;amour, on jouissait<\/strong>. On arrivait chez moi, dans l&rsquo;entr\u00e9e<br \/>\nen bas de l&rsquo;immeuble il soulevait ma jupe, une grande jupe large,<br \/>\nil me mettait face au mur, baissait mon collant noir, me demandait<br \/>\nde me cambrer en prenant appui sur la porte\u00a0\u00bb.<\/p>\n<p data-start=\"791\" data-end=\"1979\" data-is-last-node=\"\" data-is-only-node=\"\">Une exposition qui n\u2019a pas laiss\u00e9 Doc Gyneco<br \/>\nindiff\u00e9rent. Interrog\u00e9 plus tard par ELLE, l\u2019ancien chroniqueur de TPMP se disait \u00e0 la fois surpris et<br \/>\nhonor\u00e9 d\u2019avoir trouv\u00e9 une place, m\u00eame indirecte, dans la<br \/>\nlitt\u00e9rature : \u00ab\u00a0C&rsquo;est diffi\u00ad\u00ad\u00adcile de se lire dans un roman.<br \/>\nJ&rsquo;ai eu l&rsquo;impres\u00ad\u00ad\u00adsion d&rsquo;ouvrir une porte et de me voir faire<br \/>\nl&rsquo;amour ! Je ne m&rsquo;atten\u00ad\u00ad\u00addais pas \u00e0 <strong>une descrip\u00ad\u00ad\u00adtion<br \/>\naussi impu\u00ad\u00ad\u00addique<\/strong>. Je ne prends pas encore toute la<br \/>\nmesure de ce cadeau qu&rsquo;elle m&rsquo;a fait. C&rsquo;est<br \/>\nverti\u00ad\u00ad\u00adgi\u00ad\u00ad\u00adneux\u00a0\u00bb. Malgr\u00e9 leur s\u00e9paration, les deux ex<br \/>\nauraient conserv\u00e9 des relations apais\u00e9es, Christine Angot ayant<br \/>\ndepuis refait sa vie avec <a href=\"https:\/\/www.closermag.fr\/people\/christine-angot-qui-est-sa-fille-leonore-chastagner-1654440\" target=\"_blank\" rel=\"noopener\"><br \/>\nCharly Clovis<\/a>, un proche du rappeur.<\/p>\n","protected":false},"excerpt":{"rendered":"Figure incontournable du rap fran\u00e7ais des ann\u00e9es 1990, Doc Gyneco s\u2019est impos\u00e9 comme un artiste \u00e0 part avec&hellip;\n","protected":false},"author":2,"featured_media":644915,"comment_status":"","ping_status":"","sticky":false,"template":"","format":"standard","meta":{"footnotes":""},"categories":[1355],"tags":[21303,58,59,1011,27,70202,1361,873,65861],"class_list":{"0":"post-644914","1":"post","2":"type-post","3":"status-publish","4":"format-standard","5":"has-post-thumbnail","7":"category-musique","8":"tag-buzz_nonli","9":"tag-divertissement","10":"tag-entertainment","11":"tag-fr","12":"tag-france","13":"tag-marfeel_connexes","14":"tag-music","15":"tag-musique","16":"tag-trend"},"share_on_mastodon":{"url":"https:\/\/pubeurope.com\/@fr\/115848625758831435","error":""},"_links":{"self":[{"href":"https:\/\/www.europesays.com\/fr\/wp-json\/wp\/v2\/posts\/644914","targetHints":{"allow":["GET"]}}],"collection":[{"href":"https:\/\/www.europesays.com\/fr\/wp-json\/wp\/v2\/posts"}],"about":[{"href":"https:\/\/www.europesays.com\/fr\/wp-json\/wp\/v2\/types\/post"}],"author":[{"embeddable":true,"href":"https:\/\/www.europesays.com\/fr\/wp-json\/wp\/v2\/users\/2"}],"replies":[{"embeddable":true,"href":"https:\/\/www.europesays.com\/fr\/wp-json\/wp\/v2\/comments?post=644914"}],"version-history":[{"count":0,"href":"https:\/\/www.europesays.com\/fr\/wp-json\/wp\/v2\/posts\/644914\/revisions"}],"wp:featuredmedia":[{"embeddable":true,"href":"https:\/\/www.europesays.com\/fr\/wp-json\/wp\/v2\/media\/644915"}],"wp:attachment":[{"href":"https:\/\/www.europesays.com\/fr\/wp-json\/wp\/v2\/media?parent=644914"}],"wp:term":[{"taxonomy":"category","embeddable":true,"href":"https:\/\/www.europesays.com\/fr\/wp-json\/wp\/v2\/categories?post=644914"},{"taxonomy":"post_tag","embeddable":true,"href":"https:\/\/www.europesays.com\/fr\/wp-json\/wp\/v2\/tags?post=644914"}],"curies":[{"name":"wp","href":"https:\/\/api.w.org\/{rel}","templated":true}]}}