{"id":64492,"date":"2025-04-30T13:37:09","date_gmt":"2025-04-30T13:37:09","guid":{"rendered":"https:\/\/www.europesays.com\/fr\/64492\/"},"modified":"2025-04-30T13:37:09","modified_gmt":"2025-04-30T13:37:09","slug":"liverdun-le-vide-maisons-de-quartier-du-1er-mai-est-createur-de-liens","status":"publish","type":"post","link":"https:\/\/www.europesays.com\/fr\/64492\/","title":{"rendered":"Liverdun. Le vide-maisons de quartier du 1er mai est cr\u00e9ateur de liens"},"content":{"rendered":"<p>C\u2019est d\u00e9sormais une tradition ou presque. Chaque 1er \u00a0mai, depuis 3 ans, les garages des all\u00e9es de Belfort et de Besan\u00e7on, situ\u00e9es sur les hauteurs de la ville, prennent vie le temps d\u2019une journ\u00e9e, s\u2019ouvrant aux badauds, chineurs et autres promeneurs.<\/p>\n<p>\u00ab\u00a0Un moment avant tout vecteur de liens\u00a0\u00bb indiquent les organisateurs. \u00ab\u00a0Cette journ\u00e9e permet de se rencontrer, d\u2019\u00e9changer, mais surtout de passer quelques heures en toute convivialit\u00e9, en toute simplicit\u00e9.\u00a0\u00bb<\/p>\n<p>Une journ\u00e9e devenue incontournable, offrant en outre une sympathique opportunit\u00e9 \u00ab\u00a0d\u2019animer le quartier\u00a0\u00bb comme le pr\u00e9cise Laurence Olivier, organisatrice.<\/p>\n<p>\u00ab\u00a0Ce vide-maisons collectif \u00e9gaye chaque ann\u00e9e nos deux all\u00e9es. Cette fois encore, de nombreux garages seront ouverts aux promeneurs. Tout le monde joue le jeu avec plaisir.\u00a0\u00bb<\/p>\n","protected":false},"excerpt":{"rendered":"C\u2019est d\u00e9sormais une tradition ou presque. Chaque 1er \u00a0mai, depuis 3 ans, les garages des all\u00e9es de Belfort&hellip;\n","protected":false},"author":2,"featured_media":64493,"comment_status":"","ping_status":"","sticky":false,"template":"","format":"standard","meta":{"footnotes":""},"categories":[9635],"tags":[1111,11,5738,11679,9661,1687,1704,1777,674,1011,27,775,13318,1702,12,25,3365],"class_list":{"0":"post-64492","1":"post","2":"type-post","3":"status-publish","4":"format-standard","5":"has-post-thumbnail","7":"category-nancy","8":"tag-actu","9":"tag-actualites","10":"tag-bourses","11":"tag-brocantes","12":"tag-cc-du-bassin-de-pompey-54b1","13":"tag-culture-loisirs","14":"tag-edition-nancy-et-agglomeration","15":"tag-eu","16":"tag-europe","17":"tag-fr","18":"tag-france","19":"tag-grand-est","20":"tag-liverdun","21":"tag-nancy","22":"tag-news","23":"tag-republique-francaise","24":"tag-vide-greniers"},"share_on_mastodon":{"url":"https:\/\/pubeurope.com\/@fr\/114427189288764307","error":""},"_links":{"self":[{"href":"https:\/\/www.europesays.com\/fr\/wp-json\/wp\/v2\/posts\/64492","targetHints":{"allow":["GET"]}}],"collection":[{"href":"https:\/\/www.europesays.com\/fr\/wp-json\/wp\/v2\/posts"}],"about":[{"href":"https:\/\/www.europesays.com\/fr\/wp-json\/wp\/v2\/types\/post"}],"author":[{"embeddable":true,"href":"https:\/\/www.europesays.com\/fr\/wp-json\/wp\/v2\/users\/2"}],"replies":[{"embeddable":true,"href":"https:\/\/www.europesays.com\/fr\/wp-json\/wp\/v2\/comments?post=64492"}],"version-history":[{"count":0,"href":"https:\/\/www.europesays.com\/fr\/wp-json\/wp\/v2\/posts\/64492\/revisions"}],"wp:featuredmedia":[{"embeddable":true,"href":"https:\/\/www.europesays.com\/fr\/wp-json\/wp\/v2\/media\/64493"}],"wp:attachment":[{"href":"https:\/\/www.europesays.com\/fr\/wp-json\/wp\/v2\/media?parent=64492"}],"wp:term":[{"taxonomy":"category","embeddable":true,"href":"https:\/\/www.europesays.com\/fr\/wp-json\/wp\/v2\/categories?post=64492"},{"taxonomy":"post_tag","embeddable":true,"href":"https:\/\/www.europesays.com\/fr\/wp-json\/wp\/v2\/tags?post=64492"}],"curies":[{"name":"wp","href":"https:\/\/api.w.org\/{rel}","templated":true}]}}