{"id":644922,"date":"2026-01-06T14:31:10","date_gmt":"2026-01-06T14:31:10","guid":{"rendered":"https:\/\/www.europesays.com\/fr\/644922\/"},"modified":"2026-01-06T14:31:10","modified_gmt":"2026-01-06T14:31:10","slug":"perdre-35-kilos-en-4-mois-le-comedien-montpellierain-artus-revele-sa-methode-radicale-pour-mincir","status":"publish","type":"post","link":"https:\/\/www.europesays.com\/fr\/644922\/","title":{"rendered":"Perdre 35 kilos en 4 mois\u00a0: le com\u00e9dien montpelli\u00e9rain Artus r\u00e9v\u00e8le sa \u00ab\u00a0m\u00e9thode\u00a0\u00bb radicale pour mincir"},"content":{"rendered":"<p>\n                                                                L\u2019acteur montpelli\u00e9rain Artus \u00e9tait invit\u00e9 de \u00ab\u00a0En apart\u00e9\u00a0\u00bb sur Canal +\u00a0puis de \u00ab\u00a0Quotidien\u00a0\u00bb sur TMC ce lundi 5\u00a0janvier 2026. Il est revenu sur son incroyable transformation physique pour son r\u00f4le dans le film La Pampa, d\u2019Antoine Chevrollier.\n                            <\/p>\n<p>On se souvient encore de l\u2019incroyable transformation physique de l\u2019acteur Artus pour le film La Pampa, d\u2019Antoine Chevrollier, sorti en f\u00e9vrier\u00a02025.<\/p>\n<p>Le com\u00e9dien qui a grandi pr\u00e8s de Montpellier est revenu sur ce changement d\u2019apparence physique dans l\u2019\u00e9mission \u00ab\u00a0En apart\u00e9\u00a0\u00bb, ce lundi 5\u00a0janvier sur Canal +. Le r\u00e9alisateur d\u2019Un p\u2019tit truc en plus, qui avait perdu 35 kilos en 4 mois seulement, a confi\u00e9 avoir \u00ab\u00a0\u00e9teint un truc dans sa t\u00eate\u00a0\u00bb, rapporte <a href=\"https:\/\/www.programme-tv.net\/news\/people\/395306-j-ai-vecu-des-choses-lunaires-artus-se-confie-sur-sa-methode-a-2000-balles-pour-perdre-beaucoup-de-poids\/#:~:text=People-,%22J&#039;ai%20v%C3%A9cu%20des%20choses%20lunaires%22%20%3A%20Artus%20se,pour%20perdre%20beaucoup%20de%20poids&amp;text=Invit%C3%A9%20dans%20En%20apart%C3%A9%20sur,il%20garde%20un%20mauvais%20souvenir.\" target=\"_self\" rel=\"noopener\">T\u00e9l\u00e9-Loisirs<\/a>. \u00ab\u00a0Je ne sais pas faire les choses \u00e0 moiti\u00e9\u00a0\u00bb, a-t-il poursuivi, en pr\u00e9cisant ne pas avoir repris tout le poids perdu depuis, \u00ab\u00a0attention, on se d\u00e9tend\u00a0\u00bb.<\/p>\n<p>Quelle \u00ab\u00a0m\u00e9thode\u00a0\u00bb\u00a0?<\/p>\n<p>Interrog\u00e9 sur sa \u00ab\u00a0m\u00e9thode\u00a0\u00bb pour perdre autant de kilos en si peu de temps, le r\u00e9alisateur a r\u00e9v\u00e9l\u00e9 avoir travaill\u00e9 avec un coach, pr\u00e9sent avec lui \u00ab\u00a024\u00a0h sur 24\u00a0\u00bb.<\/p>\n<p>Le m\u00eame jour, sur TMC, celui qui a acc\u00e9d\u00e9 \u00e0 la notori\u00e9t\u00e9 en participant \u00e0 l\u2019\u00e9mission \u00ab\u00a0On n\u2019demande qu\u2019\u00e0 en rire\u00a0\u00bb, s\u2019est confi\u00e9 sur son s\u00e9jour dans un centre de convalescence \u00ab\u00a0sp\u00e9cialis\u00e9 dans les lavements et dans le jeune\u00a0\u00bb, en Allemagne.<\/p>\n<p>L\u2019acteur de 38 ans a racont\u00e9 que le principe est \u00ab\u00a0de te vider. [\u2026] Tu ne manges vraiment rien, tu bois des bouillons.\u00a0\u00bb Et d\u2019ajouter\u00a0: \u00ab\u00a0\u00e7a fonctionne, je te le garantis\u00a0\u00bb. Ce s\u00e9jour a laiss\u00e9 des traces dans l\u2019esprit d\u2019Artus qui a v\u00e9cu \u00ab\u00a0des choses assez lunaires l\u00e0-bas\u00a0\u00bb. \u00ab\u00a0Tous les matins, il y a quelqu\u2019un qui vient qui te branche une poche [\u2026] et c\u2019est normal\u00a0\u00bb.<\/p>\n","protected":false},"excerpt":{"rendered":"L\u2019acteur montpelli\u00e9rain Artus \u00e9tait invit\u00e9 de \u00ab\u00a0En apart\u00e9\u00a0\u00bb sur Canal +\u00a0puis de \u00ab\u00a0Quotidien\u00a0\u00bb sur TMC ce lundi 5\u00a0janvier&hellip;\n","protected":false},"author":2,"featured_media":644923,"comment_status":"","ping_status":"","sticky":false,"template":"","format":"standard","meta":{"footnotes":""},"categories":[8],"tags":[58,59,1011,27,7089,2208,68925],"class_list":{"0":"post-644922","1":"post","2":"type-post","3":"status-publish","4":"format-standard","5":"has-post-thumbnail","7":"category-divertissement","8":"tag-divertissement","9":"tag-entertainment","10":"tag-fr","11":"tag-france","12":"tag-herault","13":"tag-montpellier","14":"tag-tu00e9lu00e9-mu00e9dias"},"share_on_mastodon":{"url":"https:\/\/pubeurope.com\/@fr\/115848641611958542","error":""},"_links":{"self":[{"href":"https:\/\/www.europesays.com\/fr\/wp-json\/wp\/v2\/posts\/644922","targetHints":{"allow":["GET"]}}],"collection":[{"href":"https:\/\/www.europesays.com\/fr\/wp-json\/wp\/v2\/posts"}],"about":[{"href":"https:\/\/www.europesays.com\/fr\/wp-json\/wp\/v2\/types\/post"}],"author":[{"embeddable":true,"href":"https:\/\/www.europesays.com\/fr\/wp-json\/wp\/v2\/users\/2"}],"replies":[{"embeddable":true,"href":"https:\/\/www.europesays.com\/fr\/wp-json\/wp\/v2\/comments?post=644922"}],"version-history":[{"count":0,"href":"https:\/\/www.europesays.com\/fr\/wp-json\/wp\/v2\/posts\/644922\/revisions"}],"wp:featuredmedia":[{"embeddable":true,"href":"https:\/\/www.europesays.com\/fr\/wp-json\/wp\/v2\/media\/644923"}],"wp:attachment":[{"href":"https:\/\/www.europesays.com\/fr\/wp-json\/wp\/v2\/media?parent=644922"}],"wp:term":[{"taxonomy":"category","embeddable":true,"href":"https:\/\/www.europesays.com\/fr\/wp-json\/wp\/v2\/categories?post=644922"},{"taxonomy":"post_tag","embeddable":true,"href":"https:\/\/www.europesays.com\/fr\/wp-json\/wp\/v2\/tags?post=644922"}],"curies":[{"name":"wp","href":"https:\/\/api.w.org\/{rel}","templated":true}]}}