{"id":644928,"date":"2026-01-06T14:34:16","date_gmt":"2026-01-06T14:34:16","guid":{"rendered":"https:\/\/www.europesays.com\/fr\/644928\/"},"modified":"2026-01-06T14:34:16","modified_gmt":"2026-01-06T14:34:16","slug":"une-lecon-du-6-janvier","status":"publish","type":"post","link":"https:\/\/www.europesays.com\/fr\/644928\/","title":{"rendered":"une le\u00e7on du 6 janvier"},"content":{"rendered":"<dl class=\"post-meta-box flex flex-wrap items-top border-grey-lighter border-b post-meta relative z-20\">&#13;<\/p>\n<dt class=\"inline-block py-1 leading-5 w-1\/5 sm:1\/6 xl:w-3\/10 flex items-top font-sans text-3xs text-grey tracking-wider uppercase border-grey-lighter border-t\">&#13;<br \/>\n                                        Auteur                                      <\/dt>\n<p>&#13;<\/p>\n<dd class=\"inline-block w-4\/5 sm:5\/6 xl:w-7\/10 pl-1u lg:pl-0 flex-grow  py-1 font-sans text-xs leading-5 border-grey-lighter border-t\">&#13;<br \/>\n                                                                                  <a href=\"https:\/\/legrandcontinent.eu\/fr\/p\/rick-perlstein\/\" class=\"text-red no-underline\" target=\"_blank\" rel=\"noopener\">&#13;<br \/>\n                                            Rick Perlstein<\/a>                                                                              <\/dd>\n<p>&#13;<br \/>\n                                    &#13;<br \/>\n                                    &#13;<\/p>\n<dt class=\"inline-block py-1 leading-5 w-1\/5 sm:1\/6 xl:w-3\/10 flex items-top font-sans text-3xs text-grey tracking-wider uppercase border-grey-lighter border-t\">&#13;<br \/>\n                                        Image                                      <\/dt>\n<p>&#13;<\/p>\n<dd class=\"inline-block w-4\/5 sm:5\/6 xl:w-7\/10 pl-1u lg:pl-0 flex-grow  py-1 font-sans text-xs leading-5 border-grey-lighter border-t\">&#13;<br \/>\n                                                                                  Trump, le pr\u00e9sident du 6 janvier. \u00a9 Tundra Studio&#13;\n                                                                                                                      <\/dd>\n<p>&#13;<br \/>\n                                    &#13;<\/p>\n<dt class=\"inline-block py-1 leading-5 w-1\/5 sm:1\/6 xl:w-3\/10 flex items-top font-sans text-3xs text-grey tracking-wider uppercase border-grey-lighter border-t\">&#13;<br \/>\n                                      Date                                    <\/dt>\n<p>&#13;<\/p>\n<dd class=\"inline-block w-4\/5 sm:5\/6 xl:w-7\/10 pl-1u lg:pl-0 flex-grow  py-1 font-sans text-xs leading-5 border-grey-lighter border-t\">&#13;<br \/>\n                                      &#13;<br \/>\n                                        6 janvier 2026                                      &#13;\n                                    <\/dd>\n<p>&#13;\n                                  <\/dl>\n<p>  Ajouter<br \/>\n  Article ajout\u00e9<\/p>\n<p>  T\u00e9l\u00e9charger le PDF<br \/>\n  En cours<\/p>\n<dl class=\"post-meta-box flex flex-wrap items-top border-grey-lighter border-b post-meta relative z-20 mt-4\">&#13;<\/p>\n<dt class=\"partager inline-block py-1 leading-5 w-1\/5 sm:1\/6 xl:w-3\/10 flex items-top font-sans text-3xs text-grey tracking-wider uppercase border-grey-lighter border-t\">&#13;<br \/>\n                                      Partager                                    <\/dt>\n<p>&#13;<\/p>\n<dd class=\"partager inline-block w-4\/5 sm:5\/6 xl:w-7\/10 pl-1u lg:pl-0 flex-grow  py-1 font-sans text-xs leading-5 border-grey-lighter border-t\">&#13;<br \/>\n                                      <a target=\"_blank\" data-social=\"twitter\" class=\"text-red no-underline inline-block w-4 h-4 mr-2\" href=\"https:\/\/twitter.com\/intent\/tweet\/?text=Pourquoi+il+ne+faut+pas+c%C3%A9der+%C3%A0+Trump%C2%A0%3A+la+le%C3%A7on+du+6+janvier&amp;url=https%3A%2F%2Flegrandcontinent.eu%2Ffr%2F2026%2F01%2F06%2Ftrump-6-janvier%2F\" rel=\"noopener\">&#13;<br \/>\n                                          &#13;<br \/>\n                                        <\/a>&#13;<br \/>\n                                      <a target=\"_blank\" data-social=\"facebook\" class=\"text-red no-underline inline-block w-4 h-4 mr-2\" href=\"https:\/\/facebook.com\/sharer\/sharer.php?u=https%3A%2F%2Flegrandcontinent.eu%2Ffr%2F2026%2F01%2F06%2Ftrump-6-janvier%2F\" rel=\"noopener\">&#13;<br \/>\n                                          &#13;<br \/>\n                                        <\/a>&#13;<br \/>\n                                      <a target=\"_blank\" data-social=\"linkedin\" class=\"text-red no-underline inline-block w-4 h-4 mr-2\" href=\"https:\/\/www.linkedin.com\/shareArticle?title=Pourquoi+il+ne+faut+pas+c%C3%A9der+%C3%A0+Trump%26%23160%3B%3A+la+le%C3%A7on+du+6+janvier&amp;url=https%3A%2F%2Flegrandcontinent.eu%2Ffr%2F2026%2F01%2F06%2Ftrump-6-janvier%2F\" rel=\"noopener\">&#13;<br \/>\n                                          &#13;<br \/>\n                                        <\/a>&#13;<br \/>\n&#13;<br \/>\n&#13;\n                                    <\/dd>\n<p>&#13;<br \/>\n                                    &#13;\n                                  <\/dl>\n<p class=\"has-drop-cap\">Emmanuel Kant d\u00e9finissait les Lumi\u00e8res comme \u00ab\u00a0des Ausgang des Menschen aus seiner selbst verscheuldeten Unm\u00fcndigkeit\u00a0\u00bb \u2014 la sortie de l\u2019humanit\u00e9 de son \u00e9tat d\u2019immaturit\u00e9 auto-impos\u00e9.<\/p>\n<p>Mon livre The Invisible Bridge\u00a0: The Fall of Nixon and the Rise of Reagan (2014) ambitionnait de raconter une histoire \u00e0 partir de la phrase de Kant.<\/p>\n<p>Une p\u00e9riode d\u2019interr\u00e8gne \u00e9trange dans les ann\u00e9es 1970 o\u00f9, apr\u00e8s les traumatismes du Watergate, du Vietnam et de la perte de sa capacit\u00e9 \u00e0 dominer \u00e9conomiquement le monde, les \u00c9tats-Unis d\u2019Am\u00e9rique avaient lutt\u00e9 pour \u00e9voluer vers l\u2019\u00e9tat de sortie d\u2019immaturit\u00e9 d\u00e9crit par Kant, en finissant par se comprendre comme une nation parmi d\u2019autres, imparfaite comme toutes les autres, pour vivre dans la r\u00e9alit\u00e9 et plus dans le fantasme \u2014 puis l\u2019arr\u00eat brutal de ce mouvement dans les flatteries infantilisantes de Ronald Reagan.\u00a0<\/p>\n<p>Pour introduire cette th\u00e9matique, j\u2019avais mis en \u00e9pigraphe de mon livre une chose que nul autre que Nikita Khrouchtchev avait conseill\u00e9 \u00e0 Richard Nixon\u00a0: \u00ab\u00a0Si les gens pensent qu\u2019il y a une rivi\u00e8re invisible, ne leur dites pas qu\u2019elle n\u2019existe pas. Construisez un pont invisible.\u00a0\u00bb<\/p>\n<p>Le moment que nous traversons est fascinant car il nous rappelle que, quel que soit le pays que l\u2019on gouverne \u2014 une nation pr\u00e9tendument d\u00e9mocratique ou non \u2014 l\u2019habilet\u00e9 \u00e0 construire et \u00e0 entretenir des fantasmes reste l\u2019un des outils les plus puissants \u00e0 la disposition du politique.<\/p>\n<p>                    Des agents de la police de l\u2019\u00c9tat de l\u2019Illinois affrontent des manifestants pr\u00e8s du centre de d\u00e9tention de l\u2019agence am\u00e9ricaine de contr\u00f4le de l\u2019immigration et des douanes (ICE) d\u00e9crite par Rick Perlstein \u00e0 Broadview le vendredi 17 octobre 2025. \u00a9 Ashlee Rezin\/Chicago Sun-Times via AP                <\/p>\n<p>                    \u00ab\u00a0Dans ce centre, il y a deux pi\u00e8ces. L\u2019une peut accueillir une cinquantaine d\u2019hommes, l\u2019autre une cinquantaine de femmes \u2014 pas de lits, pas de chaises, un sol en b\u00e9ton.\u00a0\u00bb (image \u00a9 Ashlee Rezin\/Chicago Sun-Times via AP)\n                    <\/p>\n<p>Vladimir Poutine, par exemple, est pass\u00e9 ma\u00eetre en la mati\u00e8re.\u00a0<\/p>\n<p><a href=\"https:\/\/legrandcontinent.eu\/fr\/p\/ian-garner\/\" target=\"_blank\" rel=\"noopener\">Ian Garner<\/a> \u00e9voquait r\u00e9cemment une campagne IA sur les r\u00e9seaux sociaux ayant pour but de persuader le public que la ville de Marioupol \u2014 que la Russie a ray\u00e9e de la carte en d\u00e9truisant 85\u00a0% des b\u00e2timents \u2014 \u00e9tait d\u00e9sormais une m\u00e9tropole florissante que les c\u00e9l\u00e9brit\u00e9s russes visitaient pour d\u00e9couvrir le meilleur des mondes que Poutine est en train de construire dans l\u2019Ukraine annex\u00e9e.\u00a0<\/p>\n<p>Donald Trump est de la m\u00eame trempe.\u00a0<\/p>\n<p>L\u2019exemple le plus effrayant de son usage politique des fantasmes est la fa\u00e7on dont il a persuad\u00e9 son public que les \u00c9tats-Unis seraient victimes d\u2019une \u00ab\u00a0invasion\u00a0\u00bb de familles immigr\u00e9es \u2014 venant de pays comme le Venezuela et le Mexique \u00e0 la recherche d\u2019un avenir meilleur.\u00a0<\/p>\n<p>L\u2019homme qui ordonn\u00e9 le 3 janvier dernier les frappes sur Caracas et <a href=\"https:\/\/legrandcontinent.eu\/fr\/2026\/01\/04\/lenlevement-de-maduro-analyse-operationnelle-et-consequences-strategiques\/\" target=\"_blank\" rel=\"noopener\">l\u2019enl\u00e8vement de Maduro<\/a> utilise le mot \u00ab\u00a0invasion\u00a0\u00bb au sens litt\u00e9ral, dans son acception militaire, comme un outil permettant de d\u00e9ployer les pouvoirs de guerre r\u00e9serv\u00e9s dans la Constitution pour les cas o\u00f9 les \u00c9tats-Unis seraient envahis.<\/p>\n<p><a href=\"https:\/\/legrandcontinent.eu\/fr\/p\/benjamin-labatut\/\" target=\"_blank\" rel=\"noopener\">L\u2019\u00e9crivain chilien Benjamin Labatut<\/a> a dit quelque part que l\u2019anglais \u00e9tait une langue tr\u00e8s directe.\u00a0<\/p>\n<p>Qu\u2019on me pardonne, par avance, mon franc-parler.<\/p>\n<p>Lorsqu\u2019il s\u2019agit de r\u00e9fl\u00e9chir \u00e0 la question des r\u00e9cits dans les p\u00e9riodes d\u2019intense transformation, ma boussole reste George Orwell.<\/p>\n<p>Orwell \u00e9crit qu\u2019il n\u2019y a rien de plus difficile au monde que de voir ce qui se trouve juste sous son nez.<\/p>\n<p>Pour y parvenir, nous dit-il, il faut commencer par consigner les faits.<\/p>\n<p>Il me semble que l\u2019Europe n\u2019a pas pris toute la mesure de la puissance prise aujourd\u2019hui par la police secr\u00e8te f\u00e9d\u00e9rale qui, sur ordre de Trump, a envahi ma ville de Chicago \u00e0 l\u2019automne dernier.<\/p>\n<p>Sur ce continent, certains croient penser qu\u2019il y aurait un avantage \u00e0 \u00ab\u00a0apaiser\u00a0\u00bb cet homme \u2014 tout comme \u00ab\u00a0l\u2019apaisement\u00a0\u00bb face \u00e0 l\u2019annexion des Sud\u00e8tes par Hitler a invariablement conduit \u00e0 son invasion de la Pologne.<\/p>\n<p>    <a data-pswp-src=\"https:\/\/legrandcontinent.eu\/fr\/wp-content\/uploads\/sites\/2\/2026\/01\/SIPA_sipahub60101458_000006.jpg\" class=\"inline-block gallery-item no-underline \" data-pswp-width=\"2400\" data-pswp-height=\"1752\"><br \/>\n                        &#13;<br \/>\n                    &#13;<br \/>\n                    &#13;<br \/>\n                    &#13;<br \/>\n                    &#13;<br \/>\n                    &#13;<br \/>\n                    &#13;<br \/>\n                <img decoding=\"async\" src=\"https:\/\/www.europesays.com\/fr\/wp-content\/uploads\/2026\/01\/SIPA_sipahub60101458_000006-125x91.jpg\"\/>&#13;<br \/>\n        &#13;<\/p>\n<p>                    \u00c0 l\u2019aide de barricades de fortune et de leurs corps, des manifestants new yorkais tentent de bloquer les fourgons des agents de l\u2019ICE alors qu\u2019ils se pr\u00e9paraient \u00e0 mener une descente sur Canal Street \u00e0 New York, le 29 novembre 2025. \u00a9 Carol Guzy\/ZUMA Press Wire<br \/>\n            <\/a><\/p>\n<p>\u00c0 six kilom\u00e8tres de chez moi, dans une ville appel\u00e9e Evanston, se trouve un groupe scolaire dont une \u00e9cole primaire qui accueille des enfants d\u00e8s l\u2019\u00e2ge de six ans.<\/p>\n<p>La police secr\u00e8te a d\u00e9barqu\u00e9 dans le quartier, c\u2019\u00e9tait Halloween \u2014 un jour o\u00f9 les enfants se d\u00e9guisent et font du porte-\u00e0-porte pour demander des bonbons.<\/p>\n<p>Face aux hommes arm\u00e9s et masqu\u00e9s de l\u2019agence des douanes et de la police des fronti\u00e8res \u2014 les groupes du gla\u00e7ant acronyme ICE \u2014 les passants sur la voie publique tr\u00e8s fr\u00e9quent\u00e9e et les gens qui sortaient de chez eux ont fait ce que tous les habitants de Chicago font d\u00e9sormais lorsqu\u2019ils voient la police secr\u00e8te\u00a0: ils ont sorti leurs sifflets \u2014 nous en avons tous sur nous maintenant\u00a0 \u2014 et ils klaxonn\u00e9 pour alerter les alentours.<\/p>\n<p>L\u2019une des habitantes de ce quartier de banlieue qui se trouvait l\u00e0 ce jour-l\u00e0 a livr\u00e9 un t\u00e9moignage qu\u2019il faut conna\u00eetre.<\/p>\n<p>Jennifer Moriarty est une avocate ordinaire. Elle repr\u00e9sente en g\u00e9n\u00e9ral des compagnies d\u2019assurance dans des affaires d\u2019accidents.<\/p>\n<p>Interview\u00e9e par Daniel Biss, le maire d\u2019Evanston, elle raconte\u00a0:<\/p>\n<p>\u00ab\u00a0Il y avait des gens \u00e0 v\u00e9lo. Ils \u00e9taient dans la rue et faisaient le plus de bruit possible avec leurs sifflets. Tout le monde est sorti de sa voiture. En m\u2019approchant avec mon t\u00e9l\u00e9phone portable, j\u2019ai vu une jeune femme face contre terre, avec des agents sur elle. Au moment o\u00f9 je me suis approch\u00e9e d\u2019elle, un agent m\u2019a attrap\u00e9e par le cou, m\u2019a repouss\u00e9e et m\u2019a jet\u00e9e \u00e0 terre. Il \u00e9tait au-dessus de moi. Puis un jeune homme est arriv\u00e9.\u00a0\u00bb<\/p>\n<p>Que faisait-elle avant l\u2019accident\u00a0? Elle manifestait \u2014 conform\u00e9ment aux id\u00e9aux am\u00e9ricains \u2014 et elle s\u2019appr\u00eatait \u00e0 filmer les actions des policiers \u2014 comme le permet la loi am\u00e9ricaine.<\/p>\n<p>Son dialogue avec le Maire d\u2019Evanston continue\u00a0:<\/p>\n<p>\u2014 Je n\u2019ai m\u00eame pas eu le temps d\u2019appuyer sur le bouton d\u2019enregistrement pour lancer la vid\u00e9o qu\u2019il m\u2019avait attrap\u00e9e par le cou et jet\u00e9e contre terre.\u00a0\u00bb<\/p>\n<p>\u2014 Vous avez donc \u00e9t\u00e9 agress\u00e9e pour avoir exprim\u00e9 une opinion diff\u00e9rente de la leur\u00a0?<\/p>\n<p>\u2014 Absolument. Tout \u00e0 fait. Pour la simple raison que j\u2019\u00e9tais membre d\u2019une communaut\u00e9 qui \u00e9tait en \u00e9tat d\u2019alerte.<\/p>\n<p>Elle explique ensuite comment les agents d\u2019ICE ont litt\u00e9ralement provoqu\u00e9 un accident de voiture dans cette rue tr\u00e8s fr\u00e9quent\u00e9e o\u00f9 il y avait des enfants partout, ont attrap\u00e9 la conductrice d\u2019une des voitures et l\u2019ont forc\u00e9e \u00e0 monter dans l\u2019un de leurs v\u00e9hicules banalis\u00e9s.<\/p>\n<p>Elle a r\u00e9ussi \u00e0 se glisser sur la banquette arri\u00e8re et \u00e0 ouvrir la porte de l\u2019autre c\u00f4t\u00e9, puis \u00e0 sortir avec l\u2019aide d\u2019un autre membre formidable de la communaut\u00e9.\u00a0<\/p>\n<p>L\u2019agent \u2014 que j\u2019appellerai \u00ab\u00a0le roux\u00a0\u00bb \u2014 qui \u00e9tait le plus violent de tous, qui a sorti son arme \u00e0 plusieurs reprises et l\u2019a point\u00e9e sur le visage des membres de la communaut\u00e9, a tent\u00e9 de pulv\u00e9riser du gaz lacrymog\u00e8ne sur plusieurs personnes.\u00a0<\/p>\n<p>Il a couru et l\u2019a plaqu\u00e9e \u00e0 nouveau.\u00a0<\/p>\n<p>Ils m\u2019ont fait monter dans la voiture. Ils l\u2019ont remise sur le si\u00e8ge passager.\u00a0<\/p>\n<p>Pendant tout ce temps, ils continuaient \u00e0 frapper ce jeune homme \u00e0 l\u2019ext\u00e9rieur de la fen\u00eatre de la voiture.<\/p>\n<p>                    La police du d\u00e9partement de la S\u00e9curit\u00e9 int\u00e9rieure tire des gaz lacrymog\u00e8nes sur les manifestants pr\u00e8s du si\u00e8ge de l\u2019ICE \u00e0 Portland, le 16 ao\u00fbt 2016. \u00a9 John Rudoff\/Sipa USA                <\/p>\n<p>                    \u00ab\u00a0Pour parler des migrants, l\u2019homme qui ordonn\u00e9 le 3 janvier dernier les frappes sur Caracas et l\u2019enl\u00e8vement de Maduro utilise le mot \u00ab\u00a0invasion\u00a0\u00bb au sens litt\u00e9ral, dans son acception militaire.\u00a0\u00bb (image \u00a9 John Rudoff\/Sipa USA)\n                    <\/p>\n<p>Dans la suite de son r\u00e9cit, ces deux d\u00e9tenus \u2014 l\u2019un arr\u00eat\u00e9 sans mandat et l\u2019autre simple observateur innocent \u2014 ont \u00e9t\u00e9 contraints d\u2019accompagner les agents dans leur chasse \u00e0 d\u2019autres personnes \u00e0 arr\u00eater, roulant \u00e0 contresens dans des rues \u00e0 sens unique, fon\u00e7ant dans des ruelles\u2026<\/p>\n<p>Partout o\u00f9 ils allaient, ils \u00e9taient pris d\u2019assaut par des citoyens ordinaires qui cherchaient \u00e0 emp\u00eacher d\u2019autres enl\u00e8vements.\u00a0<\/p>\n<p>Cela repr\u00e9sente un d\u00e9fi ouvert extraordinaire \u00e0 l\u2019application de la loi f\u00e9d\u00e9rale.\u00a0<\/p>\n<p>Pour comprendre pourquoi cela se produit, il est utile de replacer les choses dans leur contexte.\u00a0<\/p>\n<p>La Cour supr\u00eame des \u00c9tats-Unis a statu\u00e9 que cette police secr\u00e8te pouvait arr\u00eater qui elle voulait \u2014 sans mandat ni motif valable, simplement en se basant sur leur apparence, leur tenue vestimentaire, leur profession et leur localisation, dans le cadre de ce qui est d\u00e9sormais connu sous le nom de \u00ab\u00a0Kavanaugh Stops\u00a0\u00bb, d\u2019apr\u00e8s la d\u00e9cision r\u00e9dig\u00e9e par le juge Brett Kavanaugh\u00a0.<\/p>\n<p>Les personnes enlev\u00e9es de cette mani\u00e8re dans la r\u00e9gion de Chicago sont ensuite emmen\u00e9es dans un centre sans fen\u00eatres g\u00e9r\u00e9 par les services d\u2019immigration et des douanes des \u00c9tats-Unis, situ\u00e9 dans une banlieue assez \u00e9loign\u00e9e appel\u00e9e Broadview.\u00a0<\/p>\n<p>Jusqu\u2019\u00e0 r\u00e9cemment, les d\u00e9tenus n\u2019avaient pas pu t\u00e9moigner de leur exp\u00e9rience, nous n\u2019avions aucune id\u00e9e de ce qui se passait \u00e0 l\u2019int\u00e9rieur de ce centre. C\u2019\u00e9tait une \u00ab\u00a0bo\u00eete noire\u00a0\u00bb.<\/p>\n<p>Mais maintenant, nous savons\u00a0.<\/p>\n<p>Dans ce centre, il y a deux pi\u00e8ces. L\u2019une peut accueillir une cinquantaine d\u2019hommes, l\u2019autre une cinquantaine de femmes \u2014 pas de lits, pas de chaises, un sol en b\u00e9ton.<\/p>\n<p>Le centre a \u00e9t\u00e9 con\u00e7u pour accueillir des personnes pendant quelques heures au maximum, mais il a fini par retenir des d\u00e9tenus pendant deux semaines.\u00a0<\/p>\n<p>    <a data-pswp-src=\"https:\/\/legrandcontinent.eu\/fr\/wp-content\/uploads\/sites\/2\/2026\/01\/SIPA_sipausa30506711_000004-scaled.jpg\" class=\"inline-block gallery-item no-underline \" data-pswp-width=\"2560\" data-pswp-height=\"1707\"><br \/>\n                        &#13;<br \/>\n                    &#13;<br \/>\n                    &#13;<br \/>\n                    &#13;<br \/>\n                <img decoding=\"async\" src=\"https:\/\/www.europesays.com\/fr\/wp-content\/uploads\/2026\/01\/SIPA_sipausa30506711_000004-125x83.jpg\"\/>&#13;<br \/>\n        &#13;<\/p>\n<p>                    Agents de police du DHS au centre de d\u00e9tention m\u00e9tropolitain de Los Angeles, le 1er septembre 2025 lors de manifestation contre les rafles de l\u2019ICE. \u00a9 Ted Soqui\/Sipa News Photo<br \/>\n            <\/a><\/p>\n<p>Nous avons une id\u00e9e de la taille de ces pi\u00e8ces\u00a0: elles ne sont pas assez grandes pour que tout le monde puisse \u00eatre allong\u00e9 par terre en m\u00eame temps.<\/p>\n<p>Dans chaque pi\u00e8ce, il y une toilette \u2014 non privative, ouverte.<\/p>\n<p>Il n\u2019y a pas de douches.<\/p>\n<p>Les d\u00e9tenus ne re\u00e7oivent de l\u2019eau que deux ou trois fois par jour. Toute demande suppl\u00e9mentaire est ignor\u00e9e.<\/p>\n<p>Il n\u2019y a ni savon, ni papier toilette, ni brosses \u00e0 dents, ni dentifrice.<\/p>\n<p>Nous avons des preuves que des personnes ont \u00e9t\u00e9 battues.<\/p>\n<p>Beaucoup se trouvent en situation r\u00e9guli\u00e8re aux \u00c9tats-Unis et pourraient \u00eatre lib\u00e9r\u00e9s.<\/p>\n<p>D\u2019autres se sont vu pr\u00e9senter des documents d\u00e9lib\u00e9r\u00e9ment mal traduits pour leur faire croire qu\u2019ils signaient leur lib\u00e9ration \u2014 alors qu\u2019ils autorisaient en r\u00e9alit\u00e9 leur \u00ab\u00a0auto-expulsion\u00a0\u00bb.<\/p>\n<p>Certaines personnes, arriv\u00e9es ici lorsqu\u2019elles \u00e9taient enfants, mais dont la pr\u00e9sence aux \u00c9tats-Unis n\u2019est pas correctement document\u00e9e, pourraient \u00eatre expuls\u00e9es vers des pays o\u00f9 elles ne sont pas all\u00e9es depuis des d\u00e9cennies. Certaines ne parlent m\u00eame pas espagnol.<\/p>\n<p>D\u2019autres sont peut-\u00eatre des demandeurs d\u2019asile qui affirment risquer la mort s\u2019ils sont renvoy\u00e9s dans leur pays d\u2019origine.<\/p>\n<p>S\u2019ils ont un casier judiciaire, m\u00eame s\u2019ils ont pay\u00e9 leur dette \u00e0 la soci\u00e9t\u00e9, ils pourraient \u00eatre envoy\u00e9s pour une dur\u00e9e ind\u00e9termin\u00e9e \u00ab\u00a0dispara\u00eetre\u00a0\u00bb dans un camp de d\u00e9tention militaire secret \u00e0 ciel ouvert dans les for\u00eats du Ghana.<\/p>\n<p>Leurs familles et leurs avocats ne sauront peut-\u00eatre jamais o\u00f9 ils se trouvent.\u00a0<\/p>\n<p>\u00ab\u00a0Presque tous\u00a0\u00bb, selon le New Yorker, \u00ab\u00a0avaient obtenu des mesures de protection juridique qui emp\u00eachaient le gouvernement de les expulser vers leur pays d\u2019origine\u00a0\u00bb, violant ainsi \u00ab\u00a0l\u2019un des concepts les plus fondamentaux et sacro-saints du droit am\u00e9ricain et international\u00a0\u00bb, \u00e0 savoir que \u00ab\u00a0nul pays ne doit expulser ou renvoyer intentionnellement des personnes vers un endroit o\u00f9 elles risquent d\u2019\u00eatre tortur\u00e9es, pers\u00e9cut\u00e9es, tu\u00e9es ou de subir d\u2019autres pr\u00e9judices graves\u00a0\u00bb\u00a0.<\/p>\n<p>                    Une ligne d\u2019agents de la police de l\u2019\u00c9tat de l\u2019Illinois avance vers les manifestants pour les repousser de la 25e rue vers la \u00ab\u00a0zone de libre expression\u00a0\u00bb situ\u00e9e pr\u00e8s du cenbtre centre d\u00e9tention de l\u2019ICE \u00e0 Broadview, dans l\u2019Illinois, le 4 octobre 2025. \u00a9 Chris Riha\/ZUMA Press Wire                <\/p>\n<p>                    Les manifestations contre l\u2019op\u00e9ration \u00ab\u00a0Midway Blitz\u00a0\u00bb du d\u00e9partement de la S\u00e9curit\u00e9 int\u00e9rieure s\u2019opposent \u00e0 la pr\u00e9sence des agents f\u00e9d\u00e9raux, aux d\u00e9tentions et \u00e0 l\u2019usage excessif de la force dans la r\u00e9gion de Chicago. \u00a9 Chris Riha\/ZUMA Press Wire\n                    <\/p>\n<p>Le t\u00e9moignage de Jennifer Moriarty sur ce qui lui est arriv\u00e9 ensuite a quant \u00e0 lui permis de lever le voile sur une autre bo\u00eete noire.<\/p>\n<p>Apr\u00e8s un trajet \u00e9prouvant de plusieurs heures \u00e0 c\u00f4t\u00e9 des agents masqu\u00e9s de la police secr\u00e8te, au cours duquel elle a \u00e9t\u00e9 menac\u00e9e \u00e0 trois reprises d\u2019\u00eatre asperg\u00e9e de gaz lacrymog\u00e8ne dans la voiture, elle a \u00e9t\u00e9 emmen\u00e9e dans un b\u00e2timent du FBI situ\u00e9 \u00e0 une vingtaine de kilom\u00e8tres de l\u00e0 et encha\u00een\u00e9e \u00e0 une barre.\u00a0<\/p>\n<p>On lui a dit qu\u2019elle n\u2019\u00e9tait pas en \u00e9tat d\u2019arrestation, mais simplement \u00ab\u00a0d\u00e9tenue\u00a0\u00bb.<\/p>\n<p>Apr\u00e8s un certain temps, on lui a dit qu\u2019elle \u00e9tait libre de partir.\u00a0<\/p>\n<p>Aucun acte d\u2019accusation, aucune formalit\u00e9 \u2014 rien.<\/p>\n<p>Cette campagne violente d\u2019enl\u00e8vements par la police secr\u00e8te, qui selon l\u2019ONG Human Rights Watch \u00ab\u00a0viole les droits humains \u00e0 grande \u00e9chelle\u00a0\u00bb, a commenc\u00e9 cet \u00e9t\u00e9 apr\u00e8s que le chef de cabinet adjoint de la Maison Blanche a annonc\u00e9 que l\u2019administration allait \u00ab\u00a0lib\u00e9rer Los Angeles de l\u2019invasion des migrants\u00a0\u00bb\u00a0.<\/p>\n<p>Elle s\u2019est \u00e9tendue \u00e0 Chicago, puis \u00e0 Charlotte, en Caroline du Nord, puis \u00e0 La Nouvelle-Orl\u00e9ans, o\u00f9 des brigades non violentes inspir\u00e9es du mod\u00e8le de Chicago se sont form\u00e9es pour y r\u00e9sister dans chaque nouvelle ville.<\/p>\n<p>\u00c0 Grand Rapids, dans le Michigan, la police a arr\u00eat\u00e9 face cam\u00e9ra des manifestants qui protestaient contre l\u2019intervention am\u00e9ricaine au Venezuela\u00a0.<\/p>\n<p>Tout cela est en train de se passer sous nos yeux.<\/p>\n<p>En l\u2019absence d\u2019une r\u00e9sistance farouche, la situation va empirer.\u00a0<\/p>\n<p>J\u2019ai un message pour l\u2019Europe\u00a0: ne c\u00e9dez pas \u00e0 cet homme.<\/p>\n<p>Ne c\u00e9dez pas \u00e0 cet homme.<\/p>\n<p>                            <script async src=\"https:\/\/platform.twitter.com\/widgets.js\" charset=\"utf-8\"><\/script><\/p>\n","protected":false},"excerpt":{"rendered":"&#13; &#13; Auteur &#13; &#13; &#13; Rick Perlstein &#13; &#13; &#13; &#13; Image &#13; &#13; Trump, le pr\u00e9sident&hellip;\n","protected":false},"author":2,"featured_media":644929,"comment_status":"","ping_status":"","sticky":false,"template":"","format":"standard","meta":{"footnotes":""},"categories":[5],"tags":[11,1011,27,14,12,28],"class_list":{"0":"post-644928","1":"post","2":"type-post","3":"status-publish","4":"format-standard","5":"has-post-thumbnail","7":"category-international","8":"tag-actualites","9":"tag-fr","10":"tag-france","11":"tag-international","12":"tag-news","13":"tag-world"},"share_on_mastodon":{"url":"https:\/\/pubeurope.com\/@fr\/115848653482470002","error":""},"_links":{"self":[{"href":"https:\/\/www.europesays.com\/fr\/wp-json\/wp\/v2\/posts\/644928","targetHints":{"allow":["GET"]}}],"collection":[{"href":"https:\/\/www.europesays.com\/fr\/wp-json\/wp\/v2\/posts"}],"about":[{"href":"https:\/\/www.europesays.com\/fr\/wp-json\/wp\/v2\/types\/post"}],"author":[{"embeddable":true,"href":"https:\/\/www.europesays.com\/fr\/wp-json\/wp\/v2\/users\/2"}],"replies":[{"embeddable":true,"href":"https:\/\/www.europesays.com\/fr\/wp-json\/wp\/v2\/comments?post=644928"}],"version-history":[{"count":0,"href":"https:\/\/www.europesays.com\/fr\/wp-json\/wp\/v2\/posts\/644928\/revisions"}],"wp:featuredmedia":[{"embeddable":true,"href":"https:\/\/www.europesays.com\/fr\/wp-json\/wp\/v2\/media\/644929"}],"wp:attachment":[{"href":"https:\/\/www.europesays.com\/fr\/wp-json\/wp\/v2\/media?parent=644928"}],"wp:term":[{"taxonomy":"category","embeddable":true,"href":"https:\/\/www.europesays.com\/fr\/wp-json\/wp\/v2\/categories?post=644928"},{"taxonomy":"post_tag","embeddable":true,"href":"https:\/\/www.europesays.com\/fr\/wp-json\/wp\/v2\/tags?post=644928"}],"curies":[{"name":"wp","href":"https:\/\/api.w.org\/{rel}","templated":true}]}}