{"id":644934,"date":"2026-01-06T14:37:12","date_gmt":"2026-01-06T14:37:12","guid":{"rendered":"https:\/\/www.europesays.com\/fr\/644934\/"},"modified":"2026-01-06T14:37:12","modified_gmt":"2026-01-06T14:37:12","slug":"loire-avec-les-perchistes-la-compagnie-des-deboucheurs-poursuit-sa-diversification","status":"publish","type":"post","link":"https:\/\/www.europesays.com\/fr\/644934\/","title":{"rendered":"Loire. Avec Les Perchistes, La Compagnie des D\u00e9boucheurs poursuit sa diversification"},"content":{"rendered":"<p>Vous n\u2019avez sans doute pas pu passer \u00e0 c\u00f4t\u00e9 de ses fourgons bleus et roses, ou de ses communications savamment d\u00e9cal\u00e9es devant lesquelles on ne peut s\u2019emp\u00eacher de sourire.<\/p>\n<p>Depuis sa cr\u00e9ation en 2015, La Compagnie des D\u00e9boucheurs et ses prestations de d\u00e9bouchage de toilettes (et autres canalisations) ont donn\u00e9 un sacr\u00e9 coup de pied dans la fourmili\u00e8re d\u2019un secteur o\u00f9 la transparence des prix n\u2019\u00e9tait pas franchement toujours de mise.<\/p>\n<p>La PME compte d\u00e9sormais 106 agences op\u00e9r\u00e9es par 90 franchis\u00e9s<\/p>\n<p>\u00ab Il y a dix ans, on a d\u00e9barqu\u00e9 avec une grille tarifaire sans surprise, des d\u00e9lais d\u2019intervention clairs,\u00a0etc\u00a0\u00bb, explique Benoit Magand, cofondateur. \u00ab\u00a0Cela a ind\u00e9niablement fait bouger les lignes de la profession. Nous pouvons au moins \u00eatre fiers de \u00e7a, beaucoup ont choisi&#8230;<\/p>\n","protected":false},"excerpt":{"rendered":"Vous n\u2019avez sans doute pas pu passer \u00e0 c\u00f4t\u00e9 de ses fourgons bleus et roses, ou de ses&hellip;\n","protected":false},"author":2,"featured_media":644935,"comment_status":"","ping_status":"","sticky":false,"template":"","format":"standard","meta":{"footnotes":""},"categories":[9653],"tags":[1111,11,2430,4749,33,7359,1777,674,1011,27,3367,12,25,75102,4001,17137],"class_list":{"0":"post-644934","1":"post","2":"type-post","3":"status-publish","4":"format-standard","5":"has-post-thumbnail","7":"category-saint-etienne","8":"tag-actu","9":"tag-actualites","10":"tag-auvergne-rhone-alpes","11":"tag-btp-et-chantiers","12":"tag-economie","13":"tag-edition-loire-centre","14":"tag-eu","15":"tag-europe","16":"tag-fr","17":"tag-france","18":"tag-loire","19":"tag-news","20":"tag-republique-francaise","21":"tag-saint-bonnet-les-oules","22":"tag-saint-etienne","23":"tag-saint-galmier-bassin"},"share_on_mastodon":{"url":"https:\/\/pubeurope.com\/@fr\/115848665123043299","error":""},"_links":{"self":[{"href":"https:\/\/www.europesays.com\/fr\/wp-json\/wp\/v2\/posts\/644934","targetHints":{"allow":["GET"]}}],"collection":[{"href":"https:\/\/www.europesays.com\/fr\/wp-json\/wp\/v2\/posts"}],"about":[{"href":"https:\/\/www.europesays.com\/fr\/wp-json\/wp\/v2\/types\/post"}],"author":[{"embeddable":true,"href":"https:\/\/www.europesays.com\/fr\/wp-json\/wp\/v2\/users\/2"}],"replies":[{"embeddable":true,"href":"https:\/\/www.europesays.com\/fr\/wp-json\/wp\/v2\/comments?post=644934"}],"version-history":[{"count":0,"href":"https:\/\/www.europesays.com\/fr\/wp-json\/wp\/v2\/posts\/644934\/revisions"}],"wp:featuredmedia":[{"embeddable":true,"href":"https:\/\/www.europesays.com\/fr\/wp-json\/wp\/v2\/media\/644935"}],"wp:attachment":[{"href":"https:\/\/www.europesays.com\/fr\/wp-json\/wp\/v2\/media?parent=644934"}],"wp:term":[{"taxonomy":"category","embeddable":true,"href":"https:\/\/www.europesays.com\/fr\/wp-json\/wp\/v2\/categories?post=644934"},{"taxonomy":"post_tag","embeddable":true,"href":"https:\/\/www.europesays.com\/fr\/wp-json\/wp\/v2\/tags?post=644934"}],"curies":[{"name":"wp","href":"https:\/\/api.w.org\/{rel}","templated":true}]}}