{"id":644936,"date":"2026-01-06T14:38:12","date_gmt":"2026-01-06T14:38:12","guid":{"rendered":"https:\/\/www.europesays.com\/fr\/644936\/"},"modified":"2026-01-06T14:38:12","modified_gmt":"2026-01-06T14:38:12","slug":"ep-meca-en-quete-de-10-000-m2-pour-ne-pas-contenir-sa-croissance","status":"publish","type":"post","link":"https:\/\/www.europesays.com\/fr\/644936\/","title":{"rendered":"EP MECA en qu\u00eate de 10 000 m2 pour ne pas contenir sa croissance"},"content":{"rendered":"<p class=\"is-style-chapo\">Petit bureau d\u2019\u00e9tudes \u00e0 sa fondation par Emmanuel Pich en 2005, EP MECA, c\u2019est aujourd\u2019hui une solide PME industrielle de 110 collaborateurs ancr\u00e9e \u00e0 Veauche concevant et fabriquant des machines sp\u00e9ciales servant \u00e0 l\u2019optimisation \u00e9nerg\u00e9tique. En premier lieu pour le secteur de la p\u00e9trochimie m\u00eame si la tendance est \u00e0 la diversification. A un fort d\u00e9veloppement aussi et afin de profiter pleinement des perspectives, entre autres mais en particulier apport\u00e9es par son nouveau produit \u00ab\u00a0Skid\u00a0\u00bb, l\u2019entreprise cherche 10 000 m2 \u00e0 remplir en Sud Forez. En vain \u00e0 ce stade\u2026<\/p>\n<p><img fetchpriority=\"high\" decoding=\"async\" width=\"1024\" height=\"576\" src=\"https:\/\/www.europesays.com\/fr\/wp-content\/uploads\/2026\/01\/20251117_150150-1024x576.jpg\" alt=\"\" class=\"wp-image-81523\"  \/>Seulement bureau d\u2019\u00e9tudes \u00e0 l\u2019origine, EP MECA a rapidement aussi fabriqu\u00e9 ses commandes, install\u00e9e \u00e0 Veauche depuis 2008. \u00a9 XA \/ If Saint-Etienne<\/p>\n<p>Le \u00ab\u00a0simple\u00a0\u00bb bureau d\u2019\u00e9tudes consacr\u00e9 \u00e0 la r\u00e9alisation complexe de machines n\u2019est plus. EP MECA, c\u2019est aujourd\u2019hui beaucoup plus que \u00e7a : une PME qui certes imagine et con\u00e7oit toujours du \u00ab\u00a0sp\u00e9cial\u00a0\u00bb \u2013 11 ing\u00e9nieurs et techniciens y sont affect\u00e9s \u2013 mais fabrique aussi pour autrui, dot\u00e9e de son propre parc (36 machines \u00e0 ce jour). Install\u00e9e depuis 2008 \u00e0 Veauche, la soci\u00e9t\u00e9 ne cesse de grandir mais a d\u00e9sormais cruellement besoin d\u2019espaces pour faire plus. Parti de z\u00e9ro, Emmanuel Pich en est le cr\u00e9ateur. Il est seul, en effet, quand il se lance en 2005 et se met \u00e0 travailler pour SNF, dans un 15 m2 de la rue Louis-Antoine Beaunier \u00e0 Andr\u00e9zieux-Bouth\u00e9on. Cela apr\u00e8s seulement 2 ans de salariat chez Mecaconcept (machines sp\u00e9ciales aussi, aujourd\u2019hui \u00e0 Roche-la-Moli\u00e8re) \u00e0 l\u2019issue de l\u2019obtention de son brevet de technicien sup\u00e9rieur au lyc\u00e9e Sainte-Barbe \u00e0 Saint-Etienne.<\/p>\n<p>20 ans ont pass\u00e9 et Emmanuel Pich est aujourd\u2019hui \u00e0 la t\u00eate de 110 salari\u00e9s (environ 80 en CDI), EP MECA ayant atteint un chiffre d\u2019affaires consolid\u00e9 \u2013 en progression \u2013 de pr\u00e8s de\u00a015 M\u20ac\u00a0en 2025 et visant, gr\u00e2ce \u00e0 un carnet de commandes port\u00e9 par l\u2019optimisation \u00e9nerg\u00e9tique (le refroidissement des data centers par exemple), une hausse tr\u00e8s forte cette ann\u00e9e 2026, soit un CA de\u00a025 M\u20ac. Pas le fruit du hasard, celui de l\u2019acharnement, d\u2019une course perp\u00e9tuelle \u00e0 l\u2019innovation, \u00e0 l\u2019\u00e9quipement et une tendance, croissante aussi, \u00e0 la diversification : son activit\u00e9 historique est certes tr\u00e8s li\u00e9e \u00e0 son gigantesque voisin SNF (encore d\u00e9tenteur de 20 % de ses parts) depuis que le groupe a \u00e9tendu ses activit\u00e9s \u00e0 la p\u00e9trochimie. Un secteur qui repr\u00e9sente d\u2019ailleurs encore environ\u00a040 % du chiffre. Cependant, l\u2019entreprise revendique le d\u00e9veloppent de \u00ab\u00a0comp\u00e9tences diversifi\u00e9es dans de multiples secteurs d\u2019activit\u00e9s\u00a0\u00bb.<\/p>\n<p>EP MECA a scind\u00e9 ses activit\u00e9s en 2024<\/p>\n<p>Chimie donc mais aussi \u2013 toujours dans le but de m\u00e9langer, broyer, homog\u00e9n\u00e9iser des fluides \u2013 au service de la \u00ab\u00a0papeterie, des laboratoires, de la m\u00e9canique g\u00e9n\u00e9rale, de l\u2019agroalimentaire, des cosm\u00e9tiques, de la chaudronnerie fine, de la d\u00e9coupe jet d\u2019eau, du fraisage et tournage\u00a0\u00bb. Le <a href=\"https:\/\/www.if-saint-etienne.fr\/economie\/fusion-42-le-nucleaire-de-la-loire-a-sa-banniere\" target=\"_blank\" rel=\"noreferrer noopener\">nucl\u00e9aire<\/a> ? \u00ab\u00a0Un peu aussi\u00a0\u00bb, ajoute Emmanuel Pich au regard des forts enjeux nationaux annonc\u00e9s dans ce secteur dans les ann\u00e9es \u00e0 venir\u2026 \u00a0Le tout avec la capacit\u00e9 \u00e0 s\u2019adapter aussi bien aux commandes de petites PME que de grands groupes et \u00e0 fournir \u00ab\u00a0une offre globale de services : d\u00e9finition du cahier des charges, r\u00e9alisation et montage, livraison et installation sur site, essais et maintenance\u00a0\u00bb.\u00a0 A l\u2019automne 2024, la croissance d\u2019EP MECA a pouss\u00e9 Emmanuel Pich \u00e0 l\u2019organiser autrement en scindant ses activit\u00e9s : \u00e0 \u00ab\u00a0EP MECA\u00a0\u00bb le bureau d\u2019\u00e9tudes,\u00a0\u00e0 Global Process la fabrication des machines et pi\u00e8ces d\u2019usinage, et\u00a0SLM Maintenance\u00a0pour les op\u00e9rations de maintenance.<\/p>\n<p><img loading=\"lazy\" decoding=\"async\" width=\"1024\" height=\"576\" src=\"https:\/\/www.europesays.com\/fr\/wp-content\/uploads\/2026\/01\/20251117_150802-1024x576.jpg\" alt=\"\" class=\"wp-image-81524\"  \/>Emmanuel Pich, cr\u00e9ateur et dirigeant d\u2019EP MECA. \u00a9XA \/ If Saint-Etienne<\/p>\n<p>Avec une concurrence au souffle montant de la part de pays qu\u2019il ne convient plus de qualifier d\u2019\u00e9mergeants, l\u2019entreprise doit sans cesse se mettre \u00e0 jour, prendre un coup d\u2019avance. Un de ses projets actuels est de d\u00e9velopper son activit\u00e9 dite \u00ab\u00a0<a href=\"https:\/\/www.epmeca.eu\/nos-amenagements-en-conteneur\/\" target=\"_blank\" rel=\"noopener\">Skid<\/a>\u00ab\u00a0, \u00ab\u00a0structure mobile compos\u00e9e d\u2019un ch\u00e2ssis supportant un conteneur et pouvant \u00eatre \u00e9quip\u00e9e des \u00e9l\u00e9ments industriels\u00a0\u00bb souhait\u00e9s par le client. SNF est en particulier int\u00e9ress\u00e9 pour mieux d\u00e9ployer ses technologies de d\u00e9carbonation des processus industriels p\u00e9troliers. Entre nouvelle ligne de montage et stockage \u2013 actuellement sous chapiteaux \u2013 avant exp\u00e9dition (investissement retenu par les dispositifs d\u2019aide r\u00e9industrialisation de la R\u00e9gion Aura : 200 000 \u20ac attendus), EP Meca a cependant besoin de consid\u00e9rablement \u00e9tendre ses locaux.<\/p>\n<p>Et c\u2019est l\u00e0 qu\u2019un peu plus qu\u2019un grain de sable pourrait ralentir la machine \u00e0 cro\u00eetre. Car l\u2019entreprise est en qu\u00eate depuis plus d\u2019un an de ses nouveaux m\u00e8tres carr\u00e9s en sud Forez qui ne peuvent pas \u00eatre r\u00e9alis\u00e9s sur son site actuel de Veauche. Pas moins de 10 000 m2 sont d\u00e9sormais n\u00e9cessaires. La reprise des 5 800 m2 du feu \u00e9quipementier automobile Anderton Castings \u00e0 Andr\u00e9zieux-Bouth\u00e9on (liquid\u00e9e en novembre 2024) et se serait av\u00e9r\u00e9 de toute fa\u00e7on insuffisante avec l\u2019\u00e9volution, encore \u00e0 la hausse, des perspectives. Cette \u00e9volution doit compter \u00e0 elle seule pour environ 6 M\u20ac de CA annuels en plus cette ann\u00e9e et la titularisation d\u2019une bonne vingtaine d\u2019int\u00e9rimaires, chaudronniers notamment. Rencontr\u00e9 sur son site par notre r\u00e9daction mi-novembre dans le cadre d\u2019une visite de l\u2019ex\u00e9cutif du conseil r\u00e9gional, Emmanuel Pich nous indiquait en \u00eatre toujours au m\u00eame stade en ce d\u00e9but d\u2019ann\u00e9e.<\/p>\n","protected":false},"excerpt":{"rendered":"Petit bureau d\u2019\u00e9tudes \u00e0 sa fondation par Emmanuel Pich en 2005, EP MECA, c\u2019est aujourd\u2019hui une solide PME&hellip;\n","protected":false},"author":2,"featured_media":644937,"comment_status":"","ping_status":"","sticky":false,"template":"","format":"standard","meta":{"footnotes":""},"categories":[9653],"tags":[1111,11,2430,345,63957,75103,18540,75104,1777,674,57128,1011,27,10326,75105,12,69445,25,4001,75106],"class_list":{"0":"post-644936","1":"post","2":"type-post","3":"status-publish","4":"format-standard","5":"has-post-thumbnail","7":"category-saint-etienne","8":"tag-actu","9":"tag-actualites","10":"tag-auvergne-rhone-alpes","11":"tag-chef-dentreprise","12":"tag-economie-denergie","13":"tag-emmanuel-pich","14":"tag-entreprises-loire","15":"tag-ep-meca","16":"tag-eu","17":"tag-europe","18":"tag-extensif","19":"tag-fr","20":"tag-france","21":"tag-industrie-loire","22":"tag-machines-speciales","23":"tag-news","24":"tag-region-aura","25":"tag-republique-francaise","26":"tag-saint-etienne","27":"tag-snf"},"share_on_mastodon":{"url":"https:\/\/pubeurope.com\/@fr\/115848669084675544","error":""},"_links":{"self":[{"href":"https:\/\/www.europesays.com\/fr\/wp-json\/wp\/v2\/posts\/644936","targetHints":{"allow":["GET"]}}],"collection":[{"href":"https:\/\/www.europesays.com\/fr\/wp-json\/wp\/v2\/posts"}],"about":[{"href":"https:\/\/www.europesays.com\/fr\/wp-json\/wp\/v2\/types\/post"}],"author":[{"embeddable":true,"href":"https:\/\/www.europesays.com\/fr\/wp-json\/wp\/v2\/users\/2"}],"replies":[{"embeddable":true,"href":"https:\/\/www.europesays.com\/fr\/wp-json\/wp\/v2\/comments?post=644936"}],"version-history":[{"count":0,"href":"https:\/\/www.europesays.com\/fr\/wp-json\/wp\/v2\/posts\/644936\/revisions"}],"wp:featuredmedia":[{"embeddable":true,"href":"https:\/\/www.europesays.com\/fr\/wp-json\/wp\/v2\/media\/644937"}],"wp:attachment":[{"href":"https:\/\/www.europesays.com\/fr\/wp-json\/wp\/v2\/media?parent=644936"}],"wp:term":[{"taxonomy":"category","embeddable":true,"href":"https:\/\/www.europesays.com\/fr\/wp-json\/wp\/v2\/categories?post=644936"},{"taxonomy":"post_tag","embeddable":true,"href":"https:\/\/www.europesays.com\/fr\/wp-json\/wp\/v2\/tags?post=644936"}],"curies":[{"name":"wp","href":"https:\/\/api.w.org\/{rel}","templated":true}]}}