{"id":644938,"date":"2026-01-06T14:39:19","date_gmt":"2026-01-06T14:39:19","guid":{"rendered":"https:\/\/www.europesays.com\/fr\/644938\/"},"modified":"2026-01-06T14:39:19","modified_gmt":"2026-01-06T14:39:19","slug":"grande-conference-du-beta-la-macroeconomie-de-lintelligence-artificielle-par-antonin-bergeaud-factuel","status":"publish","type":"post","link":"https:\/\/www.europesays.com\/fr\/644938\/","title":{"rendered":"[Grande conf\u00e9rence du BETA] La macro\u00e9conomie de l\u2019Intelligence Artificielle, par Antonin Bergeaud &#8211; Factuel"},"content":{"rendered":"<p>Temps de lecture : 2 minutes<\/p>\n<p>Informations pratiques<\/p>\n<p><strong>Localisation : <\/strong>Amphi AR06 &#8211; Facult\u00e9 de Droit, Sciences \u00e9conomiques et Gestion, 13 place Carnot<\/p>\n<p> <strong>Date de d\u00e9but :<\/strong> 16\/02\/2026 14:15 <strong>Date de fin : <\/strong> 16\/02\/2026 15:45<\/p>\n<p><strong>Antonin Bergeaud<\/strong>, Professeur associ\u00e9 en \u00e9conomie \u00e0 HEC Paris, sp\u00e9cialiste de la croissance \u00e9conomique et de l\u2019innovation, sera l\u2019invit\u00e9 de la prochaine Grande conf\u00e9rence du BETA, qui se d\u00e9roulera le lundi 16 f\u00e9vrier 2026, de 14h15 \u00e0 15h45, \u00e0 la Facult\u00e9 de Droit, Sciences \u00e9conomiques et Gestion de Nancy.<\/p>\n<p>Il interviendra sur le th\u00e8me \u00ab\u00a0<strong>La macro\u00e9conomie de l\u2019Intelligence Artificielle\u00a0<\/strong>\u00bb<\/p>\n<p><strong>R\u00e9sum\u00e9 : <\/strong>Depuis l\u2019arriv\u00e9e de ChatGPT, les promesses de l\u2019intelligence artificielle semblent s\u2019\u00eatre d\u00e9multipli\u00e9es tant dans les discours \u00e9conomiques que dans les r\u00e9actions politiques, avec une course \u00e0 l\u2019investissement qui fait craindre une bulle. Mais quelles sont r\u00e9ellement les effets que l\u2019on peut attendre de la diffusion de ces nouvelles technologies dans l\u2019\u00e9conomie ? L\u2019IA a-t-elle le potentiel d\u2019\u00eatre \u00e0 l\u2019origine d\u2019une nouvelle r\u00e9volution industrielle ? Et si oui, \u00e0 quelle condition et quelle sera l\u2019amplitude et la port\u00e9e de cette r\u00e9volution. Dans cette pr\u00e9sentation, nous discutons les principaux r\u00e9sultats de la litt\u00e9rature macro\u00e9conomique pour mieux comprendre les enjeux et les risques.<\/p>\n<p>Cette conf\u00e9rence est gratuite et ouverte au grand public.<\/p>\n<p><\/p>\n","protected":false},"excerpt":{"rendered":"Temps de lecture : 2 minutes Informations pratiques Localisation : Amphi AR06 &#8211; Facult\u00e9 de Droit, Sciences \u00e9conomiques&hellip;\n","protected":false},"author":2,"featured_media":644939,"comment_status":"","ping_status":"","sticky":false,"template":"","format":"standard","meta":{"footnotes":""},"categories":[9635],"tags":[1111,11,1777,674,1011,27,775,1702,12,25],"class_list":{"0":"post-644938","1":"post","2":"type-post","3":"status-publish","4":"format-standard","5":"has-post-thumbnail","7":"category-nancy","8":"tag-actu","9":"tag-actualites","10":"tag-eu","11":"tag-europe","12":"tag-fr","13":"tag-france","14":"tag-grand-est","15":"tag-nancy","16":"tag-news","17":"tag-republique-francaise"},"share_on_mastodon":{"url":"https:\/\/pubeurope.com\/@fr\/115848673009709481","error":""},"_links":{"self":[{"href":"https:\/\/www.europesays.com\/fr\/wp-json\/wp\/v2\/posts\/644938","targetHints":{"allow":["GET"]}}],"collection":[{"href":"https:\/\/www.europesays.com\/fr\/wp-json\/wp\/v2\/posts"}],"about":[{"href":"https:\/\/www.europesays.com\/fr\/wp-json\/wp\/v2\/types\/post"}],"author":[{"embeddable":true,"href":"https:\/\/www.europesays.com\/fr\/wp-json\/wp\/v2\/users\/2"}],"replies":[{"embeddable":true,"href":"https:\/\/www.europesays.com\/fr\/wp-json\/wp\/v2\/comments?post=644938"}],"version-history":[{"count":0,"href":"https:\/\/www.europesays.com\/fr\/wp-json\/wp\/v2\/posts\/644938\/revisions"}],"wp:featuredmedia":[{"embeddable":true,"href":"https:\/\/www.europesays.com\/fr\/wp-json\/wp\/v2\/media\/644939"}],"wp:attachment":[{"href":"https:\/\/www.europesays.com\/fr\/wp-json\/wp\/v2\/media?parent=644938"}],"wp:term":[{"taxonomy":"category","embeddable":true,"href":"https:\/\/www.europesays.com\/fr\/wp-json\/wp\/v2\/categories?post=644938"},{"taxonomy":"post_tag","embeddable":true,"href":"https:\/\/www.europesays.com\/fr\/wp-json\/wp\/v2\/tags?post=644938"}],"curies":[{"name":"wp","href":"https:\/\/api.w.org\/{rel}","templated":true}]}}