{"id":644954,"date":"2026-01-06T14:50:13","date_gmt":"2026-01-06T14:50:13","guid":{"rendered":"https:\/\/www.europesays.com\/fr\/644954\/"},"modified":"2026-01-06T14:50:13","modified_gmt":"2026-01-06T14:50:13","slug":"menace-par-un-parent-deleve-a-rennes-lenseignant-est-revenu-dans-lecole-la-famille-a-ete-transferee-dans-un-autre-etablissement","status":"publish","type":"post","link":"https:\/\/www.europesays.com\/fr\/644954\/","title":{"rendered":"Menac\u00e9 par un parent d\u2019\u00e9l\u00e8ve \u00e0 Rennes\u00a0: l\u2019enseignant est revenu dans l\u2019\u00e9cole, la famille a \u00e9t\u00e9 transf\u00e9r\u00e9e dans un autre \u00e9tablissement"},"content":{"rendered":"<p>Les faits remontent au 10 octobre 2025. Ce jour-l\u00e0, le p\u00e8re d\u2019une \u00e9l\u00e8ve de grande section de l\u2019\u00e9cole maternelle des Cl\u00f4teaux, \u00e0 Rennes, s\u2019\u00e9tait rendu dans l\u2019\u00e9cole apr\u00e8s avoir appris que sa fille avait \u00e9t\u00e9 accompagn\u00e9e aux toilettes par l\u2019enseignant, \u00e9galement directeur. Une discussion vive s\u2019\u00e9tait engag\u00e9e. Selon les syndicats, des propos mena\u00e7ants et sexistes avaient \u00e9t\u00e9 tenus \u00e0 l\u2019encontre de l\u2019enseignant.<\/p>\n<p>Celui-ci avait d\u00e9pos\u00e9 plainte pour menaces de mort et outrage sexiste et s\u2019\u00e9tait plac\u00e9 en arr\u00eat de travail. L\u2019\u00e9quipe \u00e9ducative avait demand\u00e9 le transfert de la petite fille dans un autre \u00e9tablissement, estimant que le lien de confiance avec la famille avait \u00e9t\u00e9 rompu. Face \u00e0 la d\u00e9gradation du climat au sein de l\u2019\u00e9cole, le directeur acad\u00e9mique des services de l\u2019\u00c9ducation nationale (Dasen) avait engag\u00e9 une m\u00e9diation et mis en place des mesures de protection renforc\u00e9es pour les personnels, incluant la protection fonctionnelle du directeur.<\/p>\n<p>Les enfants transf\u00e9r\u00e9s dans une autre \u00e9cole<\/p>\n<p>Selon nos informations, l\u2019enseignant a repris son poste ce lundi 5 janvier, jour de la rentr\u00e9e, accompagn\u00e9 par un membre de la direction acad\u00e9mique \u00ab pr\u00e9sent \u00e0 ses c\u00f4t\u00e9s \u00bb. Les trois enfants de la famille ont quant \u00e0 eux \u00e9t\u00e9 rescolaris\u00e9s dans une autre \u00e9cole publique rennaise, o\u00f9 ils \u00e9taient attendus ce matin. Les parents contestent toutefois cette d\u00e9cision du rectorat et envisagent un recours en r\u00e9f\u00e9r\u00e9 devant le tribunal administratif. \u00c9galement entendus par la justice dans le cadre de la plainte de l\u2019enseignant, ils reconnaissent des \u00e9changes tendus mais r\u00e9futent toute menace de mort. Selon les informations du T\u00e9l\u00e9gramme, la plainte du directeur pour menaces de mort a \u00e9t\u00e9 class\u00e9e sans suite. Le procureur de la R\u00e9publique n\u2019a pour le moment pas confirm\u00e9 cette information.<\/p>\n<p>Relay\u00e9e par de nombreux m\u00e9dias, cette affaire avait cr\u00e9\u00e9 un \u00e9moi important. Apr\u00e8s une premi\u00e8re gr\u00e8ve et un rassemblement organis\u00e9s le 21 novembre devant l\u2019\u00e9cole des Cl\u00f4teaux, six organisations syndicales avaient d\u00e9pos\u00e9 un pr\u00e9avis de gr\u00e8ve pour le 11 d\u00e9cembre, <a href=\"https:\/\/www.letelegramme.fr\/ille-et-vilaine\/rennes-35000\/quatre-ecoles-fermees-a-rennes-et-plus-de-200-personnes-mobilisees-pour-soutenir-un-enseignant-menace-de-mort-6932754.php\" target=\"_blank\" rel=\"noopener\">d\u00e9non\u00e7ant plus largement les violences<\/a> et pressions subies par les personnels de l\u2019\u00c9ducation nationale.<\/p>\n","protected":false},"excerpt":{"rendered":"Les faits remontent au 10 octobre 2025. Ce jour-l\u00e0, le p\u00e8re d\u2019une \u00e9l\u00e8ve de grande section de l\u2019\u00e9cole&hellip;\n","protected":false},"author":2,"featured_media":644955,"comment_status":"","ping_status":"","sticky":false,"template":"","format":"standard","meta":{"footnotes":""},"categories":[2821],"tags":[1111,11,829,1057,765,1777,674,1011,27,848,12,584,25],"class_list":{"0":"post-644954","1":"post","2":"type-post","3":"status-publish","4":"format-standard","5":"has-post-thumbnail","7":"category-rennes","8":"tag-actu","9":"tag-actualites","10":"tag-bretagne","11":"tag-education","12":"tag-en-continu","13":"tag-eu","14":"tag-europe","15":"tag-fr","16":"tag-france","17":"tag-ille-et-vilaine","18":"tag-news","19":"tag-rennes","20":"tag-republique-francaise"},"share_on_mastodon":{"url":"https:\/\/pubeurope.com\/@fr\/115848716272830559","error":""},"_links":{"self":[{"href":"https:\/\/www.europesays.com\/fr\/wp-json\/wp\/v2\/posts\/644954","targetHints":{"allow":["GET"]}}],"collection":[{"href":"https:\/\/www.europesays.com\/fr\/wp-json\/wp\/v2\/posts"}],"about":[{"href":"https:\/\/www.europesays.com\/fr\/wp-json\/wp\/v2\/types\/post"}],"author":[{"embeddable":true,"href":"https:\/\/www.europesays.com\/fr\/wp-json\/wp\/v2\/users\/2"}],"replies":[{"embeddable":true,"href":"https:\/\/www.europesays.com\/fr\/wp-json\/wp\/v2\/comments?post=644954"}],"version-history":[{"count":0,"href":"https:\/\/www.europesays.com\/fr\/wp-json\/wp\/v2\/posts\/644954\/revisions"}],"wp:featuredmedia":[{"embeddable":true,"href":"https:\/\/www.europesays.com\/fr\/wp-json\/wp\/v2\/media\/644955"}],"wp:attachment":[{"href":"https:\/\/www.europesays.com\/fr\/wp-json\/wp\/v2\/media?parent=644954"}],"wp:term":[{"taxonomy":"category","embeddable":true,"href":"https:\/\/www.europesays.com\/fr\/wp-json\/wp\/v2\/categories?post=644954"},{"taxonomy":"post_tag","embeddable":true,"href":"https:\/\/www.europesays.com\/fr\/wp-json\/wp\/v2\/tags?post=644954"}],"curies":[{"name":"wp","href":"https:\/\/api.w.org\/{rel}","templated":true}]}}