{"id":644956,"date":"2026-01-06T14:51:10","date_gmt":"2026-01-06T14:51:10","guid":{"rendered":"https:\/\/www.europesays.com\/fr\/644956\/"},"modified":"2026-01-06T14:51:10","modified_gmt":"2026-01-06T14:51:10","slug":"decouvrez-les-temperatures-glaciales-dans-la-region","status":"publish","type":"post","link":"https:\/\/www.europesays.com\/fr\/644956\/","title":{"rendered":"d\u00e9couvrez les temp\u00e9ratures glaciales dans la r\u00e9gion"},"content":{"rendered":"<p>                    Par<br \/>\n        <strong><br \/>\n            <a href=\"https:\/\/actu.fr\/auteur\/brian-legoff\" title=\"Consulter tous les articles de Brian Le Goff\" target=\"_blank\" rel=\"noopener\">Brian Le Goff<\/a><br \/>\n                    <\/strong><\/p>\n<p>        Publi\u00e9 le<\/p>\n<p>            6 janv. 2026 \u00e0 13h37        <\/p>\n<p><a href=\"https:\/\/actu.fr\/bretagne\/rennes_35238\/3-a-4-cm-de-neige-attendus-a-rennes-voici-a-quelle-heure-les-flocons-vont-tomber_63649732.html\" target=\"_blank\" rel=\"noopener\">On \u00e9tait pr\u00e9venu<\/a>, mais <strong>on ne s\u2019attendait pas forc\u00e9ment \u00e0 un tel climat<\/strong> pour ce d\u00e9but d\u2019ann\u00e9e 2026. <a href=\"https:\/\/actu.fr\/bretagne\/rennes_35238\/neige-a-rennes-circulation-bus-metro-previsions-meteo-suivez-la-situation-en-direct_63652791.html\" target=\"_blank\" rel=\"noopener\">Lundi 5\u00a0janvier, un \u00e9pisode neigeux<\/a> a touch\u00e9 le Grand Ouest de la France. <strong>La Bretagne n\u2019est pas en reste.<\/strong> M\u00e9t\u00e9o France avait plac\u00e9 <a href=\"https:\/\/actu.fr\/bretagne\/rennes_35238\/neige-verglas-meteo-france-maintient-l-alerte-la-bretagne-reste-en-vigilance-orange-mardi_63649859.html\" target=\"_blank\" rel=\"noopener\">la r\u00e9gion en vigilance orange lundi et mardi matin<\/a>.<\/p>\n<p class=\" wall-content\">Durant la nuit, les temp\u00e9ratures sont descendues \u00e0 un niveau extr\u00eamement bas. <strong>Jusqu\u2019\u00e0 -10,4\u00a0\u00b0C ont \u00e9t\u00e9 enregistr\u00e9s \u00e0 Kerpert, dans les C\u00f4tes-d\u2019Armor<\/strong>.\u00a0\u00c0 Laill\u00e9, juste au sud de <a href=\"https:\/\/actu.fr\/rennes\/\" target=\"_blank\" rel=\"noopener\">Rennes<\/a>, il a fait -9,6\u00a0\u00b0C. \u00c0 Landujan, \u2013 9,1\u00a0\u00b0C\u2009; \u2013 8,4\u00a0\u00b0C \u00e0 Pleucadeuc et \u2013 8\u00a0\u00b0C \u00e0 Gu\u00e9men\u00e9-Penfao.<\/p>\n<p class=\" wall-content\">D\u00e9couvrez toutes les temp\u00e9ratures minimales de la r\u00e9gion gr\u00e2ce \u00e0 la carte de <a href=\"https:\/\/www.meteo.bzh\/\" target=\"_blank\" rel=\"noopener\">M\u00e9t\u00e9o Bretagne<\/a>, publi\u00e9e sur son compte X.<\/p>\n<p class=\" wall-content\">\n<p class=\" wall-content\">\u00c0 Rennes, il a fait au minimum -5,2\u00a0\u00b0C\u2009; <strong>-2,1\u00a0\u00b0C \u00e0 Vannes\u2009; \u2013 1,7\u00a0\u00b0C \u00e0 Saint-Brieuc et \u00e0 Dinard<\/strong>.<\/p>\n<p>Les \u00eeles et certains littoraux au-dessus de 0\u00a0\u00b0C<\/p>\n<p class=\" wall-content\">Il n\u2019y a que sur les \u00eeles et les littoraux du Finist\u00e8re et des C\u00f4tes-d\u2019Armor que le thermom\u00e8tre est rest\u00e9 au-dessus des 0 \u00b0C. On note <strong>1\u00a0\u00b0C sur la Presqu\u2019\u00eele de Crozon<\/strong>. C\u2019est du c\u00f4t\u00e9 de <strong>Roscoff<\/strong> que le thermom\u00e8tre est le moins descendu avec<strong> 5\u00a0\u00b0C<\/strong> au minimum.<\/p>\n<p class=\" wall-content\">Personnalisez votre actualit\u00e9 en ajoutant vos villes et m\u00e9dias en favori avec <a href=\"https:\/\/moncompte.actu.fr\" title=\"D\u00e9couvez Mon Actu\" rel=\"nofollow noopener\" data-trk=\"{&quot;cta&quot;:{&quot;action&quot;:&quot;https:\\\/\\\/moncompte.actu.fr&quot;,&quot;category&quot;:&quot;mon compte&quot;,&quot;from&quot;:&quot;article footer&quot;,&quot;name&quot;:&quot;Mon actu&quot;,&quot;type&quot;:&quot;cta&quot;}}\" target=\"_blank\">Mon Actu<\/a>.<\/p>\n","protected":false},"excerpt":{"rendered":"Par Brian Le Goff Publi\u00e9 le 6 janv. 2026 \u00e0 13h37 On \u00e9tait pr\u00e9venu, mais on ne s\u2019attendait&hellip;\n","protected":false},"author":2,"featured_media":644957,"comment_status":"","ping_status":"","sticky":false,"template":"","format":"standard","meta":{"footnotes":""},"categories":[2821],"tags":[1111,11,829,1777,674,1011,27,3447,2487,2357,10584,12,584,25],"class_list":{"0":"post-644956","1":"post","2":"type-post","3":"status-publish","4":"format-standard","5":"has-post-thumbnail","7":"category-rennes","8":"tag-actu","9":"tag-actualites","10":"tag-bretagne","11":"tag-eu","12":"tag-europe","13":"tag-fr","14":"tag-france","15":"tag-froid","16":"tag-meteo","17":"tag-meteo-france","18":"tag-neige","19":"tag-news","20":"tag-rennes","21":"tag-republique-francaise"},"share_on_mastodon":{"url":"https:\/\/pubeurope.com\/@fr\/115848720278505120","error":""},"_links":{"self":[{"href":"https:\/\/www.europesays.com\/fr\/wp-json\/wp\/v2\/posts\/644956","targetHints":{"allow":["GET"]}}],"collection":[{"href":"https:\/\/www.europesays.com\/fr\/wp-json\/wp\/v2\/posts"}],"about":[{"href":"https:\/\/www.europesays.com\/fr\/wp-json\/wp\/v2\/types\/post"}],"author":[{"embeddable":true,"href":"https:\/\/www.europesays.com\/fr\/wp-json\/wp\/v2\/users\/2"}],"replies":[{"embeddable":true,"href":"https:\/\/www.europesays.com\/fr\/wp-json\/wp\/v2\/comments?post=644956"}],"version-history":[{"count":0,"href":"https:\/\/www.europesays.com\/fr\/wp-json\/wp\/v2\/posts\/644956\/revisions"}],"wp:featuredmedia":[{"embeddable":true,"href":"https:\/\/www.europesays.com\/fr\/wp-json\/wp\/v2\/media\/644957"}],"wp:attachment":[{"href":"https:\/\/www.europesays.com\/fr\/wp-json\/wp\/v2\/media?parent=644956"}],"wp:term":[{"taxonomy":"category","embeddable":true,"href":"https:\/\/www.europesays.com\/fr\/wp-json\/wp\/v2\/categories?post=644956"},{"taxonomy":"post_tag","embeddable":true,"href":"https:\/\/www.europesays.com\/fr\/wp-json\/wp\/v2\/tags?post=644956"}],"curies":[{"name":"wp","href":"https:\/\/api.w.org\/{rel}","templated":true}]}}