{"id":644960,"date":"2026-01-06T14:53:11","date_gmt":"2026-01-06T14:53:11","guid":{"rendered":"https:\/\/www.europesays.com\/fr\/644960\/"},"modified":"2026-01-06T14:53:11","modified_gmt":"2026-01-06T14:53:11","slug":"marc-keller-president-accule-par-les-supporters-de-strasbourg-apres-le-depart-a-chelsea-de-liam-rosenior-il-faut-partir-maintenant","status":"publish","type":"post","link":"https:\/\/www.europesays.com\/fr\/644960\/","title":{"rendered":"Marc Keller, pr\u00e9sident accul\u00e9 par les supporters de Strasbourg apr\u00e8s le d\u00e9part \u00e0 Chelsea de Liam Rosenior\u00a0: \u00ab\u00a0Il faut partir, maintenant\u00a0\u00bb"},"content":{"rendered":"\n<p>\n            Foot,\n        <\/p>\n<p>\n            Ligue 1,\n        <\/p>\n<p>\n            Strasbourg\n        <\/p>\n<p> abonn\u00e9<\/p>\n<p>Marc Keller, pr\u00e9sident accul\u00e9 par les supporters de Strasbourg apr\u00e8s le d\u00e9part \u00e0 Chelsea de Liam Rosenior\u00a0: \u00ab\u00a0Il faut partir, maintenant\u00a0\u00bb<\/p>\n<p>Pr\u00e9sident de Strasbourg depuis 2012 et incarnation du retour en Ligue\u00a01, Marc Keller est d\u00e9sormais la cible majeure de supporters exc\u00e9d\u00e9s par le d\u00e9part en cours de saison de Liam Rosenior, nomm\u00e9 sur le banc de Chelsea. La F\u00e9d\u00e9ration des Supporters du Racing Club de Strasbourg (FSRCS) appelle m\u00eame \u00e0 son d\u00e9part imm\u00e9diat.<\/p>\n","protected":false},"excerpt":{"rendered":"Foot, Ligue 1, Strasbourg abonn\u00e9 Marc Keller, pr\u00e9sident accul\u00e9 par les supporters de Strasbourg apr\u00e8s le d\u00e9part \u00e0&hellip;\n","protected":false},"author":2,"featured_media":644961,"comment_status":"","ping_status":"","sticky":false,"template":"","format":"standard","meta":{"footnotes":""},"categories":[2820],"tags":[1111,11,1777,674,1011,27,775,12,25,640],"class_list":{"0":"post-644960","1":"post","2":"type-post","3":"status-publish","4":"format-standard","5":"has-post-thumbnail","7":"category-strasbourg","8":"tag-actu","9":"tag-actualites","10":"tag-eu","11":"tag-europe","12":"tag-fr","13":"tag-france","14":"tag-grand-est","15":"tag-news","16":"tag-republique-francaise","17":"tag-strasbourg"},"share_on_mastodon":{"url":"https:\/\/pubeurope.com\/@fr\/115848728019688744","error":""},"_links":{"self":[{"href":"https:\/\/www.europesays.com\/fr\/wp-json\/wp\/v2\/posts\/644960","targetHints":{"allow":["GET"]}}],"collection":[{"href":"https:\/\/www.europesays.com\/fr\/wp-json\/wp\/v2\/posts"}],"about":[{"href":"https:\/\/www.europesays.com\/fr\/wp-json\/wp\/v2\/types\/post"}],"author":[{"embeddable":true,"href":"https:\/\/www.europesays.com\/fr\/wp-json\/wp\/v2\/users\/2"}],"replies":[{"embeddable":true,"href":"https:\/\/www.europesays.com\/fr\/wp-json\/wp\/v2\/comments?post=644960"}],"version-history":[{"count":0,"href":"https:\/\/www.europesays.com\/fr\/wp-json\/wp\/v2\/posts\/644960\/revisions"}],"wp:featuredmedia":[{"embeddable":true,"href":"https:\/\/www.europesays.com\/fr\/wp-json\/wp\/v2\/media\/644961"}],"wp:attachment":[{"href":"https:\/\/www.europesays.com\/fr\/wp-json\/wp\/v2\/media?parent=644960"}],"wp:term":[{"taxonomy":"category","embeddable":true,"href":"https:\/\/www.europesays.com\/fr\/wp-json\/wp\/v2\/categories?post=644960"},{"taxonomy":"post_tag","embeddable":true,"href":"https:\/\/www.europesays.com\/fr\/wp-json\/wp\/v2\/tags?post=644960"}],"curies":[{"name":"wp","href":"https:\/\/api.w.org\/{rel}","templated":true}]}}