{"id":644974,"date":"2026-01-06T15:01:11","date_gmt":"2026-01-06T15:01:11","guid":{"rendered":"https:\/\/www.europesays.com\/fr\/644974\/"},"modified":"2026-01-06T15:01:11","modified_gmt":"2026-01-06T15:01:11","slug":"lesplanade-de-la-gare-matabiau-est-interdite-dacces","status":"publish","type":"post","link":"https:\/\/www.europesays.com\/fr\/644974\/","title":{"rendered":"l&rsquo;esplanade de la gare Matabiau est interdite d&rsquo;acc\u00e8s"},"content":{"rendered":"<p>                    Par<br \/>\n        <strong><br \/>\n            <a href=\"https:\/\/actu.fr\/auteur\/anaelle-petit\" title=\"Consulter tous les articles de Ana\u00eblle Petit\" target=\"_blank\" rel=\"noopener\">Ana\u00eblle Petit<\/a><br \/>\n                    <\/strong><\/p>\n<p>        Publi\u00e9 le<\/p>\n<p>            6 janv. 2026 \u00e0 14h38<br \/>\n        ; mis \u00e0 jour le 6 janv. 2026 \u00e0 14h40    <\/p>\n<p>Malgr\u00e9 un grand soleil en fin de matin\u00e9e ce mardi, l\u2019esplanade de la gare Matabiau de <strong><a href=\"https:\/\/actu.fr\/toulouse\/\" target=\"_blank\" rel=\"noopener\">Toulouse<\/a> <\/strong>reste toujours banalis\u00e9e. Si le verglas \u00e9tait pr\u00e9sent en fin de matin\u00e9e, \u00e0 la mi-journ\u00e9e, il ne reste plus que des flaques t\u00e9moignant du givre.<\/p>\n<p>\u00ab\u2009Danger sol glissant\u2009\u00bb<\/p>\n<p class=\" wall-content\">Sur place, plusieurs barri\u00e8res, rubalises et panneaux de signalisation ont \u00e9t\u00e9 install\u00e9s pour attirer l\u2019attention des pi\u00e9tons sur le caract\u00e8re potentiellement dangereux de la zone. Le parvis est encore en partie recouvert de givre. <strong>\u00ab\u2009Danger sol glissant\u2009\u00bb,<\/strong> peut-on lire sur les panneaux dispos\u00e9s tout autour de l\u2019esplanade.<\/p>\n<p class=\" wall-content\">Cette mesure vise \u00e0 \u00e9viter les <strong>chutes des passants<\/strong> alors que les temp\u00e9ratures restent dans le n\u00e9gatif. Dans la nuit de lundi \u00e0 mardi, <a href=\"https:\/\/actu.fr\/occitanie\/toulouse_31555\/10-1-c-releves-une-nuit-glaciale-a-toulouse-depuis-quand-n-avait-il-pas-fait-aussi-froid_63655256.html\" target=\"_blank\" rel=\"noopener\"><strong>-10\u00b0C ont \u00e9t\u00e9 enregistr\u00e9s \u00e0 Toulouse<\/strong><\/a>, un niveau de froid in\u00e9dit dans la Ville Rose depuis 14\u00a0ans.<\/p>\n<p>Des rubalises coup\u00e9es<\/p>\n<p class=\" wall-content\">Tr\u00e8s fr\u00e9quent\u00e9e, l\u2019esplanade de la gare est emprunt\u00e9e par <strong>environ 60\u2009000 pi\u00e9tons<\/strong> chaque jour. Ce matin, la signal\u00e9tique mise en place<strong> n\u2019a pas dissuad\u00e9 tous les passants<\/strong> d\u2019utiliser l\u2019acc\u00e8s.<\/p>\n<p class=\" wall-content\">Des <strong>barri\u00e8res<\/strong> ont \u00e9t\u00e9 d\u00e9plac\u00e9es, permettant aux pi\u00e9tons de traverser l\u2019esplanade malgr\u00e9 l\u2019interdiction. Plusieurs passants, emmitoufl\u00e9s contre le froid, semblaient d\u2019ailleurs ne pas remarquer les dispositifs de s\u00e9curit\u00e9. \u00ab\u2009Des barri\u00e8res \u00e9taient ouvertes alors je suis pass\u00e9, comme tout le monde. Je n\u2019allais pas faire le tour\u2009\u00bb, explique <strong>Laurent,<\/strong> qui ajoute\u2009: \u00ab\u2009En plus, \u00e7a ne glisse pas vraiment\u2009\u00bb.<\/p>\n<p>Vid\u00e9os : en ce moment sur Actu\u00ab\u2009Pas envie de me blesser b\u00eatement\u2009\u00bb<\/p>\n<p class=\" wall-content\">Alors que des rubalises ont \u00e9t\u00e9 coup\u00e9es, d\u2019autres ont choisi l\u2019option raisonnable de contourner la zone\u2009: \u00ab\u2009J\u2019ai vu les barri\u00e8res donc j\u2019ai fait le tour, je n\u2019ai pas envie de me blesser b\u00eatement en glissant, c\u2019est vite arriv\u00e9 en ce moment\u2009\u00bb, confie <strong>Ang\u00e9lique<\/strong>, en chemin pour prendre son train.<\/p>\n<p>La Haute-Garonne en vigilance grand froid<\/p>\n<p class=\" wall-content\">La fermeture du parvis de la gare r\u00e9sulte de la <strong>vigilance jaune \u201cgrand froid\u201d<\/strong> activ\u00e9e en Haute-Garonne en raison d\u2019un \u00e9pisode de froid et de gel marqu\u00e9. L\u2019alerte devrait rester en vigueur<strong> jusqu\u2019au 8\u00a0janvier 2026<\/strong>.<\/p>\n<p>Votre r\u00e9gion, votre actu !<\/p>\n<p>Recevez chaque jour les infos qui comptent pour vous.<\/p>\n<p>\t<a href=\"https:\/\/actu.fr\/newsletter\" class=\"ac-btn ac-btn--corner ac-btn--medium ac-btn--blue800\" target=\"_blank\" rel=\"noopener\">S&rsquo;incrire<\/a><\/p>\n<p class=\" wall-content\">C\u2019est Toulouse M\u00e9tropole qui a d\u00e9cid\u00e9 de cette mesure de s\u00e9curit\u00e9. La collectivit\u00e9 affirme \u00e0 Actu Toulouse\u00a0que \u00ab\u00a0l\u2019id\u00e9e est d\u2019emp\u00eacher le passage sur un acc\u00e8s dangereux qui devient extr\u00eamement glissant avec la fonte du verglas qui reg\u00e8le ensuite\u00a0\u00bb.\u00a0<\/p>\n<p class=\" wall-content\">La zone doit rest\u00e9 banalis\u00e9e durant tout l\u2019\u00e9pisode de grand froid.\u00a0<\/p>\n<p class=\" wall-content\">Personnalisez votre actualit\u00e9 en ajoutant vos villes et m\u00e9dias en favori avec <a href=\"https:\/\/moncompte.actu.fr\" title=\"D\u00e9couvez Mon Actu\" rel=\"nofollow noopener\" data-trk=\"{&quot;cta&quot;:{&quot;action&quot;:&quot;https:\\\/\\\/moncompte.actu.fr&quot;,&quot;category&quot;:&quot;mon compte&quot;,&quot;from&quot;:&quot;article footer&quot;,&quot;name&quot;:&quot;Mon actu&quot;,&quot;type&quot;:&quot;cta&quot;}}\" target=\"_blank\">Mon Actu<\/a>.<\/p>\n","protected":false},"excerpt":{"rendered":"Par Ana\u00eblle Petit Publi\u00e9 le 6 janv. 2026 \u00e0 14h38 ; mis \u00e0 jour le 6 janv. 2026&hellip;\n","protected":false},"author":2,"featured_media":644975,"comment_status":"","ping_status":"","sticky":false,"template":"","format":"standard","meta":{"footnotes":""},"categories":[2816],"tags":[1111,11,1777,674,1011,27,3447,2357,12,2680,25,2215,104,2312],"class_list":{"0":"post-644974","1":"post","2":"type-post","3":"status-publish","4":"format-standard","5":"has-post-thumbnail","7":"category-toulouse","8":"tag-actu","9":"tag-actualites","10":"tag-eu","11":"tag-europe","12":"tag-fr","13":"tag-france","14":"tag-froid","15":"tag-meteo-france","16":"tag-news","17":"tag-occitanie","18":"tag-republique-francaise","19":"tag-sncf","20":"tag-societe","21":"tag-toulouse"},"share_on_mastodon":{"url":"https:\/\/pubeurope.com\/@fr\/115848759559167706","error":""},"_links":{"self":[{"href":"https:\/\/www.europesays.com\/fr\/wp-json\/wp\/v2\/posts\/644974","targetHints":{"allow":["GET"]}}],"collection":[{"href":"https:\/\/www.europesays.com\/fr\/wp-json\/wp\/v2\/posts"}],"about":[{"href":"https:\/\/www.europesays.com\/fr\/wp-json\/wp\/v2\/types\/post"}],"author":[{"embeddable":true,"href":"https:\/\/www.europesays.com\/fr\/wp-json\/wp\/v2\/users\/2"}],"replies":[{"embeddable":true,"href":"https:\/\/www.europesays.com\/fr\/wp-json\/wp\/v2\/comments?post=644974"}],"version-history":[{"count":0,"href":"https:\/\/www.europesays.com\/fr\/wp-json\/wp\/v2\/posts\/644974\/revisions"}],"wp:featuredmedia":[{"embeddable":true,"href":"https:\/\/www.europesays.com\/fr\/wp-json\/wp\/v2\/media\/644975"}],"wp:attachment":[{"href":"https:\/\/www.europesays.com\/fr\/wp-json\/wp\/v2\/media?parent=644974"}],"wp:term":[{"taxonomy":"category","embeddable":true,"href":"https:\/\/www.europesays.com\/fr\/wp-json\/wp\/v2\/categories?post=644974"},{"taxonomy":"post_tag","embeddable":true,"href":"https:\/\/www.europesays.com\/fr\/wp-json\/wp\/v2\/tags?post=644974"}],"curies":[{"name":"wp","href":"https:\/\/api.w.org\/{rel}","templated":true}]}}