{"id":644978,"date":"2026-01-06T15:03:11","date_gmt":"2026-01-06T15:03:11","guid":{"rendered":"https:\/\/www.europesays.com\/fr\/644978\/"},"modified":"2026-01-06T15:03:11","modified_gmt":"2026-01-06T15:03:11","slug":"la-neige-de-retour-dans-le-nord-et-le-pas-de-calais-des-cette-nuit-de-mardi-a-mercredi-voici-ou-et-quand","status":"publish","type":"post","link":"https:\/\/www.europesays.com\/fr\/644978\/","title":{"rendered":"La neige de retour dans le Nord et le Pas-de-Calais d\u00e8s cette nuit de mardi \u00e0 mercredi : voici o\u00f9 et quand"},"content":{"rendered":"<p>                    Par<br \/>\n        <strong><br \/>\n            <a href=\"https:\/\/actu.fr\/auteur\/nicolas-demollien\" title=\"Consulter tous les articles de Nicolas Demollien\" target=\"_blank\" rel=\"noopener\">Nicolas Demollien<\/a><br \/>\n                    <\/strong><\/p>\n<p>        Publi\u00e9 le<\/p>\n<p>            6 janv. 2026 \u00e0 11h48        <\/p>\n<p>Elle est le <b>bonheur de certains<\/b>, le <b>cauchemar d\u2019autres<\/b>. La <a href=\"https:\/\/actu.fr\/tag\/neige\" target=\"_blank\" rel=\"noopener\">neige<\/a> devrait bien faire son <b>retour<\/b> dans le <a href=\"https:\/\/actu.fr\/hauts-de-france\/nord_59\" target=\"_blank\" rel=\"noopener\">Nord<\/a> comme le <a href=\"https:\/\/actu.fr\/hauts-de-france\/pas-de-calais_62\" target=\"_blank\" rel=\"noopener\">Pas-de-Calais<\/a> d\u00e8s la <b>nuit du mardi 6 au mercredi 7 janvier 2026<\/b>. Les averses se prolongeront <b>\u00e9galement dans la matin\u00e9e<\/b>, les pr\u00e9visionnistes de <a href=\"https:\/\/actu.fr\/tag\/meteo-france\" target=\"_blank\" rel=\"noopener\">M\u00e9t\u00e9o France<\/a> annoncent une <b>couche de plusieurs centim\u00e8tres<\/b> \u00e0 la fin de cet \u00e9pisode.<\/p>\n<p>La neige de retour en quantit\u00e9 plus importante dans le Nord et le Pas-de-Calais<\/p>\n<p class=\" wall-content\">D\u00e9j\u00e0 touch\u00e9s depuis plusieurs jours, les deux d\u00e9partements connaissent une accalmie durant la journ\u00e9e de ce mardi. Mais d\u00e8s la fin de la nuit, les premiers flocons vont tomber sur la <b>quasi-totalit\u00e9 du territoire<\/b> \u00e0 l\u2019exception peut-\u00eatre du littoral qui pourrait avoir le droit \u00e0 seulement de la pluie.<\/p>\n<p class=\" wall-content\">\u00ab\u00a0La perturbation, arriv\u00e9e en cours de nuit, va traverser le pays d\u2019ouest en est. Elle envahit la moiti\u00e9 nord-ouest en matin\u00e9e, apportant des <b>chutes de neige jusqu\u2019en plaine<\/b> dans les <a href=\"https:\/\/actu.fr\/hauts-de-france\/\" target=\"_blank\" rel=\"noopener\">Hauts-de-France<\/a>. La couche peut atteindre 3 \u00e0 7 cm de la <b>fronti\u00e8re belge au sud de la r\u00e9gion<\/b>\u00ab\u00a0, assure-t-on du c\u00f4t\u00e9 de M\u00e9t\u00e9o France.<\/p>\n<p class=\" wall-content\">De quoi \u00e9videmment rendre la <a href=\"https:\/\/actu.fr\/tag\/circulation\" target=\"_blank\" rel=\"noopener\">circulation<\/a> <b>particuli\u00e8rement difficile<\/b> et perturber les transports, notamment dans la m\u00e9tropole de <a href=\"https:\/\/actu.fr\/hauts-de-france\/lille_59350\" target=\"_blank\" rel=\"noopener\">Lille<\/a>. Nous y reviendrons.<\/p>\n<p class=\" wall-content\">Personnalisez votre actualit\u00e9 en ajoutant vos villes et m\u00e9dias en favori avec <a href=\"https:\/\/moncompte.actu.fr\" title=\"D\u00e9couvez Mon Actu\" rel=\"nofollow noopener\" data-trk=\"{&quot;cta&quot;:{&quot;action&quot;:&quot;https:\\\/\\\/moncompte.actu.fr&quot;,&quot;category&quot;:&quot;mon compte&quot;,&quot;from&quot;:&quot;article footer&quot;,&quot;name&quot;:&quot;Mon actu&quot;,&quot;type&quot;:&quot;cta&quot;}}\" target=\"_blank\">Mon Actu<\/a>.<\/p>\n","protected":false},"excerpt":{"rendered":"Par Nicolas Demollien Publi\u00e9 le 6 janv. 2026 \u00e0 11h48 Elle est le bonheur de certains, le cauchemar&hellip;\n","protected":false},"author":2,"featured_media":644979,"comment_status":"","ping_status":"","sticky":false,"template":"","format":"standard","meta":{"footnotes":""},"categories":[2815],"tags":[1111,11,1777,674,1011,27,811,1307,2357,10584,12,25,104],"class_list":{"0":"post-644978","1":"post","2":"type-post","3":"status-publish","4":"format-standard","5":"has-post-thumbnail","7":"category-lille","8":"tag-actu","9":"tag-actualites","10":"tag-eu","11":"tag-europe","12":"tag-fr","13":"tag-france","14":"tag-hauts-de-france","15":"tag-lille","16":"tag-meteo-france","17":"tag-neige","18":"tag-news","19":"tag-republique-francaise","20":"tag-societe"},"share_on_mastodon":{"url":"https:\/\/pubeurope.com\/@fr\/115848767395058059","error":""},"_links":{"self":[{"href":"https:\/\/www.europesays.com\/fr\/wp-json\/wp\/v2\/posts\/644978","targetHints":{"allow":["GET"]}}],"collection":[{"href":"https:\/\/www.europesays.com\/fr\/wp-json\/wp\/v2\/posts"}],"about":[{"href":"https:\/\/www.europesays.com\/fr\/wp-json\/wp\/v2\/types\/post"}],"author":[{"embeddable":true,"href":"https:\/\/www.europesays.com\/fr\/wp-json\/wp\/v2\/users\/2"}],"replies":[{"embeddable":true,"href":"https:\/\/www.europesays.com\/fr\/wp-json\/wp\/v2\/comments?post=644978"}],"version-history":[{"count":0,"href":"https:\/\/www.europesays.com\/fr\/wp-json\/wp\/v2\/posts\/644978\/revisions"}],"wp:featuredmedia":[{"embeddable":true,"href":"https:\/\/www.europesays.com\/fr\/wp-json\/wp\/v2\/media\/644979"}],"wp:attachment":[{"href":"https:\/\/www.europesays.com\/fr\/wp-json\/wp\/v2\/media?parent=644978"}],"wp:term":[{"taxonomy":"category","embeddable":true,"href":"https:\/\/www.europesays.com\/fr\/wp-json\/wp\/v2\/categories?post=644978"},{"taxonomy":"post_tag","embeddable":true,"href":"https:\/\/www.europesays.com\/fr\/wp-json\/wp\/v2\/tags?post=644978"}],"curies":[{"name":"wp","href":"https:\/\/api.w.org\/{rel}","templated":true}]}}