{"id":644984,"date":"2026-01-06T15:06:12","date_gmt":"2026-01-06T15:06:12","guid":{"rendered":"https:\/\/www.europesays.com\/fr\/644984\/"},"modified":"2026-01-06T15:06:12","modified_gmt":"2026-01-06T15:06:12","slug":"municipales-2026-a-lyon-voici-le-projet-a-140-millions-deuros-de-gregory-doucet-a-la-part-dieu","status":"publish","type":"post","link":"https:\/\/www.europesays.com\/fr\/644984\/","title":{"rendered":"Municipales 2026 \u00e0 Lyon. Voici le projet \u00e0 140 millions d&rsquo;euros de Gr\u00e9gory Doucet \u00e0 la Part-Dieu"},"content":{"rendered":"<p>                    Par<br \/>\n        <strong><br \/>\n            <a href=\"https:\/\/actu.fr\/auteur\/ludivine-caporal\" title=\"Consulter tous les articles de Ludivine Caporal\" target=\"_blank\" rel=\"noopener\">Ludivine Caporal<\/a><br \/>\n                    <\/strong><\/p>\n<p>        Publi\u00e9 le<\/p>\n<p>            6 janv. 2026 \u00e0 14h43        <\/p>\n<p>En pleine campagne politique et juste apr\u00e8s avoir <a href=\"https:\/\/actu.fr\/auvergne-rhone-alpes\/lyon_69123\/lyon-fin-des-travaux-securite-gregory-doucet-presente-ses-derniers-voeux-aux-habitants_63655425.html\" target=\"_blank\" rel=\"noopener\">adress\u00e9 ses v\u0153ux pour la nouvelle ann\u00e9e<\/a> aux Lyonnais, <a href=\"https:\/\/actu.fr\/tag\/gregory-doucet\" target=\"_blank\" rel=\"noopener\">Gr\u00e9gory Doucet<\/a> a choisi ce mardi 6 janvier pour faire une grande annonce, par voie de communiqu\u00e9, concernant le domaine de la culture.<br \/>S\u2019il est r\u00e9\u00e9lu, le maire de Lyon souhaite ainsi <strong>r\u00e9inventer enti\u00e8rement la biblioth\u00e8que municipale de la Part-Dieu<\/strong> pour en faire \u00ab\u00a0la biblioth\u00e8que la plus cr\u00e9ative d\u2019Europe\u00a0\u00bb. Un projet \u00e9valu\u00e9 pour l\u2019instant \u00e0 140 millions d\u2019euros. D\u00e9tails.\u00a0<\/p>\n<p>Extension de plus de 4 000m2<\/p>\n<p class=\" wall-content\">\u00ab\u00a0Dans un contexte marqu\u00e9 par les in\u00e9galit\u00e9s d\u2019acc\u00e8s au savoir et \u00e0 la culture et par la fragilisation du d\u00e9bat public, nous ferons le choix d\u2019investir dans ce service public essentiel. Nous r\u00e9noverons, construirons une extension de plus de 4 000 m\u00b2 et r\u00e9inventerons la biblioth\u00e8que municipale de la Part-Dieu pour en faire une grande porte d\u2019entr\u00e9e vers la culture, un lieu de citoyennet\u00e9, de coop\u00e9ration et d\u2019accueil\u00a0\u00bb, pr\u00e9sente le maire sortant.\u00a0<\/p>\n<p class=\" wall-content\">Deuxi\u00e8me biblioth\u00e8que municipale de France, celle de <a href=\"https:\/\/actu.fr\/tag\/lyon-part-dieu\" target=\"_blank\" rel=\"noopener\">la Part-Dieu<\/a> a connu <strong>une fr\u00e9quentation record en 2025<\/strong> avec plus de 130 000 inscriptions, 4,1 millions de pr\u00eats et 52 000 visiteurs pour l\u2019exposition \u00ab\u00a0Entre Rave et R\u00e9alit\u00e9s\u00a0\u00bb, selon les chiffres de la Ville.\u00a0<\/p>\n<blockquote class=\"ac-article-quote wall-content\">\n<p>Con\u00e7ue il y a plus de 50 ans et pionni\u00e8re \u00e0 son \u00e9poque, la biblioth\u00e8que de la Part-Dieu doit aujourd\u2019hui \u00eatre r\u00e9invent\u00e9e en profondeur. Ce projet n\u2019est pas celui d\u2019une simple r\u00e9novation b\u00e2timentaire, il pr\u00e9voit la transformation compl\u00e8te du site (&#8230;) Nous allons inventer la biblioth\u00e8que de la seconde partie du 21\u00e8me si\u00e8cle, \u00e0 la hauteur des d\u00e9fis \u00e9ducatifs, sociaux, num\u00e9riques et d\u00e9mocratiques de notre temps.<\/p>\n<p>    <strong>Gr\u00e9gory Doucet<\/strong>\n            <\/p><\/blockquote>\n<p>Club gaming, salle de cin\u00e9ma, studio d\u2019enregistrement\u2026<\/p>\n<p class=\" wall-content\">En un seul et m\u00eame lieu, Gr\u00e9gory Doucet souhaite ainsi r\u00e9unir :<\/p>\n<ul class=\" wall-content\">\n<li><strong>un studio d\u2019enregistrement<\/strong> pour la cr\u00e9ation musicale et radiophonique<\/li>\n<li><strong>un club gaming<\/strong> pour la pratique collective du jeu vid\u00e9o<\/li>\n<li><strong>un parcours d\u2019\u00e9ducation<\/strong> \u00e0 l\u2019image, aux m\u00e9dias, au num\u00e9rique et \u00e0 l\u2019intelligence artificielle \u00e0 destination des scolaires pour d\u00e9velopper l\u2019esprit critique<\/li>\n<li><strong>un atelier lumi\u00e8re<\/strong> avec une salle de projection ainsi que des formations et ateliers autour du cin\u00e9ma<\/li>\n<li>un d\u00e9partement d\u00e9di\u00e9 aux adolescents avec <strong>un club manga<\/strong><\/li>\n<li><strong>un espace \u201coutilth\u00e8que\u201d<\/strong> d\u00e9di\u00e9 au pr\u00eat de mat\u00e9riel et \u00e0 des cours de bricolage ou des initiations \u00e0 la science pour les plus jeunes\u2026<\/li>\n<\/ul>\n<p class=\" wall-content\">Sans compter les nombreux agrandissements des espaces existants tels que l\u2019auditorium, la cr\u00e9ation de nouvelles salles de r\u00e9union, de formation et de colloque, la mise \u00e0 disposition d\u2019une salle de repas hors-sac, d\u2019espaces de fra\u00eecheur, d\u2019un \u00ab\u00a0lieu accueillant incitant \u00e0 la d\u00e9tente et \u00e0 la convivialit\u00e9\u00a0\u00bb ou encore d\u2019un espace de r\u00e9pit <strong>d\u00e9di\u00e9 \u00e0 la sant\u00e9 mentale.<\/strong><\/p>\n<p>Votre r\u00e9gion, votre actu !<\/p>\n<p>Recevez chaque jour les infos qui comptent pour vous.<\/p>\n<p>\t<a href=\"https:\/\/actu.fr\/newsletter\" class=\"ac-btn ac-btn--corner ac-btn--medium ac-btn--blue800\" target=\"_blank\" rel=\"noopener\">S&rsquo;incrire<\/a><\/p>\n<p>    <img   decoding=\"async\" loading=\"lazy\" src=\"https:\/\/www.europesays.com\/fr\/wp-content\/uploads\/2026\/01\/bibliotheque-part-dieu-lyon-960x640.jpg\" alt=\"La biblioth\u00e8que de la Part-Dieu est ferm\u00e9e depuis le vendredi 11 ao\u00fbt.\" width=\"960\" height=\"640\"\/><br \/>\n    La biblioth\u00e8que municipale de la Part-Dieu. (\u00a9Muriel Chaulet\/Ville de Lyon)<\/p>\n<p class=\" wall-content\">\u00ab\u00a0La nouvelle biblioth\u00e8que de la Part Dieu r\u00e9affirmera pleinement le statut de centralit\u00e9 culturelle du lieu. Elle deviendra un lieu non seulement d\u00e9di\u00e9 \u00e0 la lecture mais \u00e9galement un lieu d\u2019expression artistique, de cr\u00e9ation et d\u2019exploration de tous les univers culturels\u00a0\u00bb. Une offre \u00ab\u00a0pens\u00e9e avec l\u2019ensemble des acteurs d\u00e9j\u00e0 existants tels que <a href=\"https:\/\/actu.fr\/auvergne-rhone-alpes\/lyon_69123\/lyon-ce-celebre-musee-a-ete-renove-il-rouvre-enfin-ses-portes_60264108.html\" target=\"_blank\" rel=\"noopener\">l\u2019Institut Lumi\u00e8re<\/a>, le <a href=\"https:\/\/actu.fr\/auvergne-rhone-alpes\/lyon_69123\/lyon-cette-exposition-revient-en-ville-apres-son-succes-monstre-et-c-est-gratuit_62732023.html\" target=\"_blank\" rel=\"noopener\">Mus\u00e9e de l\u2019imprimerie<\/a>, le Mus\u00e9e Gadagne\u00a0\u00bb etc.<\/p>\n<p>Des horaires \u00e9tendus en soir\u00e9e et le week-end<\/p>\n<p class=\" wall-content\">Le candidat \u00e9cologiste promet ainsi qu\u2019un travail sera \u00ab\u00a0engag\u00e9 avec les \u00e9quipes de la biblioth\u00e8que pour \u00e9largir les horaires d\u2019ouverture en soir\u00e9e et le week-end afin de mieux r\u00e9pondre aux besoins du public et de renforcer l\u2019accessibilit\u00e9 de ce service public essentiel.\u00a0\u00bb<\/p>\n<p class=\" wall-content\">Mais il faudra \u00eatre <strong>extr\u00eamement patient<\/strong> avant de voir ouvrir les portes de ce nouvel espace, puisque l\u2019\u00e9quipe de Gr\u00e9gory Doucet ne pr\u00e9voit pas de d\u00e9marrage des travaux avant 2031, pour une livraison totale du projet <strong>\u00e0 l\u2019horizon 2036.<\/strong><\/p>\n<p class=\" wall-content\">Quant \u00e0 son co\u00fbt ? Environ 140 millions d\u2019euros. Un \u00ab\u00a0investissement important pour la Ville \u00e0 la hauteur des enjeux\u00a0\u00bb que repr\u00e9senteraient cette nouvelle biblioth\u00e8que municipale de la Part-Dieu.<\/p>\n<p class=\" wall-content\">Personnalisez votre actualit\u00e9 en ajoutant vos villes et m\u00e9dias en favori avec <a href=\"https:\/\/moncompte.actu.fr\" title=\"D\u00e9couvez Mon Actu\" rel=\"nofollow noopener\" data-trk=\"{&quot;cta&quot;:{&quot;action&quot;:&quot;https:\\\/\\\/moncompte.actu.fr&quot;,&quot;category&quot;:&quot;mon compte&quot;,&quot;from&quot;:&quot;article footer&quot;,&quot;name&quot;:&quot;Mon actu&quot;,&quot;type&quot;:&quot;cta&quot;}}\" target=\"_blank\">Mon Actu<\/a>.<\/p>\n","protected":false},"excerpt":{"rendered":"Par Ludivine Caporal Publi\u00e9 le 6 janv. 2026 \u00e0 14h43 En pleine campagne politique et juste apr\u00e8s avoir&hellip;\n","protected":false},"author":2,"featured_media":644985,"comment_status":"","ping_status":"","sticky":false,"template":"","format":"standard","meta":{"footnotes":""},"categories":[1889],"tags":[1111,11,2430,4188,1777,674,1011,27,5226,2428,6178,3434,12,316,25],"class_list":{"0":"post-644984","1":"post","2":"type-post","3":"status-publish","4":"format-standard","5":"has-post-thumbnail","7":"category-lyon","8":"tag-actu","9":"tag-actualites","10":"tag-auvergne-rhone-alpes","11":"tag-elections-municipales","12":"tag-eu","13":"tag-europe","14":"tag-fr","15":"tag-france","16":"tag-gregory-doucet","17":"tag-lyon","18":"tag-lyon-part-dieu","19":"tag-municipales-2026","20":"tag-news","21":"tag-politique","22":"tag-republique-francaise"},"share_on_mastodon":{"url":"https:\/\/pubeurope.com\/@fr\/115848779194080271","error":""},"_links":{"self":[{"href":"https:\/\/www.europesays.com\/fr\/wp-json\/wp\/v2\/posts\/644984","targetHints":{"allow":["GET"]}}],"collection":[{"href":"https:\/\/www.europesays.com\/fr\/wp-json\/wp\/v2\/posts"}],"about":[{"href":"https:\/\/www.europesays.com\/fr\/wp-json\/wp\/v2\/types\/post"}],"author":[{"embeddable":true,"href":"https:\/\/www.europesays.com\/fr\/wp-json\/wp\/v2\/users\/2"}],"replies":[{"embeddable":true,"href":"https:\/\/www.europesays.com\/fr\/wp-json\/wp\/v2\/comments?post=644984"}],"version-history":[{"count":0,"href":"https:\/\/www.europesays.com\/fr\/wp-json\/wp\/v2\/posts\/644984\/revisions"}],"wp:featuredmedia":[{"embeddable":true,"href":"https:\/\/www.europesays.com\/fr\/wp-json\/wp\/v2\/media\/644985"}],"wp:attachment":[{"href":"https:\/\/www.europesays.com\/fr\/wp-json\/wp\/v2\/media?parent=644984"}],"wp:term":[{"taxonomy":"category","embeddable":true,"href":"https:\/\/www.europesays.com\/fr\/wp-json\/wp\/v2\/categories?post=644984"},{"taxonomy":"post_tag","embeddable":true,"href":"https:\/\/www.europesays.com\/fr\/wp-json\/wp\/v2\/tags?post=644984"}],"curies":[{"name":"wp","href":"https:\/\/api.w.org\/{rel}","templated":true}]}}