{"id":644986,"date":"2026-01-06T15:07:11","date_gmt":"2026-01-06T15:07:11","guid":{"rendered":"https:\/\/www.europesays.com\/fr\/644986\/"},"modified":"2026-01-06T15:07:11","modified_gmt":"2026-01-06T15:07:11","slug":"la-reprise-estimee-a-17-h","status":"publish","type":"post","link":"https:\/\/www.europesays.com\/fr\/644986\/","title":{"rendered":"la reprise estim\u00e9e \u00e0 17 h"},"content":{"rendered":"<p class=\"content\" style=\"font-size:1.2em;font-weight:700\">Les lignes de tramway T1 et T4 sont partiellement interrompues ce mardi en raison d&rsquo;une panne. <\/p>\n<p>La circulation est partiellement interrompue sur les lignes de tramway T1 et T4 ce mardi \u00e0 Lyon. Selon TCL, l&rsquo;interruption est li\u00e9e \u00e0 une panne d&rsquo;\u00e9nergie. La ligne T1 circule uniquement entre la gare Part-Dieu et Debourg. Les arr\u00eats situ\u00e9s jusqu&rsquo;\u00e0 IUT Feyssine ne sont ainsi plus desservis. <\/p>\n<p>La ligne T4 circule quant \u00e0 elle entre H\u00f4pitaux Feyzin V\u00e9nissieux \u00e0 Gare Part-Dieu Villette, tandis que la desserte n&rsquo;est plus assur\u00e9e \u00e0 Villeurbanne. La reprise du trafic est estim\u00e9e par TCL pour 17 heures. Des bus relais ont \u00e9t\u00e9 mis en place.<\/p>\n<blockquote class=\"twitter-tweet\">\n<p lang=\"fr\" dir=\"ltr\">Ligne T4 &#8211; 14h17 &#8211; Circule de H\u00f4p. Feyzin V\u00e9nissieux \u00e0 Gare Part-Dieu Villette &#8211; Bus relais &#8211; Reprise estim\u00e9e \u00e0 17h &#8211; Panne d&rsquo;\u00e9nergie<\/p>\n<p>\u2014 TCL Lyon InfoTrafic (@LyonTcl) <a href=\"https:\/\/twitter.com\/LyonTcl\/status\/2008528530494087247?ref_src=twsrc%5Etfw\" target=\"_blank\" rel=\"noopener\">January 6, 2026<\/a><\/p><\/blockquote>\n<p>    <script async src=\"https:\/\/platform.twitter.com\/widgets.js\" charset=\"utf-8\"><\/script><\/p>\n","protected":false},"excerpt":{"rendered":"Les lignes de tramway T1 et T4 sont partiellement interrompues ce mardi en raison d&rsquo;une panne. La circulation&hellip;\n","protected":false},"author":2,"featured_media":151406,"comment_status":"","ping_status":"","sticky":false,"template":"","format":"standard","meta":{"footnotes":""},"categories":[1889],"tags":[1111,11,2430,1777,674,1011,27,2428,12,25],"class_list":{"0":"post-644986","1":"post","2":"type-post","3":"status-publish","4":"format-standard","5":"has-post-thumbnail","7":"category-lyon","8":"tag-actu","9":"tag-actualites","10":"tag-auvergne-rhone-alpes","11":"tag-eu","12":"tag-europe","13":"tag-fr","14":"tag-france","15":"tag-lyon","16":"tag-news","17":"tag-republique-francaise"},"share_on_mastodon":{"url":"https:\/\/pubeurope.com\/@fr\/115848782951148749","error":""},"_links":{"self":[{"href":"https:\/\/www.europesays.com\/fr\/wp-json\/wp\/v2\/posts\/644986","targetHints":{"allow":["GET"]}}],"collection":[{"href":"https:\/\/www.europesays.com\/fr\/wp-json\/wp\/v2\/posts"}],"about":[{"href":"https:\/\/www.europesays.com\/fr\/wp-json\/wp\/v2\/types\/post"}],"author":[{"embeddable":true,"href":"https:\/\/www.europesays.com\/fr\/wp-json\/wp\/v2\/users\/2"}],"replies":[{"embeddable":true,"href":"https:\/\/www.europesays.com\/fr\/wp-json\/wp\/v2\/comments?post=644986"}],"version-history":[{"count":0,"href":"https:\/\/www.europesays.com\/fr\/wp-json\/wp\/v2\/posts\/644986\/revisions"}],"wp:featuredmedia":[{"embeddable":true,"href":"https:\/\/www.europesays.com\/fr\/wp-json\/wp\/v2\/media\/151406"}],"wp:attachment":[{"href":"https:\/\/www.europesays.com\/fr\/wp-json\/wp\/v2\/media?parent=644986"}],"wp:term":[{"taxonomy":"category","embeddable":true,"href":"https:\/\/www.europesays.com\/fr\/wp-json\/wp\/v2\/categories?post=644986"},{"taxonomy":"post_tag","embeddable":true,"href":"https:\/\/www.europesays.com\/fr\/wp-json\/wp\/v2\/tags?post=644986"}],"curies":[{"name":"wp","href":"https:\/\/api.w.org\/{rel}","templated":true}]}}