{"id":644997,"date":"2026-01-06T15:14:11","date_gmt":"2026-01-06T15:14:11","guid":{"rendered":"https:\/\/www.europesays.com\/fr\/644997\/"},"modified":"2026-01-06T15:14:11","modified_gmt":"2026-01-06T15:14:11","slug":"russie-comme-trump-avec-maduro-un-proche-de-poutine-evoque-le-possible-enlevement-du-chancelier-allemand-merz","status":"publish","type":"post","link":"https:\/\/www.europesays.com\/fr\/644997\/","title":{"rendered":"Russie : Comme Trump avec Maduro, un proche de Poutine \u00e9voque le possible enl\u00e8vement du chancelier allemand Merz"},"content":{"rendered":"<p class=\"mb-4 text-lg md:leading-8 break-words\"><strong>PROJET &#8211; Dans une interview accord\u00e9e \u00e0 l\u2019agence Tass, Dmitri Medvedev, chef adjoint du Conseil de s\u00e9curit\u00e9 nationale de Russie, a d\u00e9clar\u00e9 ne pas exclure une possibilit\u00e9 d\u2019enl\u00e8vement du chancelier allemand Merz, comme l\u2019a fait Trump avec Maduro<\/strong><\/p>\n<p class=\"mb-4 text-lg md:leading-8 break-words\">A <a href=\"https:\/\/www.20minutes.fr\/monde\/etats-unis\/4194398-20260105-colombie-mexique-cuba-apres-maduro-venezuela-dirigeant-sud-americain-pourrait-etre-vise-trump?at_medium=RSS%20feed&amp;at_campaign=ynews&amp;utm_source=yahoo&amp;utm_medium=rss&amp;utm_campaign=news_feed&amp;utm_content=in_article_link\" rel=\"nofollow noopener\" target=\"_blank\" data-ylk=\"slk:l\u2019instar de l\u2019enl\u00e8vement du pr\u00e9sident du Venezuela Nicol\u00e1s Maduro;elm:context_link;itc:0;sec:content-canvas\" class=\"link \">l\u2019instar de l\u2019enl\u00e8vement du pr\u00e9sident du Venezuela Nicol\u00e1s Maduro<\/a> par les <a href=\"https:\/\/www.20minutes.fr\/monde\/etats-unis\/?at_medium=RSS%20feed&amp;at_campaign=ynews&amp;utm_source=yahoo&amp;utm_medium=rss&amp;utm_campaign=news_feed&amp;utm_content=in_article_link\" rel=\"nofollow noopener\" target=\"_blank\" data-ylk=\"slk:\u00c9tats-Unis;elm:context_link;itc:0;sec:content-canvas\" class=\"link \">\u00c9tats-Unis<\/a>, le vice-chef du Conseil de s\u00e9curit\u00e9 russe, Dmitri <a href=\"https:\/\/www.20minutes.fr\/monde\/dmitri_medvedev\/?at_medium=RSS%20feed&amp;at_campaign=ynews&amp;utm_source=yahoo&amp;utm_medium=rss&amp;utm_campaign=news_feed&amp;utm_content=in_article_link\" rel=\"nofollow noopener\" target=\"_blank\" data-ylk=\"slk:Medvedev;elm:context_link;itc:0;sec:content-canvas\" class=\"link \">Medvedev<\/a>, a \u00e9voqu\u00e9 un potentiel kidnapping du chancelier allemand, <a href=\"https:\/\/www.20minutes.fr\/politique\/friedrich-merz\/?at_medium=RSS%20feed&amp;at_campaign=ynews&amp;utm_source=yahoo&amp;utm_medium=rss&amp;utm_campaign=news_feed&amp;utm_content=in_article_link\" rel=\"nofollow noopener\" target=\"_blank\" data-ylk=\"slk:Friedrich Merz;elm:context_link;itc:0;sec:content-canvas\" class=\"link \">Friedrich Merz<\/a>, alors qu\u2019il \u00e9tait interrog\u00e9 par l\u2019agence de presse russe Tass.<\/p>\n<p class=\"mb-4 text-lg md:leading-8 break-words\">L\u2019ancien pr\u00e9sident, tr\u00e8s proche de <a href=\"https:\/\/www.20minutes.fr\/monde\/vladimir_poutine\/?at_medium=RSS%20feed&amp;at_campaign=ynews&amp;utm_source=yahoo&amp;utm_medium=rss&amp;utm_campaign=news_feed&amp;utm_content=in_article_link\" rel=\"nofollow noopener\" target=\"_blank\" data-ylk=\"slk:Vladimir Poutine;elm:context_link;itc:0;sec:content-canvas\" class=\"link \">Vladimir Poutine<\/a>, a ainsi pris la d\u00e9fense de Nicol\u00e1s Maduro, tout en affirmant que la Russie pourrait mener une action similaire, a rep\u00e9r\u00e9 <a href=\"https:\/\/fr.euronews.com\/2026\/01\/05\/apres-la-capture-de-nicolas-maduro-dmitri-medvedev-nexclut-pas-que-la-russie-enleve-friedr?at_medium=RSS%20feed&amp;at_campaign=ynews&amp;utm_source=yahoo&amp;utm_medium=rss&amp;utm_campaign=news_feed&amp;utm_content=in_article_link\" rel=\"nofollow noopener\" target=\"_blank\" data-ylk=\"slk:Euronews;elm:context_link;itc:0;sec:content-canvas\" class=\"link \">Euronews<\/a>.<\/p>\n<p class=\"mb-4 text-lg md:leading-8 break-words\">Sur X, Dmitri Medvedev a d\u2019abord \u00e9crit\u00a0: \u00ab\u00a0L\u2019\u00e9quipe Trump est intransigeante et cynique lorsqu\u2019il s\u2019agit de d\u00e9fendre les int\u00e9r\u00eats de son pays. Le renversement de Maduro n\u2019avait rien \u00e0 voir avec la drogue, mais uniquement avec le p\u00e9trole, et ils l\u2019admettent ouvertement. La loi du plus fort est manifestement plus puissante que la justice ordinaire, mais leur capacit\u00e9 \u00e0 gouverner le Venezuela \u00e0 distance reste une question cruciale.\u00a0\u00bb<\/p>\n<p class=\"mb-4 text-lg md:leading-8 break-words\">Puis, il a d\u00e9clar\u00e9, \u00e0 l\u2019agence Tass\u00a0: \u00ab\u00a0L\u2019enl\u00e8vement du n\u00e9onazi Merz pourrait \u00eatre un excellent rebondissement dans cette s\u00e9rie de carnavals.\u00a0\u00bb Dmitri Medvedev a alors qualifi\u00e9 le kidnapping du chancelier de sc\u00e9nario r\u00e9aliste. \u00ab\u00a0Il y a m\u00eame des raisons de le poursuivre en Allemagne, ce ne serait donc pas une perte, d\u2019autant plus que les citoyens souffrent pour rien\u00a0\u00bb, a-t-il ajout\u00e9.<\/p>\n<p>Les positions de Friedrich Merz sur la guerre en Ukraine<\/p>\n<p class=\"mb-4 text-lg md:leading-8 break-words\">Comme le rappelle le site Euronews, ces derni\u00e8res semaines, Friedrich Merz s\u2019\u00e9tait tr\u00e8s clairement rang\u00e9 du c\u00f4t\u00e9 de l\u2019Ukraine et s\u2019\u00e9tait prononc\u00e9 en f(&#8230;)<\/p>\n<p class=\"mb-4 text-lg md:leading-8 break-words\"><a href=\"https:\/\/www.20minutes.fr\/monde\/russie\/4194575-20260106-russie-comme-trump-maduro-proche-poutine-evoque-possible-enlevement-chancelier-allemand-merz?at_medium=RSS%20feed&amp;at_campaign=ynews&amp;utm_source=yahoo&amp;utm_medium=rss&amp;utm_campaign=news_feed&amp;utm_content=read_more_link&quot;\" rel=\"nofollow noopener\" target=\"_blank\" data-ylk=\"slk:Lire la suite sur 20minutes;elm:context_link;itc:0;sec:content-canvas\" class=\"link \">Lire la suite sur 20minutes<\/a><\/p>\n<p>\u00c0 lire aussi :<br \/><a href=\"https:\/\/www.20minutes.fr\/monde\/ukraine\/4187355-20251123-chancelier-allemand-sceptique-chances-accord-ukraine-jeudi?at_medium=RSS%20feed&amp;at_campaign=ynews&amp;utm_source=yahoo&amp;utm_medium=rss&amp;utm_campaign=news_feed&amp;utm_content=related_content_link\" rel=\"nofollow noopener\" target=\"_blank\" data-ylk=\"slk:Le chancelier allemand \u00ab\u00a0sceptique\u00a0\u00bb sur les chances d\u2019un accord sur l\u2019Ukraine d\u2019ici jeudi;elm:context_link;itc:0;sec:content-canvas\" class=\"link \">Le chancelier allemand \u00ab\u00a0sceptique\u00a0\u00bb sur les chances d\u2019un accord sur l\u2019Ukraine d\u2019ici jeudi<\/a><br \/><a href=\"https:\/\/www.20minutes.fr\/monde\/russie\/4184864-20251110-russie-ministre-serguei-lavrov-evince-kremlin-assure-non?at_medium=RSS%20feed&amp;at_campaign=ynews&amp;utm_source=yahoo&amp;utm_medium=rss&amp;utm_campaign=news_feed&amp;utm_content=related_content_link\" rel=\"nofollow noopener\" target=\"_blank\" data-ylk=\"slk:Russie\u00a0: Le ministre Sergue\u00ef Lavrov a-t-il \u00e9t\u00e9 \u00e9vinc\u00e9\u00a0? Le Kremlin assure que non;elm:context_link;itc:0;sec:content-canvas\" class=\"link \">Russie\u00a0: Le ministre Sergue\u00ef Lavrov a-t-il \u00e9t\u00e9 \u00e9vinc\u00e9\u00a0? Le Kremlin assure que non<\/a><\/p>\n","protected":false},"excerpt":{"rendered":"PROJET &#8211; Dans une interview accord\u00e9e \u00e0 l\u2019agence Tass, Dmitri Medvedev, chef adjoint du Conseil de s\u00e9curit\u00e9 nationale&hellip;\n","protected":false},"author":2,"featured_media":644998,"comment_status":"","ping_status":"","sticky":false,"template":"","format":"standard","meta":{"footnotes":""},"categories":[1591],"tags":[11,39847,39407,1887,47977,18613,12,1885,1886,132,337,135],"class_list":{"0":"post-644997","1":"post","2":"type-post","3":"status-publish","4":"format-standard","5":"has-post-thumbnail","7":"category-russie","8":"tag-actualites","9":"tag-conseil-de-securite","10":"tag-dmitri-medvedev","11":"tag-federation-de-russie","12":"tag-maduro","13":"tag-merz","14":"tag-news","15":"tag-russia","16":"tag-russian-federation","17":"tag-russie","18":"tag-venezuela","19":"tag-vladimir-poutine"},"share_on_mastodon":{"url":"https:\/\/pubeurope.com\/@fr\/115848810616883226","error":""},"_links":{"self":[{"href":"https:\/\/www.europesays.com\/fr\/wp-json\/wp\/v2\/posts\/644997","targetHints":{"allow":["GET"]}}],"collection":[{"href":"https:\/\/www.europesays.com\/fr\/wp-json\/wp\/v2\/posts"}],"about":[{"href":"https:\/\/www.europesays.com\/fr\/wp-json\/wp\/v2\/types\/post"}],"author":[{"embeddable":true,"href":"https:\/\/www.europesays.com\/fr\/wp-json\/wp\/v2\/users\/2"}],"replies":[{"embeddable":true,"href":"https:\/\/www.europesays.com\/fr\/wp-json\/wp\/v2\/comments?post=644997"}],"version-history":[{"count":0,"href":"https:\/\/www.europesays.com\/fr\/wp-json\/wp\/v2\/posts\/644997\/revisions"}],"wp:featuredmedia":[{"embeddable":true,"href":"https:\/\/www.europesays.com\/fr\/wp-json\/wp\/v2\/media\/644998"}],"wp:attachment":[{"href":"https:\/\/www.europesays.com\/fr\/wp-json\/wp\/v2\/media?parent=644997"}],"wp:term":[{"taxonomy":"category","embeddable":true,"href":"https:\/\/www.europesays.com\/fr\/wp-json\/wp\/v2\/categories?post=644997"},{"taxonomy":"post_tag","embeddable":true,"href":"https:\/\/www.europesays.com\/fr\/wp-json\/wp\/v2\/tags?post=644997"}],"curies":[{"name":"wp","href":"https:\/\/api.w.org\/{rel}","templated":true}]}}