{"id":645001,"date":"2026-01-06T15:16:11","date_gmt":"2026-01-06T15:16:11","guid":{"rendered":"https:\/\/www.europesays.com\/fr\/645001\/"},"modified":"2026-01-06T15:16:11","modified_gmt":"2026-01-06T15:16:11","slug":"les-etats-unis-apporteront-un-soutien-a-la-force-multinationale-europeenne-en-cas-dattaque-de-la-russie","status":"publish","type":"post","link":"https:\/\/www.europesays.com\/fr\/645001\/","title":{"rendered":"les \u00c9tats-Unis apporteront un \u00ab\u00a0soutien\u00a0\u00bb \u00e0 la force multinationale europ\u00e9enne \u00ab\u00a0en cas d&rsquo;attaque\u00a0\u00bb de la Russie"},"content":{"rendered":"<p class=\"article-p mdl\">Europ\u00e9ens et Am\u00e9ricains serrent les rangs derri\u00e8re l&rsquo;Ukraine face \u00e0 la Russie. La \u00ab\u00a0coalition des volontaires\u00a0\u00bb, qui regroupe principalement des alli\u00e9s europ\u00e9ens de Kiev, s\u2019appr\u00eate \u00e0 affirmer que la future force multinationale d\u00e9ploy\u00e9e en Ukraine b\u00e9n\u00e9ficierait d\u2019un engagement de soutien des \u00c9tats-Unis en cas d\u2019attaque russe, une fois un \u00e9ventuel cessez-le-feu entr\u00e9 en vigueur. C\u2019est ce qui ressort d\u2019un projet de d\u00e9claration<a class=\"link\" href=\"https:\/\/www.rtl.fr\/actu\/international\/guerre-en-ukraine-zelensky-recoit-ses-allies-europeens-a-kiev-ce-samedi-en-marge-d-un-hypothetique-accord-de-paix-7900584228\" title=\"Guerre en Ukraine : Zelensky re\u00e7oit ses alli\u00e9s europ\u00e9ens \u00e0 Kiev ce samedi en marge d&#039;un hypoth\u00e9tique accord de paix\" target=\"_blank\" rel=\"noopener\"> issu du sommet de Paris<\/a>, consult\u00e9 par l\u2019AFP mardi.<\/p>\n<p>Une trentaine de dirigeants, r\u00e9unis mardi apr\u00e8s-midi \u00e0 l\u2019\u00c9lys\u00e9e aux c\u00f4t\u00e9s d\u2019\u00e9missaires am\u00e9ricains et du pr\u00e9sident ukrainien\u00a0<a class=\"link\" href=\"https:\/\/www.rtl.fr\/actu\/international\/guerre-en-ukraine-zelensky-affirme-que-l-accord-de-paix-est-pret-a-90-et-qu-il-reste-10-jusqu-a-la-paix-7900583809\" title=\"Guerre en Ukraine : Zelensky affirme que &quot;l&#039;accord de paix est pr\u00eat \u00e0 90%&quot; et qu&#039;il reste &quot;10% jusqu&#039;\u00e0 la paix&quot;\" target=\"_blank\" rel=\"noopener\">Volodymyr Zelensky<\/a>, devraient se dire pr\u00eats \u00e0 accorder \u00e0 l\u2019Ukraine des garanties de s\u00e9curit\u00e9 \u00ab\u00a0politiquement et juridiquement contraignantes\u00a0\u00bb, activables d\u00e8s l\u2019instauration d\u2019un cessez-le-feu avec la Russie.<\/p>\n<p>            Une coordination entre Am\u00e9ricains et Europ\u00e9ens<\/p>\n<p class=\"article-p mdl\">Selon le texte, les \u00c9tats-Unis et les membres de la coalition joueraient un r\u00f4le central, en \u00e9troite coordination, dans la mise en \u0153uvre de ces garanties. Le cessez-le-feu serait plac\u00e9 sous supervision am\u00e9ricaine, avec la participation des pays de la coalition.<\/p>\n<p class=\"article-p mdl\">\n<br \/>Ce projet de d\u00e9claration, qui peut encore faire l\u2019objet d\u2019ajustements marginaux selon des sources diplomatiques, marque une \u00e9tape suppl\u00e9mentaire dans les discussions sur l\u2019architecture de s\u00e9curit\u00e9 destin\u00e9e \u00e0 stabiliser l\u2019Ukraine apr\u00e8s un arr\u00eat des combats.<\/p>\n<p>    La r\u00e9daction vous recommande<\/p>\n<p class=\"s-newsletter__title\">\n                L\u2019actualit\u00e9 par la r\u00e9daction de RTL dans votre bo\u00eete mail.\n            <\/p>\n<p class=\"s-newsletter__subtitle\">\n                Gr\u00e2ce \u00e0 votre compte RTL abonnez-vous \u00e0 la newsletter RTL info pour suivre toute l&rsquo;actualit\u00e9 au quotidien\n            <\/p>\n<p>\n                                    Lire la suite\n                                <\/p>\n","protected":false},"excerpt":{"rendered":"Europ\u00e9ens et Am\u00e9ricains serrent les rangs derri\u00e8re l&rsquo;Ukraine face \u00e0 la Russie. La \u00ab\u00a0coalition des volontaires\u00a0\u00bb, qui regroupe&hellip;\n","protected":false},"author":2,"featured_media":645002,"comment_status":"","ping_status":"","sticky":false,"template":"","format":"standard","meta":{"footnotes":""},"categories":[1589],"tags":[11,73,1866,107,131,12,132,220,364,1864,1865,1863,308],"class_list":{"0":"post-645001","1":"post","2":"type-post","3":"status-publish","4":"format-standard","5":"has-post-thumbnail","7":"category-etats-unis","8":"tag-actualites","9":"tag-etats-unis","10":"tag-etats-unis-damerique","11":"tag-fil-info","12":"tag-guerre-en-ukraine","13":"tag-news","14":"tag-russie","15":"tag-ukraine","16":"tag-union-europeenne","17":"tag-united-states","18":"tag-united-states-of-america","19":"tag-us","20":"tag-usa"},"share_on_mastodon":{"url":"https:\/\/pubeurope.com\/@fr\/115848818452724541","error":""},"_links":{"self":[{"href":"https:\/\/www.europesays.com\/fr\/wp-json\/wp\/v2\/posts\/645001","targetHints":{"allow":["GET"]}}],"collection":[{"href":"https:\/\/www.europesays.com\/fr\/wp-json\/wp\/v2\/posts"}],"about":[{"href":"https:\/\/www.europesays.com\/fr\/wp-json\/wp\/v2\/types\/post"}],"author":[{"embeddable":true,"href":"https:\/\/www.europesays.com\/fr\/wp-json\/wp\/v2\/users\/2"}],"replies":[{"embeddable":true,"href":"https:\/\/www.europesays.com\/fr\/wp-json\/wp\/v2\/comments?post=645001"}],"version-history":[{"count":0,"href":"https:\/\/www.europesays.com\/fr\/wp-json\/wp\/v2\/posts\/645001\/revisions"}],"wp:featuredmedia":[{"embeddable":true,"href":"https:\/\/www.europesays.com\/fr\/wp-json\/wp\/v2\/media\/645002"}],"wp:attachment":[{"href":"https:\/\/www.europesays.com\/fr\/wp-json\/wp\/v2\/media?parent=645001"}],"wp:term":[{"taxonomy":"category","embeddable":true,"href":"https:\/\/www.europesays.com\/fr\/wp-json\/wp\/v2\/categories?post=645001"},{"taxonomy":"post_tag","embeddable":true,"href":"https:\/\/www.europesays.com\/fr\/wp-json\/wp\/v2\/tags?post=645001"}],"curies":[{"name":"wp","href":"https:\/\/api.w.org\/{rel}","templated":true}]}}