{"id":645027,"date":"2026-01-06T15:34:10","date_gmt":"2026-01-06T15:34:10","guid":{"rendered":"https:\/\/www.europesays.com\/fr\/645027\/"},"modified":"2026-01-06T15:34:10","modified_gmt":"2026-01-06T15:34:10","slug":"de-belles-photos-qui-chantent-a-ales-lamour-pour-les-cevennes","status":"publish","type":"post","link":"https:\/\/www.europesays.com\/fr\/645027\/","title":{"rendered":"De belles photos qui chantent \u00e0 Al\u00e8s l\u2019amour pour les C\u00e9vennes"},"content":{"rendered":"<p>\n                                                                Jusqu\u2019au 16\u00a0janvier, l\u2019espace Chamson \u00e0 Al\u00e8s accueille les photos de Lumi\u00e8res c\u00e9venoles.\n                            <\/p>\n<p>La salle Vinci de l\u2019espace Chamson \u00e0 Al\u00e8s propose actuellement une int\u00e9ressante exposition r\u00e9alis\u00e9e par l\u2019association Lumi\u00e8res c\u00e9venoles. Ce sont les clich\u00e9s de Serge Ferreux, Jean Dizier, Carole Reboul et Christophe Lopez qui mettent en sc\u00e8ne la nature et les \u00e9l\u00e9ments c\u00e9venols qui leur sont chers.<\/p>\n<p>Les C\u00e9vennes en exergue<\/p>\n<p>Sur place, trois de nos photographes\u00a0commentent\u00a0: \u00ab\u00a0On peut y voir des paysages de nuit en noir et blanc, des animaux tels le chevreuil, le gypa\u00e8te barbu\u2026 et des paysages de l\u2019automne. Ce sont toutes des photos originales in\u00e9dites en num\u00e9rique avec des tirages faits par nous-m\u00eames.\u00a0\u00bb<\/p>\n<p>L\u2019ensemble de ces photos t\u00e9moigne de l\u2019amour que ces artistes ont pour la faune et les paysages changeants, en fonction des saisons, de notre r\u00e9gion. Une exposition dans laquelle on peut plonger le regard jusqu\u2019\u00e0 sati\u00e9t\u00e9.<\/p>\n<p>Visible jusqu\u2019au 16\u00a0janvier. Vernissage ce mardi 6\u00a0janvier \u00e0 18\u00a0h.<\/p>\n","protected":false},"excerpt":{"rendered":"Jusqu\u2019au 16\u00a0janvier, l\u2019espace Chamson \u00e0 Al\u00e8s accueille les photos de Lumi\u00e8res c\u00e9venoles. La salle Vinci de l\u2019espace Chamson&hellip;\n","protected":false},"author":2,"featured_media":645028,"comment_status":"","ping_status":"","sticky":false,"template":"","format":"standard","meta":{"footnotes":""},"categories":[1358],"tags":[2678,1348,1384,1385,872,1386,58,59,1349,1011,27,2679],"class_list":{"0":"post-645027","1":"post","2":"type-post","3":"status-publish","4":"format-standard","5":"has-post-thumbnail","7":"category-arts-et-design","8":"tag-ales","9":"tag-arts","10":"tag-arts-and-design","11":"tag-arts-et-design","12":"tag-culture-et-loisirs","13":"tag-design","14":"tag-divertissement","15":"tag-entertainment","16":"tag-expositions","17":"tag-fr","18":"tag-france","19":"tag-gard"},"share_on_mastodon":{"url":"https:\/\/pubeurope.com\/@fr\/115848889145868445","error":""},"_links":{"self":[{"href":"https:\/\/www.europesays.com\/fr\/wp-json\/wp\/v2\/posts\/645027","targetHints":{"allow":["GET"]}}],"collection":[{"href":"https:\/\/www.europesays.com\/fr\/wp-json\/wp\/v2\/posts"}],"about":[{"href":"https:\/\/www.europesays.com\/fr\/wp-json\/wp\/v2\/types\/post"}],"author":[{"embeddable":true,"href":"https:\/\/www.europesays.com\/fr\/wp-json\/wp\/v2\/users\/2"}],"replies":[{"embeddable":true,"href":"https:\/\/www.europesays.com\/fr\/wp-json\/wp\/v2\/comments?post=645027"}],"version-history":[{"count":0,"href":"https:\/\/www.europesays.com\/fr\/wp-json\/wp\/v2\/posts\/645027\/revisions"}],"wp:featuredmedia":[{"embeddable":true,"href":"https:\/\/www.europesays.com\/fr\/wp-json\/wp\/v2\/media\/645028"}],"wp:attachment":[{"href":"https:\/\/www.europesays.com\/fr\/wp-json\/wp\/v2\/media?parent=645027"}],"wp:term":[{"taxonomy":"category","embeddable":true,"href":"https:\/\/www.europesays.com\/fr\/wp-json\/wp\/v2\/categories?post=645027"},{"taxonomy":"post_tag","embeddable":true,"href":"https:\/\/www.europesays.com\/fr\/wp-json\/wp\/v2\/tags?post=645027"}],"curies":[{"name":"wp","href":"https:\/\/api.w.org\/{rel}","templated":true}]}}