{"id":645029,"date":"2026-01-06T15:36:27","date_gmt":"2026-01-06T15:36:27","guid":{"rendered":"https:\/\/www.europesays.com\/fr\/645029\/"},"modified":"2026-01-06T15:36:27","modified_gmt":"2026-01-06T15:36:27","slug":"tout-est-une-histoire-deducation-juge-lotfi","status":"publish","type":"post","link":"https:\/\/www.europesays.com\/fr\/645029\/","title":{"rendered":"\u00ab\u00a0Tout est une histoire d&rsquo;\u00e9ducation\u00a0\u00bb, juge Lotfi"},"content":{"rendered":"<p><img decoding=\"async\" fetchpriority=\"high\" src=\"https:\/\/www.europesays.com\/fr\/wp-content\/uploads\/2025\/12\/placeholder_lcp_video.abed0b810f2d6bb64cb114993ac8fa27.webp.webp\" width=\"800\" height=\"450\" alt=\"placeholder video\"\/><\/p>\n<p>Interdire la pub pour la malbouffe : bonne ou mauvaise id\u00e9e ? \u00ab\u00a0Mon fils n&rsquo;a jamais mang\u00e9 McDo ! Tout est une histoire d&rsquo;\u00e9ducation ! Il avait un prof qui expliquait aux \u00e9l\u00e8ves ce qu&rsquo;il y a dans un menu McDo\u00a0\u00bb, raconte Lotfi.<br \/>Ce mardi, Fred Hermel, Elise Goldfarb et Jean-Philippe Doux sont autour de la table. Au programme : l\u2019\u00c9tat est-il incomp\u00e9tent face aux chutes de neige, faut-il panth\u00e9oniser Brigitte Bardot, interdire la pub pour la malbouffe et vie quotidienne, \u00e9ducation, pouvoir d\u2019achat : c\u2019\u00e9tait mieux avant.<br \/>Estelle Midi, c&rsquo;est le d\u00e9jeuner convivial qui n\u2019\u00e9lude aucun sujet entre 12h et 15h. Estelle Denis et Charles Magnien, accompagn\u00e9s des chroniqueurs, vous donnent rendez-vous pour d\u00e9battre, t\u00e9moigner et rire. <\/p>\n<p>Aujourd&rsquo;hui \u00e0 13h48 | Dur\u00e9e : 1:56<\/p>\n","protected":false},"excerpt":{"rendered":"Interdire la pub pour la malbouffe : bonne ou mauvaise id\u00e9e ? \u00ab\u00a0Mon fils n&rsquo;a jamais mang\u00e9 McDo&hellip;\n","protected":false},"author":2,"featured_media":645030,"comment_status":"","ping_status":"","sticky":false,"template":"","format":"standard","meta":{"footnotes":""},"categories":[1356],"tags":[58,59,1011,27,252,1364],"class_list":{"0":"post-645029","1":"post","2":"type-post","3":"status-publish","4":"format-standard","5":"has-post-thumbnail","7":"category-television","8":"tag-divertissement","9":"tag-entertainment","10":"tag-fr","11":"tag-france","12":"tag-television","13":"tag-tv"},"share_on_mastodon":{"url":"https:\/\/pubeurope.com\/@fr\/115848897158994187","error":""},"_links":{"self":[{"href":"https:\/\/www.europesays.com\/fr\/wp-json\/wp\/v2\/posts\/645029","targetHints":{"allow":["GET"]}}],"collection":[{"href":"https:\/\/www.europesays.com\/fr\/wp-json\/wp\/v2\/posts"}],"about":[{"href":"https:\/\/www.europesays.com\/fr\/wp-json\/wp\/v2\/types\/post"}],"author":[{"embeddable":true,"href":"https:\/\/www.europesays.com\/fr\/wp-json\/wp\/v2\/users\/2"}],"replies":[{"embeddable":true,"href":"https:\/\/www.europesays.com\/fr\/wp-json\/wp\/v2\/comments?post=645029"}],"version-history":[{"count":0,"href":"https:\/\/www.europesays.com\/fr\/wp-json\/wp\/v2\/posts\/645029\/revisions"}],"wp:featuredmedia":[{"embeddable":true,"href":"https:\/\/www.europesays.com\/fr\/wp-json\/wp\/v2\/media\/645030"}],"wp:attachment":[{"href":"https:\/\/www.europesays.com\/fr\/wp-json\/wp\/v2\/media?parent=645029"}],"wp:term":[{"taxonomy":"category","embeddable":true,"href":"https:\/\/www.europesays.com\/fr\/wp-json\/wp\/v2\/categories?post=645029"},{"taxonomy":"post_tag","embeddable":true,"href":"https:\/\/www.europesays.com\/fr\/wp-json\/wp\/v2\/tags?post=645029"}],"curies":[{"name":"wp","href":"https:\/\/api.w.org\/{rel}","templated":true}]}}