{"id":645031,"date":"2026-01-06T15:37:10","date_gmt":"2026-01-06T15:37:10","guid":{"rendered":"https:\/\/www.europesays.com\/fr\/645031\/"},"modified":"2026-01-06T15:37:10","modified_gmt":"2026-01-06T15:37:10","slug":"avant-quil-jean-jacques-goldman-fustige-le-rappeur-a-cause-de-bernard-tapie","status":"publish","type":"post","link":"https:\/\/www.europesays.com\/fr\/645031\/","title":{"rendered":"\u201cAvant qu\u2019il\u2026\u201d, Jean-Jacques Goldman fustige le rappeur \u00e0 cause de Bernard Tapie"},"content":{"rendered":"<p><strong>Doc Gyn\u00e9co<\/strong> a toujours \u00e9t\u00e9 un rappeur tr\u00e8s<br \/>\nclivant. Peut-\u00eatre m\u00eame le plus clivant du rap<br \/>\ngame en France. <strong>Que cela soit pour certaines de<br \/>\nses exp\u00e9rimentations artistiques comme sa position politique aupr\u00e8s<br \/>\nd\u00a0\u00bbun certain Nicolas Sarkozy.<\/strong> Vivement critiqu\u00e9, le Doc<br \/>\ns&rsquo;est finalement mis \u00e0 la marge presque tout seul. Il en serait<br \/>\npresque tomb\u00e9 dans l\u2019oubli s\u2019il n\u2019avait pas, pendant un temps, fait<br \/>\nune br\u00e8ve reconversion \u00e0 la t\u00e9l\u00e9 chez <strong>Cyril<br \/>\nHanouna<\/strong>. De son c\u00f4t\u00e9, <strong>Jean-Jacques<br \/>\nGoldman<\/strong>, grand sachem de la chanson fran\u00e7aise, ne m\u00e2che<br \/>\npas ses mots concernant le MC. Notamment en raison de sa<br \/>\ncollaboration musicale avec <strong>Bernard Tapie<\/strong>.<\/p>\n<p>Doc Gyn\u00e9co, un rappeur tr\u00e8s \u00e0 part dans la musique<br \/>\nfran\u00e7aise<\/p>\n<p><strong>N\u00e9 Bruno Beausir, Doc Gyn\u00e9co se fait conna\u00eetre dans les<br \/>\nann\u00e9es 90 dans le Minist\u00e8re A.M.E.R.<\/strong> Groupe de rap<br \/>\ntricolore compos\u00e9 de <strong>Stomy Bugsy<\/strong> et<br \/>\n<strong>Passi<\/strong>. Mais c\u2019est surtout avec son premier album<br \/>\nsolo, Premi\u00e8re consultation, que le rappeur p\u00e8te<br \/>\nson plafond de verre. Un classic instantan\u00e9 du genre,<br \/>\nv\u00e9ritable r\u00e9adaptation de la <strong>G-Funk<\/strong> am\u00e9ricaine \u00e0<br \/>\nla sauce bien de chez nous. Le Doc devient ainsi le petit prince du<br \/>\nrap fran\u00e7ais. Puis, tout bascule\u2026<\/p>\n<p>Deux ans apr\u00e8s, en 1998, Doc Gyn\u00e9co surprend, voire surprend,<br \/>\nses fans de la premi\u00e8re heure. <strong>Il sort Liaisons<br \/>\nDangereuses, compil\u2019 hybride entre la cr\u00e8me du rap de l\u2019\u00e9poque<br \/>\net celle de la chanson fran\u00e7ais.<\/strong> S\u2019il est aujourd\u2019hui un<br \/>\nautre album culte, pour de nombreux puristes avis\u00e9s, le disque<br \/>\nd\u00e9route \u00e9norm\u00e9ment \u00e0 sa sortie. Et impose son auteur comme un<br \/>\npersonnage tr\u00e8s \u00e0 part dans la musique fran\u00e7aise. Avant une<br \/>\n(longue) chute in\u00e9luctable ?<\/p>\n<p>L\u2019artiste rap a collabor\u00e9 avec Bernard Tapie puis Cyril<br \/>\nHanouna<\/p>\n<p>Car, assez rapidement, Doc Gyn\u00e9co devient une caricature de<br \/>\nlui-m\u00eame. <strong>Sa nonchalance se transforme en neurasth\u00e9nie, son<br \/>\nrap devient une autoparodie plus ou moins r\u00e9ussie.<\/strong> Plus<br \/>\nsurprenant, au milieu des ann\u00e9es 2000, il se range du c\u00f4t\u00e9 d\u2019un<br \/>\nNicolas Sarkozy alors en campagne \u00e9lectorale. <a href=\"https:\/\/www.melty.fr\/people\/mon-maitre-doc-gyneco-en-extase-devant-nicolas-sarkozy-le-president-ne-le-laisse-pas-indifferent-2275422.html\" target=\"_blank\" rel=\"noopener\"><br \/>\nLe rappeur devient, de facto, la caution \u2018djeun\u2019s\u2019<\/a> du<br \/>\nfutur pr\u00e9sident de la R\u00e9publique d\u2019alors\u2026 Le Doc est la ris\u00e9e de<br \/>\nses contemporains et coll\u00e8gues.<\/p>\n<p><strong>Entre-temps, sur le fameux Liaisons<br \/>\nDangereuses, Doc Gyn\u00e9co r\u00e9alise un duo avec Bernard<br \/>\nTapie.<\/strong> Homme d&rsquo;affaires redout\u00e9, et redoutable, devenu un<br \/>\ntemps ministre, mort en 2021. Un featuring qui, avec le<br \/>\nrecul, d\u00e9montre la direction politique vers laquelle va aller<br \/>\nl\u2019artiste. Le single, lui, C\u2019est beau la vie, conna\u00eet un<br \/>\nsucc\u00e8s. <a href=\"https:\/\/www.melty.fr\/people\/doc-gyneco-la-legende-sest-eteinte-a-52-ans-son-acolyte-du-secteur-a-nous-a-quittes-2287041.html\" target=\"_blank\" rel=\"noopener\"><br \/>\nDoc Gyn\u00e9co, plus tard, conna\u00eet une carri\u00e8re de<br \/>\n<strong>chroniqueur<\/strong><\/a> <strong>t\u00e9l\u00e9<\/strong> notamment<br \/>\ndans <strong>TPMP<\/strong> anim\u00e9 par Cyril Hanouna.<\/p>\n<p>Jean-Jacques Goldman fait le point sur<br \/>\nla situation Doc Gyn\u00e9co<\/p>\n<p>\u00c0 l\u2019\u00e9poque du feat. entre Doc Gyn\u00e9co et Bernard Tapie,<br \/>\ncette collaboration aussi surprenante qu&rsquo;inattendue fait couler de<br \/>\nl\u2019encre. Et cela m\u00eame si le businessman incarne le chauffeur du<br \/>\nrappeur dans le clip officiel de la chanson. Jean-Jacques Goldman,<br \/>\nsaint patron de la chanson fran\u00e7aise, collaborateur de<br \/>\n<strong>C\u00e9line Dion<\/strong>, a comment\u00e9 cette dr\u00f4le d\u2019association<br \/>\nsur disque. <strong><a href=\"https:\/\/parler-de-sa-vie.net\/ecrits\/interviews\/19980409.php\" target=\"_blank\" rel=\"noopener\">Sur<br \/>\nun forum internet qui lui est enti\u00e8rement d\u00e9di\u00e9<\/a>, l\u2019interpr\u00e8te<br \/>\nd\u2019Au bout de mes r\u00eaves fait le point sur cette<br \/>\ncollaboration.<\/strong><\/p>\n<p>\u201cOn a entendu parler d&rsquo;un duo entre Bernard Tapie et Doc<br \/>\nGyn\u00e9co. Toi tu te verrais chanter avec Bernard Tapie ?\u201d,<br \/>\ndemande l\u2019intervieweur au chanteur embl\u00e9matique des ann\u00e9es 80.<br \/>\nR\u00e9ponse lapidaire de Goldman : \u201cNon.\u201d Relance du premier :<br \/>\n\u201c<strong>Comme \u00e7a c&rsquo;est clair ! Et avec Doc Gyn\u00e9co<br \/>\n?<\/strong>\u201d L\u2019artiste et ancien membre des<br \/>\n<strong>Enfoir\u00e9s<\/strong> rench\u00e9rit : \u201cNon plus, enfin pas pour<br \/>\ndes questions personnelles mais \u00e0 mon avis il n&rsquo;a pas besoin de<br \/>\nmoi. J&rsquo;ai beaucoup d&rsquo;estime, enfin j&rsquo;en avais beaucoup pour\u2026\u201d<br \/>\nPuis, contre toute attente, Jean-Jacques Goldman s\u2019inscrit en faux<br \/>\nconcernant cette collaboration du Doc : \u201c<strong>Avant qu&rsquo;il<br \/>\nchante avec Bernard Tapie.<\/strong> Enfin je veux dire, il a son<br \/>\nlangage, il a sa musique, il y a assez peu de passerelles entre ce<br \/>\nqu&rsquo;il fait et ce que je fais. Mais j&rsquo;ai beaucoup de respect pour ce<br \/>\nqu&rsquo;il fait.\u201d Langue de bois, quand tu nous tiens.<\/p>\n","protected":false},"excerpt":{"rendered":"Doc Gyn\u00e9co a toujours \u00e9t\u00e9 un rappeur tr\u00e8s clivant. Peut-\u00eatre m\u00eame le plus clivant du rap game en&hellip;\n","protected":false},"author":2,"featured_media":645032,"comment_status":"","ping_status":"","sticky":false,"template":"","format":"standard","meta":{"footnotes":""},"categories":[1355],"tags":[905,58,33868,59,1011,27,7195,1361,873],"class_list":{"0":"post-645031","1":"post","2":"type-post","3":"status-publish","4":"format-standard","5":"has-post-thumbnail","7":"category-musique","8":"tag-a-la-une-melty","9":"tag-divertissement","10":"tag-doc-gyneco","11":"tag-entertainment","12":"tag-fr","13":"tag-france","14":"tag-jean-jacques-goldman","15":"tag-music","16":"tag-musique"},"share_on_mastodon":{"url":"https:\/\/pubeurope.com\/@fr\/115848901058492328","error":""},"_links":{"self":[{"href":"https:\/\/www.europesays.com\/fr\/wp-json\/wp\/v2\/posts\/645031","targetHints":{"allow":["GET"]}}],"collection":[{"href":"https:\/\/www.europesays.com\/fr\/wp-json\/wp\/v2\/posts"}],"about":[{"href":"https:\/\/www.europesays.com\/fr\/wp-json\/wp\/v2\/types\/post"}],"author":[{"embeddable":true,"href":"https:\/\/www.europesays.com\/fr\/wp-json\/wp\/v2\/users\/2"}],"replies":[{"embeddable":true,"href":"https:\/\/www.europesays.com\/fr\/wp-json\/wp\/v2\/comments?post=645031"}],"version-history":[{"count":0,"href":"https:\/\/www.europesays.com\/fr\/wp-json\/wp\/v2\/posts\/645031\/revisions"}],"wp:featuredmedia":[{"embeddable":true,"href":"https:\/\/www.europesays.com\/fr\/wp-json\/wp\/v2\/media\/645032"}],"wp:attachment":[{"href":"https:\/\/www.europesays.com\/fr\/wp-json\/wp\/v2\/media?parent=645031"}],"wp:term":[{"taxonomy":"category","embeddable":true,"href":"https:\/\/www.europesays.com\/fr\/wp-json\/wp\/v2\/categories?post=645031"},{"taxonomy":"post_tag","embeddable":true,"href":"https:\/\/www.europesays.com\/fr\/wp-json\/wp\/v2\/tags?post=645031"}],"curies":[{"name":"wp","href":"https:\/\/api.w.org\/{rel}","templated":true}]}}