{"id":645039,"date":"2026-01-06T15:41:09","date_gmt":"2026-01-06T15:41:09","guid":{"rendered":"https:\/\/www.europesays.com\/fr\/645039\/"},"modified":"2026-01-06T15:41:09","modified_gmt":"2026-01-06T15:41:09","slug":"sa-villa-sublime-au-coeur-des-tresors-historiques-de-rome","status":"publish","type":"post","link":"https:\/\/www.europesays.com\/fr\/645039\/","title":{"rendered":"sa villa sublime au c\u0153ur des tr\u00e9sors historiques de Rome"},"content":{"rendered":"<p>Le truculent homme de cin\u00e9ma toscan, aujourd\u00a0\u00bbhui \u00e2g\u00e9 de 73 ans,<br \/>\nvit des jours heureux en Italie. L&rsquo;artiste s&rsquo;est install\u00e9 \u00e0 Rome,<br \/>\ndans une villa situ\u00e9e \u00e0 c\u00f4t\u00e9 des c\u00e9l\u00e8bres thermes de Caracalla.<\/p>\n<p>La carri\u00e8re formidable de Roberto Benigni<\/p>\n<p data-start=\"0\" data-end=\"731\">Roberto Benigni d\u00e9bute sa carri\u00e8re<br \/>\ndans les ann\u00e9es 1970 comme <strong>humoriste et com\u00e9dien de<br \/>\nsc\u00e8ne<\/strong>, o\u00f9 son style provocateur, physique et profond\u00e9ment<br \/>\npopulaire se fait rapidement remarquer <a href=\"https:\/\/www.lejournaldelamaison.fr\/le-journal-de-la-maison\/reportages-maisons\/maisons-campagne\/maison-achetee-1-e-italie-devenue-veritable-pepite-renovee-519053.html\" target=\"_blank\" rel=\"noopener\"><br \/>\nen Italie<\/a>. Il s&rsquo;impose ensuite \u00e0 la t\u00e9l\u00e9vision puis au cin\u00e9ma,<br \/>\naussi bien comme acteur que comme sc\u00e9nariste et r\u00e9alisateur. D\u00e8s<br \/>\nses premiers films, il d\u00e9veloppe un univers tr\u00e8s personnel, m\u00ealant<br \/>\n<strong>satire politique, po\u00e9sie burlesque et tendresse<\/strong>,<br \/>\nsouvent en collaboration avec sa compagne Nicoletta Braschi. Dans<br \/>\nles ann\u00e9es 1980 et 1990, il devient l&rsquo;un des visages les plus<br \/>\nreconnaissables du cin\u00e9ma italien, travaillant aussi avec des<br \/>\nr\u00e9alisateurs majeurs comme Federico Fellini ou Jim Jarmusch, ce qui<br \/>\ncontribue \u00e0 sa reconnaissance internationale.<\/p>\n<p data-start=\"733\" data-end=\"1476\" data-is-last-node=\"\" data-is-only-node=\"\">Sa carri\u00e8re prend une dimension mondiale en<br \/>\n1997 avec La vita \u00e8 bella (La vie est belle, en VF), film<br \/>\nqu&rsquo;il \u00e9crit, r\u00e9alise et interpr\u00e8te. Le succ\u00e8s est immense, aussi<br \/>\nbien public que critique, et culmine lors de la c\u00e9r\u00e9monie des<br \/>\nOscars en 1999, o\u00f9 il remporte l&rsquo;<strong>Oscar du meilleur acteur<br \/>\nainsi que celui du meilleur film \u00e9tranger<\/strong>. Cette \u0153uvre<br \/>\nmarque durablement l&rsquo;histoire du cin\u00e9ma par sa capacit\u00e9 \u00e0 aborder<br \/>\nun sujet tragique \u00e0 travers une approche \u00e0 la fois humaniste et<br \/>\npo\u00e9tique. Aujourd&rsquo;hui, l&rsquo;homme de cin\u00e9ma se fait plus rare \u00e0<br \/>\nl\u2019\u00e9cran, privil\u00e9giant <strong>des lectures publiques tr\u00e8s suivies<br \/>\nde la Divine Com\u00e9die de Dante<\/strong> et des apparitions<br \/>\nt\u00e9l\u00e9vis\u00e9es \u00e9v\u00e9nementielles.<\/p>\n<p>Roberto Benigni : une villa discr\u00e8te pr\u00e8s des tr\u00e9sors<br \/>\nhistoriques de Rome<\/p>\n<p>Loin des clich\u00e9s des grandes propri\u00e9t\u00e9s ultra-luxueuses visibles<br \/>\nsur les r\u00e9seaux sociaux, <strong data-start=\"717\" data-end=\"816\">la<br \/>\nmaison o\u00f9 vit Roberto Benigni avec sa femme Nicoletta Braschi se<br \/>\ntrouve dans <a href=\"https:\/\/www.lejournaldelamaison.fr\/le-journal-de-la-maison\/reportages-maisons\/maisons-reportages-maisons\/julie-andrieu-maison-reve-rome-installee-sans-mari-stephane-dejaloux-quand-fait-part-envie-repondu-saccorderait-519130.html\" target=\"_blank\" rel=\"noopener\"><br \/>\nle c\u0153ur de Rome<\/a><\/strong>, dans un quartier charg\u00e9 d&rsquo;histoire et<br \/>\nde culture. Selon le site Casa di stile, la r\u00e9sidence<br \/>\nprincipale de l&rsquo;Oscar du meilleur acteur pour sa performance dans<br \/>\nLa vie est belle est situ\u00e9e <strong data-start=\"981\" data-end=\"1030\">\u00e0 proximit\u00e9 des c\u00e9l\u00e8bres Terme di Caracalla<\/strong>, l&rsquo;un des sites<br \/>\nhistoriques les plus impressionnants de la capitale italienne,<br \/>\nconnu pour ses thermes antiques monumentaux.<\/p>\n<p>Cette localisation n&rsquo;a rien d&rsquo;anodin : elle refl\u00e8te parfaitement<br \/>\nla personnalit\u00e9 du cin\u00e9aste, grand passionn\u00e9 d&rsquo;art, d&rsquo;histoire et<br \/>\nde culture. Sa villa repr\u00e9sente un <strong data-start=\"1359\" data-end=\"1396\">refuge priv\u00e9 loin des projecteurs<\/strong>, o\u00f9 il<br \/>\npeut se ressourcer avec sa compagne apr\u00e8s des ann\u00e9es de carri\u00e8re<br \/>\nexceptionnelle dans le monde du cin\u00e9ma. La discr\u00e9tion qui entoure<br \/>\ncette maison romaine est volontaire : Roberto Benigni et son \u00e9pouse<br \/>\nNicoletta Braschi ont toujours mis un point d&rsquo;honneur \u00e0 s\u00e9parer<br \/>\nleur \u0153uvre publique de leur quotidien personnel.<\/p>\n<blockquote class=\"instagram-media\" style=\"background: #ffffff;border: 0;margin: 1px;width: 100%;padding: 0;max-width: 500px;\" data-instgrm-permalink=\"https:\/\/www.instagram.com\/p\/Cy6ZJAiIOL8\/\" data-instgrm-version=\"14\"\/><p>\nRoberto Benigni : au-del\u00e0 de Rome, un<br \/>\nlien fort avec toute l&rsquo;Italie<\/p>\n<p data-start=\"2512\" data-end=\"2689\">Outre la r\u00e9sidence romaine,<br \/>\nRoberto Benigni poss\u00e8de d&rsquo;autres propri\u00e9t\u00e9s en Italie, qui<br \/>\nrefl\u00e8tent son attachement profond \u00e0 son pays natal. Il dispose<br \/>\nnotamment d&rsquo;une <strong data-start=\"2720\" data-end=\"2742\">villa en<br \/>\nSardaigne<\/strong>, situ\u00e9e <strong data-start=\"2751\" data-end=\"2783\">pr\u00e8s des Bocche di Bonifacio<\/strong> dans le parc national<br \/>\nde l\u2019archipel de La Maddalena, un endroit embl\u00e9matique pour se<br \/>\nd\u00e9tendre au bord de la mer et appr\u00e9cier la nature m\u00e9diterran\u00e9enne.<br \/>\nIl poss\u00e8de \u00e9galement <a href=\"https:\/\/www.lejournaldelamaison.fr\/le-journal-de-la-maison\/reportages-maisons\/toscane-maison-rebatie-pour-une-dolce-vita-253122.html\" target=\"_blank\" rel=\"noopener\"><br \/>\ndes propri\u00e9t\u00e9s en <strong data-start=\"3017\" data-end=\"3028\">Toscane<\/strong><\/a>, r\u00e9gion de ses origines et qu&rsquo;il ch\u00e9rit<br \/>\nparticuli\u00e8rement.<\/p>\n<p><script async src=\"\/\/www.instagram.com\/embed.js\"><\/script><\/p>\n","protected":false},"excerpt":{"rendered":"Le truculent homme de cin\u00e9ma toscan, aujourd\u00a0\u00bbhui \u00e2g\u00e9 de 73 ans, vit des jours heureux en Italie. L&rsquo;artiste&hellip;\n","protected":false},"author":2,"featured_media":645040,"comment_status":"","ping_status":"","sticky":false,"template":"","format":"standard","meta":{"footnotes":""},"categories":[8],"tags":[13041,3031,75108,75110,6521,1805,154,4070,58,59,1011,27,52369,5261,4060,3499,10649,13537,75109,46369,7825],"class_list":{"0":"post-645039","1":"post","2":"type-post","3":"status-publish","4":"format-standard","5":"has-post-thumbnail","7":"category-divertissement","8":"tag-a","9":"tag-au","10":"tag-benigni","11":"tag-caracalla","12":"tag-coeur","13":"tag-de","14":"tag-des","15":"tag-deux","16":"tag-divertissement","17":"tag-entertainment","18":"tag-fr","19":"tag-france","20":"tag-historiques","21":"tag-pas","22":"tag-roberto","23":"tag-rome","24":"tag-sa","25":"tag-sublime","26":"tag-thermes","27":"tag-tresors","28":"tag-villa"},"share_on_mastodon":{"url":"https:\/\/pubeurope.com\/@fr\/115848916872103810","error":""},"_links":{"self":[{"href":"https:\/\/www.europesays.com\/fr\/wp-json\/wp\/v2\/posts\/645039","targetHints":{"allow":["GET"]}}],"collection":[{"href":"https:\/\/www.europesays.com\/fr\/wp-json\/wp\/v2\/posts"}],"about":[{"href":"https:\/\/www.europesays.com\/fr\/wp-json\/wp\/v2\/types\/post"}],"author":[{"embeddable":true,"href":"https:\/\/www.europesays.com\/fr\/wp-json\/wp\/v2\/users\/2"}],"replies":[{"embeddable":true,"href":"https:\/\/www.europesays.com\/fr\/wp-json\/wp\/v2\/comments?post=645039"}],"version-history":[{"count":0,"href":"https:\/\/www.europesays.com\/fr\/wp-json\/wp\/v2\/posts\/645039\/revisions"}],"wp:featuredmedia":[{"embeddable":true,"href":"https:\/\/www.europesays.com\/fr\/wp-json\/wp\/v2\/media\/645040"}],"wp:attachment":[{"href":"https:\/\/www.europesays.com\/fr\/wp-json\/wp\/v2\/media?parent=645039"}],"wp:term":[{"taxonomy":"category","embeddable":true,"href":"https:\/\/www.europesays.com\/fr\/wp-json\/wp\/v2\/categories?post=645039"},{"taxonomy":"post_tag","embeddable":true,"href":"https:\/\/www.europesays.com\/fr\/wp-json\/wp\/v2\/tags?post=645039"}],"curies":[{"name":"wp","href":"https:\/\/api.w.org\/{rel}","templated":true}]}}