{"id":645055,"date":"2026-01-06T15:49:18","date_gmt":"2026-01-06T15:49:18","guid":{"rendered":"https:\/\/www.europesays.com\/fr\/645055\/"},"modified":"2026-01-06T15:49:18","modified_gmt":"2026-01-06T15:49:18","slug":"lapprentissage-le-recit-du-retour-a-la-vie-dun-homme-apres-un-coma","status":"publish","type":"post","link":"https:\/\/www.europesays.com\/fr\/645055\/","title":{"rendered":"L\u2019Apprentissage , le r\u00e9cit du retour \u00e0 la vie d\u2019un homme apr\u00e8s un coma"},"content":{"rendered":"<p>La Compagnie nanc\u00e9ienne Zia d\u00e9peint avec acuit\u00e9, ironie et d\u00e9rision le milieu hospitalier et la fragilit\u00e9 de notre condition humaine. La pi\u00e8ce est mise en sc\u00e8ne par Suzie Baret-Fabry.<\/p>\n<p>Dans un chaos sensible et joyeux, cinq com\u00e9diens et musiciens c\u00e9l\u00e8brent l\u2019enterrement puis le retour \u00e0 la vie de celui qui se r\u00e9veille du coma et retrouve peu \u00e0 peu ses sens. D\u2019un huis clos intime de lutte pour sa survie, ils fabriquent collectivement une \u00e9pop\u00e9e miraculeuse, entre consid\u00e9rations prosa\u00efques et envol\u00e9es lyriques.<\/p>\n<p class=\"note\">Repr\u00e9sentations jeudi 8\u00a0janvier \u00e0 18\u00a0h\u00a0; vendredi 9\u00a0janvier \u00e0 20\u00a0h et samedi 10\u00a0janvier \u00e0 20\u00a0h. Au Th\u00e9\u00e2tre de Mon d\u00e9sert 71, rue de Mon D\u00e9sert \u00e0 Nancy. Tarifs 10\u00a0\u20ac, r\u00e9duit\u00a0: 5\u00a0\u20ac. Spectacle tout public, mais contient une sc\u00e8ne de nudit\u00e9.<\/p>\n","protected":false},"excerpt":{"rendered":"La Compagnie nanc\u00e9ienne Zia d\u00e9peint avec acuit\u00e9, ironie et d\u00e9rision le milieu hospitalier et la fragilit\u00e9 de notre&hellip;\n","protected":false},"author":2,"featured_media":645056,"comment_status":"","ping_status":"","sticky":false,"template":"","format":"standard","meta":{"footnotes":""},"categories":[9635],"tags":[1111,11,1687,1704,1777,674,1011,27,775,1702,1703,12,25,3140],"class_list":{"0":"post-645055","1":"post","2":"type-post","3":"status-publish","4":"format-standard","5":"has-post-thumbnail","7":"category-nancy","8":"tag-actu","9":"tag-actualites","10":"tag-culture-loisirs","11":"tag-edition-nancy-et-agglomeration","12":"tag-eu","13":"tag-europe","14":"tag-fr","15":"tag-france","16":"tag-grand-est","17":"tag-nancy","18":"tag-nancy-ville-54b","19":"tag-news","20":"tag-republique-francaise","21":"tag-spectacle"},"share_on_mastodon":{"url":"https:\/\/pubeurope.com\/@fr\/115848948218529983","error":""},"_links":{"self":[{"href":"https:\/\/www.europesays.com\/fr\/wp-json\/wp\/v2\/posts\/645055","targetHints":{"allow":["GET"]}}],"collection":[{"href":"https:\/\/www.europesays.com\/fr\/wp-json\/wp\/v2\/posts"}],"about":[{"href":"https:\/\/www.europesays.com\/fr\/wp-json\/wp\/v2\/types\/post"}],"author":[{"embeddable":true,"href":"https:\/\/www.europesays.com\/fr\/wp-json\/wp\/v2\/users\/2"}],"replies":[{"embeddable":true,"href":"https:\/\/www.europesays.com\/fr\/wp-json\/wp\/v2\/comments?post=645055"}],"version-history":[{"count":0,"href":"https:\/\/www.europesays.com\/fr\/wp-json\/wp\/v2\/posts\/645055\/revisions"}],"wp:featuredmedia":[{"embeddable":true,"href":"https:\/\/www.europesays.com\/fr\/wp-json\/wp\/v2\/media\/645056"}],"wp:attachment":[{"href":"https:\/\/www.europesays.com\/fr\/wp-json\/wp\/v2\/media?parent=645055"}],"wp:term":[{"taxonomy":"category","embeddable":true,"href":"https:\/\/www.europesays.com\/fr\/wp-json\/wp\/v2\/categories?post=645055"},{"taxonomy":"post_tag","embeddable":true,"href":"https:\/\/www.europesays.com\/fr\/wp-json\/wp\/v2\/tags?post=645055"}],"curies":[{"name":"wp","href":"https:\/\/api.w.org\/{rel}","templated":true}]}}