{"id":645061,"date":"2026-01-06T15:52:15","date_gmt":"2026-01-06T15:52:15","guid":{"rendered":"https:\/\/www.europesays.com\/fr\/645061\/"},"modified":"2026-01-06T15:52:15","modified_gmt":"2026-01-06T15:52:15","slug":"le-rugby-club-toulon-provence-mediterranee-illumine-la-fete-des-enfants","status":"publish","type":"post","link":"https:\/\/www.europesays.com\/fr\/645061\/","title":{"rendered":"Le Rugby Club Toulon Provence M\u00e9diterran\u00e9e illumine la f\u00eate des enfants"},"content":{"rendered":"<p>                    <img loading=\"lazy\" decoding=\"async\" src=\"https:\/\/www.europesays.com\/fr\/wp-content\/uploads\/2026\/01\/fa1bf758d99060f6fc36fc06557813.jpg\" class=\"img-responsive post-image\" width=\"680\" height=\"510\" alt=\"Le Rugby Club Toulon (\u2026)\" title=\"Le Rugby Club Toulon Provence M\u00e9diterran\u00e9e illumine la f\u00eate des enfants\"\/><\/p>\n<p class=\"chapo\">Le 18 d\u00e9cembre, sept joueuses du Rugby Club Toulon Provence M\u00e9diterran\u00e9e (RCTPM) ont fait une visite au service p\u00e9diatrie de l\u2019h\u00f4pital Sainte-Musse pour offrir des cadeaux de No\u00ebl aux enfants hospitalis\u00e9s.<\/p>\n<p>Cette initiative, d\u00e9sormais bien ancr\u00e9e, se d\u00e9roule depuis trois ans gr\u00e2ce \u00e0 un partenariat entre le club et l\u2019h\u00f4pital, soutenu financi\u00e8rement par l\u2019entreprise locale Plomberie Ghiglione. <strong>Nicolas Ghiglione,<\/strong> pr\u00e9sent lors de la remise des cadeaux, s\u2019investit dans cette action depuis sa cr\u00e9ation. P\u00e8re d\u2019un enfant en situation de handicap, il consid\u00e8re que \u00ab\u00a0c\u2019est une \u00e9vidence d\u2019apporter sa petite pierre \u00e0 l\u2019\u00e9difice de la solidarit\u00e9 \u00a0\u00bb.<br class=\"texte\"\/><br \/>\nPour <strong>L\u00e9a<\/strong>, joueuse du RCTPM, cette rencontre avec les enfants est \u00e9galement un moment privil\u00e9gi\u00e9\u00a0: \u00ab\u00a0 C\u2019est un vrai bonheur d\u2019aller \u00e0 la rencontre des enfants. Ce sont des instants uniques d\u2019humanit\u00e9 et de partage\u00a0\u00bb.<br class=\"autobr\"\/><br \/>\nCette op\u00e9ration refl\u00e8te l\u2019esprit du club, qui allie sport et engagement citoyen. Depuis sa cr\u00e9ation en 2022, le RCTPM f\u00e9minin s\u2019est impos\u00e9 dans le paysage du rugby national. L\u2019\u00e9quipe premi\u00e8re \u00e9volue cette saison en \u00c9lite 1, apr\u00e8s avoir remport\u00e9 le titre de championne de France \u00c9lite 2.<br class=\"autobr\"\/><br \/>\n<strong>Un grand bravo aux joueuses et \u00e0 tous les acteurs de cette belle initiative, qui apportent un peu de magie et de r\u00e9confort aux enfants en cette p\u00e9riode de f\u00eates.<\/strong><\/p>\n<p>Photo de Une \u00a9PRESSE AGENCE<\/p>\n","protected":false},"excerpt":{"rendered":"Le 18 d\u00e9cembre, sept joueuses du Rugby Club Toulon Provence M\u00e9diterran\u00e9e (RCTPM) ont fait une visite au service&hellip;\n","protected":false},"author":2,"featured_media":645062,"comment_status":"","ping_status":"","sticky":false,"template":"","format":"standard","meta":{"footnotes":""},"categories":[9619],"tags":[1111,11,2408,1777,674,1011,27,12,882,25,2310],"class_list":{"0":"post-645061","1":"post","2":"type-post","3":"status-publish","4":"format-standard","5":"has-post-thumbnail","7":"category-toulon","8":"tag-actu","9":"tag-actualites","10":"tag-appels-d","11":"tag-eu","12":"tag-europe","13":"tag-fr","14":"tag-france","15":"tag-news","16":"tag-provence-alpes-cote-dazur","17":"tag-republique-francaise","18":"tag-toulon"},"share_on_mastodon":{"url":"https:\/\/pubeurope.com\/@fr\/115848960166965655","error":""},"_links":{"self":[{"href":"https:\/\/www.europesays.com\/fr\/wp-json\/wp\/v2\/posts\/645061","targetHints":{"allow":["GET"]}}],"collection":[{"href":"https:\/\/www.europesays.com\/fr\/wp-json\/wp\/v2\/posts"}],"about":[{"href":"https:\/\/www.europesays.com\/fr\/wp-json\/wp\/v2\/types\/post"}],"author":[{"embeddable":true,"href":"https:\/\/www.europesays.com\/fr\/wp-json\/wp\/v2\/users\/2"}],"replies":[{"embeddable":true,"href":"https:\/\/www.europesays.com\/fr\/wp-json\/wp\/v2\/comments?post=645061"}],"version-history":[{"count":0,"href":"https:\/\/www.europesays.com\/fr\/wp-json\/wp\/v2\/posts\/645061\/revisions"}],"wp:featuredmedia":[{"embeddable":true,"href":"https:\/\/www.europesays.com\/fr\/wp-json\/wp\/v2\/media\/645062"}],"wp:attachment":[{"href":"https:\/\/www.europesays.com\/fr\/wp-json\/wp\/v2\/media?parent=645061"}],"wp:term":[{"taxonomy":"category","embeddable":true,"href":"https:\/\/www.europesays.com\/fr\/wp-json\/wp\/v2\/categories?post=645061"},{"taxonomy":"post_tag","embeddable":true,"href":"https:\/\/www.europesays.com\/fr\/wp-json\/wp\/v2\/tags?post=645061"}],"curies":[{"name":"wp","href":"https:\/\/api.w.org\/{rel}","templated":true}]}}