{"id":645067,"date":"2026-01-06T15:55:09","date_gmt":"2026-01-06T15:55:09","guid":{"rendered":"https:\/\/www.europesays.com\/fr\/645067\/"},"modified":"2026-01-06T15:55:09","modified_gmt":"2026-01-06T15:55:09","slug":"apres-trois-ans-ces-halles-gourmandes-a-rouen-ferment-leurs-portes-voici-pourquoi","status":"publish","type":"post","link":"https:\/\/www.europesays.com\/fr\/645067\/","title":{"rendered":"Apr\u00e8s trois ans, ces halles gourmandes \u00e0 Rouen ferment leurs portes : voici pourquoi"},"content":{"rendered":"<p>                    Par<br \/>\n        <strong><br \/>\n            <a href=\"https:\/\/actu.fr\/auteur\/julien-bouteiller\" title=\"Consulter tous les articles de Julien Bouteiller\" target=\"_blank\" rel=\"noopener\">Julien Bouteiller<\/a><br \/>\n                    <\/strong><\/p>\n<p>        Publi\u00e9 le<\/p>\n<p>            6 janv. 2026 \u00e0 15h02        <\/p>\n<p>Coup dur pour les cinq salari\u00e9s. Depuis le 31 d\u00e9cembre 2025, <a href=\"https:\/\/actu.fr\/normandie\/rouen_76540\/un-an-apres-quel-bilan-pour-les-halles-biltoki-a-rouen_60340763.html\" target=\"_blank\" rel=\"noopener\">les Halles Biltoki<\/a>, \u00e0 c\u00f4t\u00e9 des <a href=\"https:\/\/actu.fr\/tag\/docks-76\" target=\"_blank\" rel=\"noopener\">Docks 76 \u00e0 Rouen<\/a>, <strong>ont ferm\u00e9 leurs portes<\/strong>. Dans un communiqu\u00e9 envoy\u00e9 ce mardi 6 janvier 2026, <strong>l\u2019enseigne qui les exploite s\u2019en explique.<\/strong><\/p>\n<p>Biltoki, c\u2019est fini<\/p>\n<p class=\" wall-content\">Il y a trois ans, <a href=\"https:\/\/actu.fr\/normandie\/rouen_76540\/images-voici-a-quoi-ressemblent-les-nouvelles-halles-gourmandes-biltoki-de-rouen_54987706.html\" target=\"_blank\" rel=\"noopener\">on les imaginait comme une future place incontournable<\/a> dans le quartier Luciline, juste \u00e0 c\u00f4t\u00e9 du centre commercial et au pied du pont Flaubert, redonnant vie aux <strong>anciennes Halles Agrivin.<\/strong><\/p>\n<p class=\" wall-content\">Mais en cette fin d\u2019ann\u00e9e, les salari\u00e9s employ\u00e9s par Biltoki ont re\u00e7u <strong>un courrier annon\u00e7ant la fin de l\u2019activit\u00e9<\/strong> des Halles au 31 d\u00e9cembre. Une information que 76actu a tent\u00e9 de se faire confirmer, en vain, jusqu\u2019\u00e0 aujourd\u2019hui.<\/p>\n<p>Pourquoi les Halles ferment<\/p>\n<p class=\" wall-content\">\u00ab\u00a0Depuis plus d\u2019un an, Biltoki est engag\u00e9 <strong>dans une tentative de sauvetage<\/strong> des Halles de Rouen, face \u00e0 une \u00e9volution d\u00e9favorable de son quartier d\u2019implantation et aux difficult\u00e9s \u00e9conomiques lourdes que rencontrent les commer\u00e7ants\u00a0\u00bb, \u00e9crit l\u2019enseigne dans son communiqu\u00e9.\u00a0<\/p>\n<p class=\" wall-content\">Elle impute notamment <strong>\u00ab\u00a0l\u2019\u00e9volution de l\u2019environnement des Docks\u00a0\u00bb<\/strong> depuis trois ans, pointant \u00ab\u00a0l\u2019arriv\u00e9e d\u2019un hard-discounter [<a href=\"https:\/\/actu.fr\/normandie\/rouen_76540\/a-rouen-le-nouveau-magasin-action-ouvre-ses-portes-et-accueille-ses-premiers-clients_56243837.html\" target=\"_blank\" rel=\"noopener\">Action<\/a>], de commerces d\u2019\u00e9lectrom\u00e9nager ou de jouets, un positionnement autour des loisirs comme le gaming\u00a0\u00bb. Autant d\u2019\u00e9l\u00e9ments qui n\u2019ont \u00ab\u00a0pas permis de soutenir une dynamique favorable pour le site\u00a0\u00bb.\u00a0<\/p>\n<p class=\" wall-content\">Ainsi, les commer\u00e7ants install\u00e9s dans les halles \u00ab\u00a0ne <strong>versent plus leurs loyers<\/strong> \u00e0 Biltoki depuis un an\u00a0\u00bb. Ce qui a conduit l\u2019enseigne qui poss\u00e8de plusieurs halles \u00e0 d\u00e9ployer des \u00e9v\u00e9nements, \u00e0 ajuster l\u2019offre commerciale\u2026\u00a0<\/p>\n<p>Votre r\u00e9gion, votre actu !<\/p>\n<p>Recevez chaque jour les infos qui comptent pour vous.<\/p>\n<p>\t<a href=\"https:\/\/actu.fr\/newsletter\" class=\"ac-btn ac-btn--corner ac-btn--medium ac-btn--blue800\" target=\"_blank\" rel=\"noopener\">S&rsquo;incrire<\/a><\/p>\n<p class=\" wall-content\">H\u00e9las, cela n\u2019a pas suffi \u00e0 redresser la barre. En 2024, la soci\u00e9t\u00e9 accusait <strong>des pertes de plus de 250 000 euros.<\/strong><\/p>\n<p>Et apr\u00e8s ?<\/p>\n<p class=\" wall-content\">Biltoki va jusqu\u2019\u00e0 imputer implicitement <strong>une part de responsabilit\u00e9 au propri\u00e9taire des murs<\/strong>, \u00e0 savoir la soci\u00e9t\u00e9 qui exploite le centre commercial voisin. \u00ab\u00a0Cette phase [de redressement, NDLR] reposait sur une transformation du cadre d\u2019exploitation du site, qui ne pouvait \u00eatre envisag\u00e9e sans l\u2019accord et l\u2019implication du propri\u00e9taire du b\u00e2timent.\u00a0\u00bb<\/p>\n<blockquote class=\"ac-article-quote wall-content\">\n<p>Nous avons tout mis en \u0153uvre pour redonner vie \u00e0 la halle et nous y avons cru<br \/>\njusqu\u2019au bout. Les actions engag\u00e9es ont permis de tester, d\u2019animer et de maintenir<br \/>\nune dynamique mais elles ne pouvaient remplacer un projet global de transformation.<br \/>\nSans investissements structurants, il n\u2019\u00e9tait pas possible d\u2019aller plus loin<\/p>\n<p>    <strong>Xabi Alaman<\/strong><br \/>\n        Directeur g\u00e9n\u00e9ral de Biltoki (communiqu\u00e9 de presse)    <\/p><\/blockquote>\n<p class=\" wall-content\">Biltoki indique que les cinq salari\u00e9s du site recevront <strong>une proposition de reclassement<\/strong>. Mais surtout que \u00ab\u00a0l\u2019activit\u00e9 des Halles Agrivin [\u2026] ne pourra pas reprendre sous sa forme actuelle\u00a0\u00bb.<\/p>\n<p class=\" wall-content\">Quant \u00e0 la suite de l\u2019histoire pour le b\u00e2timent, elle appartient au propri\u00e9taire\u2026<\/p>\n<p>Suivez l\u2019actualit\u00e9 de Rouen <a href=\"https:\/\/www.whatsapp.com\/channel\/0029VaKfnf99hXF2ddApFB1D\" target=\"_blank\" rel=\"noopener\">sur notre cha\u00eene WhatsApp<\/a> et <a href=\"https:\/\/www.tiktok.com\/@76actu.fr?lang=fr\" target=\"_blank\" rel=\"noopener\">sur notre compte TikTok<\/a><\/p>\n<p class=\" wall-content\">Personnalisez votre actualit\u00e9 en ajoutant vos villes et m\u00e9dias en favori avec <a href=\"https:\/\/moncompte.actu.fr\" title=\"D\u00e9couvez Mon Actu\" rel=\"nofollow noopener\" data-trk=\"{&quot;cta&quot;:{&quot;action&quot;:&quot;https:\\\/\\\/moncompte.actu.fr&quot;,&quot;category&quot;:&quot;mon compte&quot;,&quot;from&quot;:&quot;article footer&quot;,&quot;name&quot;:&quot;Mon actu&quot;,&quot;type&quot;:&quot;cta&quot;}}\" target=\"_blank\">Mon Actu<\/a>.<\/p>\n<p>                    <script async src=\"\/\/www.tiktok.com\/embed.js\"><\/script><\/p>\n","protected":false},"excerpt":{"rendered":"Par Julien Bouteiller Publi\u00e9 le 6 janv. 2026 \u00e0 15h02 Coup dur pour les cinq salari\u00e9s. Depuis le&hellip;\n","protected":false},"author":2,"featured_media":645068,"comment_status":"","ping_status":"","sticky":false,"template":"","format":"standard","meta":{"footnotes":""},"categories":[9587],"tags":[1111,11,215,22131,33,1777,674,1011,27,12,5161,25,9590],"class_list":{"0":"post-645067","1":"post","2":"type-post","3":"status-publish","4":"format-standard","5":"has-post-thumbnail","7":"category-rouen","8":"tag-actu","9":"tag-actualites","10":"tag-commerce","11":"tag-docks-76","12":"tag-economie","13":"tag-eu","14":"tag-europe","15":"tag-fr","16":"tag-france","17":"tag-news","18":"tag-normandie","19":"tag-republique-francaise","20":"tag-rouen"},"share_on_mastodon":{"url":"https:\/\/pubeurope.com\/@fr\/115848971856788149","error":""},"_links":{"self":[{"href":"https:\/\/www.europesays.com\/fr\/wp-json\/wp\/v2\/posts\/645067","targetHints":{"allow":["GET"]}}],"collection":[{"href":"https:\/\/www.europesays.com\/fr\/wp-json\/wp\/v2\/posts"}],"about":[{"href":"https:\/\/www.europesays.com\/fr\/wp-json\/wp\/v2\/types\/post"}],"author":[{"embeddable":true,"href":"https:\/\/www.europesays.com\/fr\/wp-json\/wp\/v2\/users\/2"}],"replies":[{"embeddable":true,"href":"https:\/\/www.europesays.com\/fr\/wp-json\/wp\/v2\/comments?post=645067"}],"version-history":[{"count":0,"href":"https:\/\/www.europesays.com\/fr\/wp-json\/wp\/v2\/posts\/645067\/revisions"}],"wp:featuredmedia":[{"embeddable":true,"href":"https:\/\/www.europesays.com\/fr\/wp-json\/wp\/v2\/media\/645068"}],"wp:attachment":[{"href":"https:\/\/www.europesays.com\/fr\/wp-json\/wp\/v2\/media?parent=645067"}],"wp:term":[{"taxonomy":"category","embeddable":true,"href":"https:\/\/www.europesays.com\/fr\/wp-json\/wp\/v2\/categories?post=645067"},{"taxonomy":"post_tag","embeddable":true,"href":"https:\/\/www.europesays.com\/fr\/wp-json\/wp\/v2\/tags?post=645067"}],"curies":[{"name":"wp","href":"https:\/\/api.w.org\/{rel}","templated":true}]}}