{"id":645071,"date":"2026-01-06T16:00:11","date_gmt":"2026-01-06T16:00:11","guid":{"rendered":"https:\/\/www.europesays.com\/fr\/645071\/"},"modified":"2026-01-06T16:00:11","modified_gmt":"2026-01-06T16:00:11","slug":"grenoble-frayeur-apres-la-decouverte-dune-grenade-en-pleine-rue-a-echirolles","status":"publish","type":"post","link":"https:\/\/www.europesays.com\/fr\/645071\/","title":{"rendered":"Grenoble : Frayeur apr\u00e8s la d\u00e9couverte d\u2019une grenade en pleine rue \u00e0 Echirolles"},"content":{"rendered":"<p class=\"mb-4 text-lg md:leading-8 break-words\">Lundi soir, vers 20h20, la police et une \u00e9quipe de d\u00e9mineurs sont intervenus \u00e0 <a data-i13n=\"cpos:1;pos:1\" href=\"https:\/\/www.20minutes.fr\/dossier\/echirolles?at_medium=RSS%20feed&amp;at_campaign=ynews&amp;utm_source=yahoo&amp;utm_medium=rss&amp;utm_campaign=news_feed&amp;utm_content=in_article_link\" rel=\"nofollow noopener\" target=\"_blank\" data-ylk=\"slk:Echirolles;cpos:1;pos:1;elm:context_link;itc:0;sec:content-canvas\" class=\"link \">Echirolles<\/a>, pr\u00e8s de <a data-i13n=\"cpos:2;pos:1\" href=\"https:\/\/www.20minutes.fr\/grenoble\/?at_medium=RSS%20feed&amp;at_campaign=ynews&amp;utm_source=yahoo&amp;utm_medium=rss&amp;utm_campaign=news_feed&amp;utm_content=in_article_link\" rel=\"nofollow noopener\" target=\"_blank\" data-ylk=\"slk:Grenoble;cpos:2;pos:1;elm:context_link;itc:0;sec:content-canvas\" class=\"link \">Grenoble<\/a>, apr\u00e8s que des passants ont d\u00e9couvert une grenade, relate<a data-i13n=\"cpos:3;pos:1\" href=\"https:\/\/www.francebleu.fr\/infos\/faits-divers-justice\/une-grenade-decouverte-sur-un-trottoir-a-echirolles-1313365?at_medium=RSS%20feed&amp;at_campaign=ynews&amp;utm_source=yahoo&amp;utm_medium=rss&amp;utm_campaign=news_feed&amp;utm_content=in_article_link\" rel=\"nofollow noopener\" target=\"_blank\" data-ylk=\"slk:la radio Ici;cpos:3;pos:1;elm:context_link;itc:0;sec:content-canvas\" class=\"link \"> la radio Ici<\/a> <a data-i13n=\"cpos:4;pos:1\" href=\"https:\/\/www.20minutes.fr\/societe\/isere\/?at_medium=RSS%20feed&amp;at_campaign=ynews&amp;utm_source=yahoo&amp;utm_medium=rss&amp;utm_campaign=news_feed&amp;utm_content=in_article_link\" rel=\"nofollow noopener\" target=\"_blank\" data-ylk=\"slk:Is\u00e8re;cpos:4;pos:1;elm:context_link;itc:0;sec:content-canvas\" class=\"link \">Is\u00e8re<\/a>. D\u2019apr\u00e8s les policiers, l\u2019explosif a \u00e9t\u00e9 d\u00e9clar\u00e9 \u00ab inoffensif \u00bb, la grenade \u00e9tait d\u00e9goupill\u00e9e.<\/p>\n<p class=\"mb-4 text-lg md:leading-8 break-words\">Selon les \u00e9l\u00e9ments du m\u00e9dia local, c\u2019est un commer\u00e7ant qui a alert\u00e9 les forces de l\u2019ordre apr\u00e8s avoir aper\u00e7u des jeunes accroupis en train de filmer le trottoir, \u00e0 un m\u00e8tre de sa vitrine. \u00ab Je suis sorti et j\u2019ai vu la grenade pos\u00e9e par terre, j\u2019ai dit \u00e0 tout le monde de s\u2019\u00e9carter car \u00e7a n\u2019avait pas l\u2019air d\u2019\u00eatre un jouet \u00bb, a-t-il confi\u00e9 \u00e0 la radio Ici.<\/p>\n<p class=\"mb-4 text-lg md:leading-8 break-words\">L\u2019homme de 47 ans, qui a \u00ab fait son service militaire \u00bb, s\u2019est rapidement rendu compte qu\u2019il s\u2019agissait d\u2019une \u00ab vraie \u00bb grenade en \u00ab m\u00e9tal \u00bb voyant que \u00ab la cuill\u00e8re \u00e9tait dessus \u00bb. \u00ab Le policier nous a confirm\u00e9 qu\u2019elle a \u00e9t\u00e9 d\u00e9goupill\u00e9e, mais il y en a qui l\u2019ont manipul\u00e9e et je me dis que \u00e7a aurait pu exploser \u00bb, a-t-il soulign\u00e9.<\/p>\n<p class=\"mb-4 text-lg md:leading-8 break-words\">Une enqu\u00eate a \u00e9t\u00e9 ouverte pour d\u00e9terminer les circonstances exactes des faits et comment la grenade a pu se retrouver \u00e0 cet endroit.<\/p>\n<p class=\"mb-4 text-lg md:leading-8 break-words\"><a data-i13n=\"cpos:5;pos:1\" href=\"https:\/\/www.20minutes.fr\/faits_divers\/4194606-20260106-grenoble-frayeur-apres-decouverte-grenade-pleine-rue-echirolles?at_medium=RSS%20feed&amp;at_campaign=ynews&amp;utm_source=yahoo&amp;utm_medium=rss&amp;utm_campaign=news_feed&amp;utm_content=read_more_link%22\" rel=\"nofollow noopener\" target=\"_blank\" data-ylk=\"slk:Lire la suite sur 20minutes;cpos:5;pos:1;elm:context_link;itc:0;sec:content-canvas\" class=\"link \">Lire la suite sur 20minutes<\/a><\/p>\n<p>\u00c0 lire aussi :<br \/><a data-i13n=\"cpos:6;pos:1\" href=\"https:\/\/www.20minutes.fr\/faits_divers\/4187165-20251121-isere-piste-meurtre-privilegiee-deux-jours-apres-decouverte-corps-femme-voiture-calcinee?at_medium=RSS%20feed&amp;at_campaign=ynews&amp;utm_source=yahoo&amp;utm_medium=rss&amp;utm_campaign=news_feed&amp;utm_content=related_content_link\" rel=\"nofollow noopener\" target=\"_blank\" data-ylk=\"slk:Is\u00e8re : La piste du meurtre privil\u00e9gi\u00e9e deux jours apr\u00e8s la d\u00e9couverte du corps d\u2019une femme dans une voiture calcin\u00e9e;cpos:6;pos:1;elm:context_link;itc:0;sec:content-canvas\" class=\"link \">Is\u00e8re : La piste du meurtre privil\u00e9gi\u00e9e deux jours apr\u00e8s la d\u00e9couverte du corps d\u2019une femme dans une voiture calcin\u00e9e<\/a><br \/><a data-i13n=\"cpos:7;pos:1\" href=\"https:\/\/www.20minutes.fr\/faits_divers\/4182117-20251028-isere-octogenaire-trouvee-poignardee-mort-appartement?at_medium=RSS%20feed&amp;at_campaign=ynews&amp;utm_source=yahoo&amp;utm_medium=rss&amp;utm_campaign=news_feed&amp;utm_content=related_content_link\" rel=\"nofollow noopener\" target=\"_blank\" data-ylk=\"slk:Is\u00e8re : Une octog\u00e9naire retrouv\u00e9e poignard\u00e9e \u00e0 mort dans son appartement;cpos:7;pos:1;elm:context_link;itc:0;sec:content-canvas\" class=\"link \">Is\u00e8re : Une octog\u00e9naire retrouv\u00e9e poignard\u00e9e \u00e0 mort dans son appartement<\/a><\/p>\n","protected":false},"excerpt":{"rendered":"Lundi soir, vers 20h20, la police et une \u00e9quipe de d\u00e9mineurs sont intervenus \u00e0 Echirolles, pr\u00e8s de Grenoble,&hellip;\n","protected":false},"author":2,"featured_media":645072,"comment_status":"","ping_status":"","sticky":false,"template":"","format":"standard","meta":{"footnotes":""},"categories":[9566],"tags":[1111,11,2430,1777,674,3160,1011,27,15974,2731,75111,59393,3371,12,25],"class_list":{"0":"post-645071","1":"post","2":"type-post","3":"status-publish","4":"format-standard","5":"has-post-thumbnail","7":"category-grenoble","8":"tag-actu","9":"tag-actualites","10":"tag-auvergne-rhone-alpes","11":"tag-eu","12":"tag-europe","13":"tag-forces-de-lordre","14":"tag-fr","15":"tag-france","16":"tag-grenade","17":"tag-grenoble","18":"tag-la-cuillere","19":"tag-la-grenade","20":"tag-la-police","21":"tag-news","22":"tag-republique-francaise"},"share_on_mastodon":{"url":"https:\/\/pubeurope.com\/@fr\/115848991443379910","error":""},"_links":{"self":[{"href":"https:\/\/www.europesays.com\/fr\/wp-json\/wp\/v2\/posts\/645071","targetHints":{"allow":["GET"]}}],"collection":[{"href":"https:\/\/www.europesays.com\/fr\/wp-json\/wp\/v2\/posts"}],"about":[{"href":"https:\/\/www.europesays.com\/fr\/wp-json\/wp\/v2\/types\/post"}],"author":[{"embeddable":true,"href":"https:\/\/www.europesays.com\/fr\/wp-json\/wp\/v2\/users\/2"}],"replies":[{"embeddable":true,"href":"https:\/\/www.europesays.com\/fr\/wp-json\/wp\/v2\/comments?post=645071"}],"version-history":[{"count":0,"href":"https:\/\/www.europesays.com\/fr\/wp-json\/wp\/v2\/posts\/645071\/revisions"}],"wp:featuredmedia":[{"embeddable":true,"href":"https:\/\/www.europesays.com\/fr\/wp-json\/wp\/v2\/media\/645072"}],"wp:attachment":[{"href":"https:\/\/www.europesays.com\/fr\/wp-json\/wp\/v2\/media?parent=645071"}],"wp:term":[{"taxonomy":"category","embeddable":true,"href":"https:\/\/www.europesays.com\/fr\/wp-json\/wp\/v2\/categories?post=645071"},{"taxonomy":"post_tag","embeddable":true,"href":"https:\/\/www.europesays.com\/fr\/wp-json\/wp\/v2\/tags?post=645071"}],"curies":[{"name":"wp","href":"https:\/\/api.w.org\/{rel}","templated":true}]}}