{"id":645078,"date":"2026-01-06T16:04:14","date_gmt":"2026-01-06T16:04:14","guid":{"rendered":"https:\/\/www.europesays.com\/fr\/645078\/"},"modified":"2026-01-06T16:04:14","modified_gmt":"2026-01-06T16:04:14","slug":"strasbourg-le-reseau-de-bus-de-nuit-setend-vers-kehl-a-partir-de-jeudi","status":"publish","type":"post","link":"https:\/\/www.europesays.com\/fr\/645078\/","title":{"rendered":"Strasbourg\u00a0: le r\u00e9seau de bus de nuit s&rsquo;\u00e9tend vers Kehl \u00e0 partir de jeudi"},"content":{"rendered":"<p>Hibus, le r\u00e9seau de bus de nuit strasbourgeois de la CTS, va d\u00e9sormais passer la fronti\u00e8re et desservir Kehl les jeudis, vendredis et samedis, entre 00h30 et 5h du matin.<\/p>\n<p>A partir de jeudi 8 janvier, il sera possible de prendre les bus de nuit strasbourgeois \u00e0 Kehl. La d\u00e9cision\u00a0a \u00e9t\u00e9 vot\u00e9e dans les conseils municipaux et eurom\u00e9tropolitain des deux villes.<\/p>\n<p>La nouvelle ligne de bus (N3, Mathieu Zell &#8211; Kehl Bahnhof via le centre-ville de Strasbourg) circulera <strong>toutes les heures entre minuit et demi et cinq heures du matin les jeudis, vendredis et samedis.<\/strong> L&rsquo;id\u00e9e est notamment d&rsquo;encadrer les sorties de bo\u00eetes de nuit kehloises, tr\u00e8s appr\u00e9ci\u00e9es des jeunes Strasbourgeois. \u00ab\u00a0Pour renforcer la tranquillit\u00e9 des voyageurs, des agents de s\u00e9curit\u00e9 seront pr\u00e9sents \u00e0 bord des bus, garantissant un environnement serein et s\u00e9curis\u00e9 tout au long du trajet\u00a0\u00bb, pr\u00e9cise le communiqu\u00e9 de la ville de Strasbourg. Toutes les infos et les horaires\u00a0<a target=\"_blank\" rel=\"nofollow noopener noreferrer\" class=\"IciLink ici-link IciArticleLink g-ici-body-regular-1 underline brand svelte-1chfe2s\" href=\"https:\/\/www.cts-strasbourg.eu\/fr\/se-deplacer\/soiree-et-nuit\/\">sont sur le site de la CTS.<\/a><\/p>\n","protected":false},"excerpt":{"rendered":"Hibus, le r\u00e9seau de bus de nuit strasbourgeois de la CTS, va d\u00e9sormais passer la fronti\u00e8re et desservir&hellip;\n","protected":false},"author":2,"featured_media":645079,"comment_status":"","ping_status":"","sticky":false,"template":"","format":"standard","meta":{"footnotes":""},"categories":[2820],"tags":[1111,11,1777,674,1011,27,775,12,25,640],"class_list":{"0":"post-645078","1":"post","2":"type-post","3":"status-publish","4":"format-standard","5":"has-post-thumbnail","7":"category-strasbourg","8":"tag-actu","9":"tag-actualites","10":"tag-eu","11":"tag-europe","12":"tag-fr","13":"tag-france","14":"tag-grand-est","15":"tag-news","16":"tag-republique-francaise","17":"tag-strasbourg"},"share_on_mastodon":{"url":"https:\/\/pubeurope.com\/@fr\/115849007155414482","error":""},"_links":{"self":[{"href":"https:\/\/www.europesays.com\/fr\/wp-json\/wp\/v2\/posts\/645078","targetHints":{"allow":["GET"]}}],"collection":[{"href":"https:\/\/www.europesays.com\/fr\/wp-json\/wp\/v2\/posts"}],"about":[{"href":"https:\/\/www.europesays.com\/fr\/wp-json\/wp\/v2\/types\/post"}],"author":[{"embeddable":true,"href":"https:\/\/www.europesays.com\/fr\/wp-json\/wp\/v2\/users\/2"}],"replies":[{"embeddable":true,"href":"https:\/\/www.europesays.com\/fr\/wp-json\/wp\/v2\/comments?post=645078"}],"version-history":[{"count":0,"href":"https:\/\/www.europesays.com\/fr\/wp-json\/wp\/v2\/posts\/645078\/revisions"}],"wp:featuredmedia":[{"embeddable":true,"href":"https:\/\/www.europesays.com\/fr\/wp-json\/wp\/v2\/media\/645079"}],"wp:attachment":[{"href":"https:\/\/www.europesays.com\/fr\/wp-json\/wp\/v2\/media?parent=645078"}],"wp:term":[{"taxonomy":"category","embeddable":true,"href":"https:\/\/www.europesays.com\/fr\/wp-json\/wp\/v2\/categories?post=645078"},{"taxonomy":"post_tag","embeddable":true,"href":"https:\/\/www.europesays.com\/fr\/wp-json\/wp\/v2\/tags?post=645078"}],"curies":[{"name":"wp","href":"https:\/\/api.w.org\/{rel}","templated":true}]}}