{"id":645080,"date":"2026-01-06T16:05:12","date_gmt":"2026-01-06T16:05:12","guid":{"rendered":"https:\/\/www.europesays.com\/fr\/645080\/"},"modified":"2026-01-06T16:05:12","modified_gmt":"2026-01-06T16:05:12","slug":"la-neige-perturbe-le-trafic-a-laeroport-de-nice-de-nombreux-vols-annules-ou-retardes","status":"publish","type":"post","link":"https:\/\/www.europesays.com\/fr\/645080\/","title":{"rendered":"La neige perturbe le trafic \u00e0 l&rsquo;a\u00e9roport de Nice, de nombreux vols annul\u00e9s ou retard\u00e9s"},"content":{"rendered":"<p>                    Par<br \/>\n        <strong><br \/>\n            <a href=\"https:\/\/actu.fr\/auteur\/arthur-frand\" title=\"Consulter tous les articles de Arthur Frand\" target=\"_blank\" rel=\"noopener\">Arthur Frand<\/a><br \/>\n                    <\/strong><\/p>\n<p>        Publi\u00e9 le<\/p>\n<p>            6 janv. 2026 \u00e0 10h42<br \/>\n        ; mis \u00e0 jour le 6 janv. 2026 \u00e0 10h44    <\/p>\n<p>La moiti\u00e9 nord-ouest de la France est touch\u00e9e par un <a href=\"https:\/\/actu.fr\/meteo\/direct-neige-et-verglas-pagaille-sur-les-routes-circulation-previsions-suivez-la-situation-ce-mardi_63654861.html\" target=\"_blank\" rel=\"noopener\">\u00e9pisode neigeux cons\u00e9quent<\/a> depuis ce lundi 5\u00a0janvier 2026. Ce mardi 6\u00a0janvier, les conditions m\u00e9t\u00e9o sont une nouvelle fois complexes avec 26 d\u00e9partements plac\u00e9s en <strong>vigilance orange neige-verglas<\/strong>, tandis qu\u2019une grosse soixantaine d\u2019autres sont en vigilance jaune.<\/p>\n<p class=\" wall-content\">De fait, cet \u00e9pisode neigeux a des r\u00e9percussions sur les transports et notamment <strong>le trafic a\u00e9rien<\/strong>. \u00c0 <a href=\"https:\/\/actu.fr\/nice\/\" target=\"_blank\" rel=\"noopener\">Nice<\/a> dans les <a href=\"https:\/\/actu.fr\/provence-alpes-cote-d-azur\/alpes-maritimes_06\" target=\"_blank\" rel=\"noopener\">Alpes-Maritimes<\/a>, plusieurs vols sont annul\u00e9s ou retard\u00e9s ce mardi. On fait le point.<\/p>\n<p>16 vols retard\u00e9s lundi, 14 annul\u00e9s<\/p>\n<p class=\" wall-content\">L\u2019\u00cele-de-France couverte de neige, le trafic a\u00e9rien est tr\u00e8s perturb\u00e9 au d\u00e9part ou \u00e0 destination des a\u00e9roports parisiens, Paris-Charles-de-Gaulle et Paris-Orly. Les compagnies a\u00e9riennes ont d\u00fb diminuer leurs vols <strong>de 15\u2009%<\/strong> depuis Paris. Ce lundi, 16 vols ont \u00e9t\u00e9 retard\u00e9s et 14 annul\u00e9s, nous indique l\u2019a\u00e9roport ni\u00e7ois. La situation s\u2019\u00e9tant fortement d\u00e9grad\u00e9e en fin de journ\u00e9e.<\/p>\n<p class=\" wall-content\">Des liaisons depuis Lille, Nantes ou Strasbourg ont aussi \u00e9t\u00e9 impact\u00e9es.<\/p>\n<p>Plusieurs vols Air France supprim\u00e9s<\/p>\n<p class=\" wall-content\">Ce mardi, les tout premiers vols \u00e0 destination de Paris ont pu d\u00e9coller. \u00ab\u2009Nous ne constatons pour l\u2019instant aucun retard (cons\u00e9quent) en raison de la neige\u2009\u00bb, pr\u00e9cise l\u2019a\u00e9roport ni\u00e7ois en d\u00e9but de matin\u00e9e, soulignant qu\u2019il fallait suivre l\u2019\u00e9volution de la situation.<\/p>\n<p class=\" wall-content\">En effet, les voyageurs\u00a0vont conna\u00eetre quelques d\u00e9convenues. Les liaisons entre Nice et Paris sont encore tr\u00e8s impact\u00e9es. Notamment les vols d\u2019Air France <strong>partant ou arrivant \u00e0 Orly<\/strong>.<\/p>\n<p class=\" wall-content\">Au d\u00e9part de la C\u00f4te d\u2019Azur, le vol vers Paris Orly, pr\u00e9vu au d\u00e9collage \u00e0 9h15, n\u2019avait toujours pas d\u00e9coll\u00e9 \u00e0 10h15. Le vol vers Paris CDG programm\u00e9 \u00e0 11h accuse d\u00e9j\u00e0 2h de retard tandis que celui annonc\u00e9 \u00e0 11h45 a carr\u00e9ment \u00e9t\u00e9 annul\u00e9. En provenance de Paris Orly, le vol cens\u00e9 atterrir \u00e0 11h \u00e0 Nice n\u2019aura pas lieu non plus tout comme le vol de 13h.<\/p>\n<p>Votre r\u00e9gion, votre actu !<\/p>\n<p>Recevez chaque jour les infos qui comptent pour vous.<\/p>\n<p>\t<a href=\"https:\/\/actu.fr\/newsletter\" class=\"ac-btn ac-btn--corner ac-btn--medium ac-btn--blue800\" target=\"_blank\" rel=\"noopener\">S&rsquo;incrire<\/a><br \/>\nLa liaison Amsterdam Nice\u00a0impact\u00e9e aussi<\/p>\n<p class=\" wall-content\">Sous la neige \u00e9galement, l\u2019a\u00e9roport d\u2019Amsterdam est aussi \u00e0 la peine. Les Ni\u00e7ois d\u00e9sirant se rendre aux Pays-Bas devront changer leur billet. Le vol \u00e0 destination de la capitale n\u00e9erlandaise de 12h15 avec KLM a \u00e9t\u00e9 <strong>annul\u00e9.<\/strong> Idem dans le sens inverse, le vol Amsterdam Nice cens\u00e9 arriver \u00e0 11h30 a \u00e9t\u00e9 supprim\u00e9 pour les m\u00eames raisons.<\/p>\n<p class=\" wall-content\">Personnalisez votre actualit\u00e9 en ajoutant vos villes et m\u00e9dias en favori avec <a href=\"https:\/\/moncompte.actu.fr\" title=\"D\u00e9couvez Mon Actu\" rel=\"nofollow noopener\" data-trk=\"{&quot;cta&quot;:{&quot;action&quot;:&quot;https:\\\/\\\/moncompte.actu.fr&quot;,&quot;category&quot;:&quot;mon compte&quot;,&quot;from&quot;:&quot;article footer&quot;,&quot;name&quot;:&quot;Mon actu&quot;,&quot;type&quot;:&quot;cta&quot;}}\" target=\"_blank\">Mon Actu<\/a>.<\/p>\n","protected":false},"excerpt":{"rendered":"Par Arthur Frand Publi\u00e9 le 6 janv. 2026 \u00e0 10h42 ; mis \u00e0 jour le 6 janv. 2026&hellip;\n","protected":false},"author":2,"featured_media":645081,"comment_status":"","ping_status":"","sticky":false,"template":"","format":"standard","meta":{"footnotes":""},"categories":[2819],"tags":[1111,11,3542,1777,674,1011,27,10584,12,2401,882,25,104],"class_list":{"0":"post-645080","1":"post","2":"type-post","3":"status-publish","4":"format-standard","5":"has-post-thumbnail","7":"category-nice","8":"tag-actu","9":"tag-actualites","10":"tag-circulation","11":"tag-eu","12":"tag-europe","13":"tag-fr","14":"tag-france","15":"tag-neige","16":"tag-news","17":"tag-nice","18":"tag-provence-alpes-cote-dazur","19":"tag-republique-francaise","20":"tag-societe"},"share_on_mastodon":{"url":"https:\/\/pubeurope.com\/@fr\/115849011249981758","error":""},"_links":{"self":[{"href":"https:\/\/www.europesays.com\/fr\/wp-json\/wp\/v2\/posts\/645080","targetHints":{"allow":["GET"]}}],"collection":[{"href":"https:\/\/www.europesays.com\/fr\/wp-json\/wp\/v2\/posts"}],"about":[{"href":"https:\/\/www.europesays.com\/fr\/wp-json\/wp\/v2\/types\/post"}],"author":[{"embeddable":true,"href":"https:\/\/www.europesays.com\/fr\/wp-json\/wp\/v2\/users\/2"}],"replies":[{"embeddable":true,"href":"https:\/\/www.europesays.com\/fr\/wp-json\/wp\/v2\/comments?post=645080"}],"version-history":[{"count":0,"href":"https:\/\/www.europesays.com\/fr\/wp-json\/wp\/v2\/posts\/645080\/revisions"}],"wp:featuredmedia":[{"embeddable":true,"href":"https:\/\/www.europesays.com\/fr\/wp-json\/wp\/v2\/media\/645081"}],"wp:attachment":[{"href":"https:\/\/www.europesays.com\/fr\/wp-json\/wp\/v2\/media?parent=645080"}],"wp:term":[{"taxonomy":"category","embeddable":true,"href":"https:\/\/www.europesays.com\/fr\/wp-json\/wp\/v2\/categories?post=645080"},{"taxonomy":"post_tag","embeddable":true,"href":"https:\/\/www.europesays.com\/fr\/wp-json\/wp\/v2\/tags?post=645080"}],"curies":[{"name":"wp","href":"https:\/\/api.w.org\/{rel}","templated":true}]}}