{"id":645084,"date":"2026-01-06T16:08:13","date_gmt":"2026-01-06T16:08:13","guid":{"rendered":"https:\/\/www.europesays.com\/fr\/645084\/"},"modified":"2026-01-06T16:08:13","modified_gmt":"2026-01-06T16:08:13","slug":"des-sorties-du-peripherique-fermees","status":"publish","type":"post","link":"https:\/\/www.europesays.com\/fr\/645084\/","title":{"rendered":"des sorties du p\u00e9riph\u00e9rique ferm\u00e9es"},"content":{"rendered":"<p>                    Par<br \/>\n        <strong><br \/>\n            <a href=\"https:\/\/actu.fr\/auteur\/thomas-bernard\" title=\"Consulter tous les articles de Thomas Bernard\" target=\"_blank\" rel=\"noopener\">Thomas Bernard<\/a><br \/>\n                    <\/strong><\/p>\n<p>        Publi\u00e9 le<\/p>\n<p>            6 janv. 2026 \u00e0 15h29        <\/p>\n<p>Prudence sur les routes. Depuis la chute des premiers flocons de neige dans la soir\u00e9e du 5\u00a0janvier 2026, <b>les conditions m\u00e9t\u00e9orologiques perturbent la circulation<\/b>. Ce mardi matin, la pr\u00e9fecture de Loire-Atlantique \u00e9voquait d<a href=\"https:\/\/actu.fr\/pays-de-la-loire\/nantes_44109\/neige-et-verglas-a-nantes-la-circulation-sur-les-routes-est-difficile_63655230.html\" target=\"_blank\" rel=\"noopener\">es conditions difficiles sur les routes du d\u00e9partement<\/a>.<\/p>\n<p>Des sorties du p\u00e9riph\u00e9rique de Nantes ferm\u00e9es<\/p>\n<p class=\" wall-content\">Les agents routiers proc\u00e8dent \u00e0 des op\u00e9rations de d\u00e9neigement et d\u00e9versent du sel sur les routes. Pour faciliter ces man\u0153uvres, des sorties du p\u00e9riph\u00e9rique de Nantes ont \u00e9t\u00e9 ferm\u00e9es. Les sections concern\u00e9es se situent au <b>niveau de la porte des Sorini\u00e8res (sud du p\u00e9riph\u00e9rique), en direction de l\u2019A83 et de Nantes centre<\/b>. Un itin\u00e9raire de d\u00e9viation a \u00e9t\u00e9 mis en place par la porte de Vertou.<\/p>\n<p class=\" wall-content\">\u00ab\u2009Les chauss\u00e9es \u00e9tant susceptibles d\u2019\u00eatre glissantes, il est recommand\u00e9 de faire preuve de prudence lors de vos d\u00e9placements dans le d\u00e9partement de la Loire-Atlantique\u2009\u00bb, rappelle Bison Fut\u00e9 dans un communiqu\u00e9 transmis \u00e0 <a href=\"https:\/\/actu.fr\/nantes\/\" target=\"_blank\" rel=\"noopener\">actu Nantes<\/a>.<\/p>\n<p class=\" wall-content\">Personnalisez votre actualit\u00e9 en ajoutant vos villes et m\u00e9dias en favori avec <a href=\"https:\/\/moncompte.actu.fr\" title=\"D\u00e9couvez Mon Actu\" rel=\"nofollow noopener\" data-trk=\"{&quot;cta&quot;:{&quot;action&quot;:&quot;https:\\\/\\\/moncompte.actu.fr&quot;,&quot;category&quot;:&quot;mon compte&quot;,&quot;from&quot;:&quot;article footer&quot;,&quot;name&quot;:&quot;Mon actu&quot;,&quot;type&quot;:&quot;cta&quot;}}\" target=\"_blank\">Mon Actu<\/a>.<\/p>\n","protected":false},"excerpt":{"rendered":"Par Thomas Bernard Publi\u00e9 le 6 janv. 2026 \u00e0 15h29 Prudence sur les routes. Depuis la chute des&hellip;\n","protected":false},"author":2,"featured_media":645085,"comment_status":"","ping_status":"","sticky":false,"template":"","format":"standard","meta":{"footnotes":""},"categories":[2818],"tags":[1111,11,3542,1777,674,1011,27,2487,766,10584,12,2636,4013,25],"class_list":{"0":"post-645084","1":"post","2":"type-post","3":"status-publish","4":"format-standard","5":"has-post-thumbnail","7":"category-nantes","8":"tag-actu","9":"tag-actualites","10":"tag-circulation","11":"tag-eu","12":"tag-europe","13":"tag-fr","14":"tag-france","15":"tag-meteo","16":"tag-nantes","17":"tag-neige","18":"tag-news","19":"tag-pays-de-la-loire","20":"tag-peripherique","21":"tag-republique-francaise"},"share_on_mastodon":{"url":"https:\/\/pubeurope.com\/@fr\/115849022967987576","error":""},"_links":{"self":[{"href":"https:\/\/www.europesays.com\/fr\/wp-json\/wp\/v2\/posts\/645084","targetHints":{"allow":["GET"]}}],"collection":[{"href":"https:\/\/www.europesays.com\/fr\/wp-json\/wp\/v2\/posts"}],"about":[{"href":"https:\/\/www.europesays.com\/fr\/wp-json\/wp\/v2\/types\/post"}],"author":[{"embeddable":true,"href":"https:\/\/www.europesays.com\/fr\/wp-json\/wp\/v2\/users\/2"}],"replies":[{"embeddable":true,"href":"https:\/\/www.europesays.com\/fr\/wp-json\/wp\/v2\/comments?post=645084"}],"version-history":[{"count":0,"href":"https:\/\/www.europesays.com\/fr\/wp-json\/wp\/v2\/posts\/645084\/revisions"}],"wp:featuredmedia":[{"embeddable":true,"href":"https:\/\/www.europesays.com\/fr\/wp-json\/wp\/v2\/media\/645085"}],"wp:attachment":[{"href":"https:\/\/www.europesays.com\/fr\/wp-json\/wp\/v2\/media?parent=645084"}],"wp:term":[{"taxonomy":"category","embeddable":true,"href":"https:\/\/www.europesays.com\/fr\/wp-json\/wp\/v2\/categories?post=645084"},{"taxonomy":"post_tag","embeddable":true,"href":"https:\/\/www.europesays.com\/fr\/wp-json\/wp\/v2\/tags?post=645084"}],"curies":[{"name":"wp","href":"https:\/\/api.w.org\/{rel}","templated":true}]}}