{"id":645092,"date":"2026-01-06T16:12:11","date_gmt":"2026-01-06T16:12:11","guid":{"rendered":"https:\/\/www.europesays.com\/fr\/645092\/"},"modified":"2026-01-06T16:12:11","modified_gmt":"2026-01-06T16:12:11","slug":"colere-des-agriculteurs-dans-le-gers-arrete-prefectoral-montee-vers-toulouse-le-point-sur-la-situation","status":"publish","type":"post","link":"https:\/\/www.europesays.com\/fr\/645092\/","title":{"rendered":"Col\u00e8re des agriculteurs dans le Gers\u00a0: arr\u00eat\u00e9 pr\u00e9fectoral, mont\u00e9e vers Toulouse\u2026 Le point sur la situation"},"content":{"rendered":"<p>\n                                                                    l&rsquo;essentiel<br \/>\n                                                                La Coordination rurale du Gers appelle les agriculteurs \u00e0 rejoindre Toulouse pour d\u00e9fendre leurs revendications dans la nuit de ce mardi 6\u00a0janvier. En r\u00e9ponse, le pr\u00e9fet a pris un arr\u00eat\u00e9 interdisant la circulation des convois agricoles sur plusieurs axes routiers d\u00e9partementaux.\n                            <\/p>\n<p>La col\u00e8re continue de gronder parmi les agriculteurs de la Coordination rurale. Le syndicat gersois a lanc\u00e9 un appel \u00e0 se rendre \u00e0 Toulouse pour porter ses revendications dans la Ville rose et ainsi rejoindre l\u2019intersyndicale de Haute-Garonne. Le rendez-vous est fix\u00e9 \u00e0 20\u00a0heures au rond-point de la Hur\u00e9e, \u00e0 Auch, chef-lieu du Gers, pour \u00ab\u00a0un d\u00e9part dans la nuit\u00a0\u00bb.<\/p>\n<p>\u00ab\u00a0En local, nos revendications sont rest\u00e9es sans r\u00e9ponse, alors ensemble prenons la route de Toulouse pour nous faire entendre. Sortez vos tracteurs, vos bennes et vos lames, la guerre c\u2019est maintenant\u00a0\u00bb, peut-on lire sur une publication Facebook partag\u00e9e par la Coordination rurale.<\/p>\n<p>Mais alors que les pr\u00e9paratifs <a href=\"http:\/\/ladepeche.fr\/2026\/01\/06\/colere-des-agriculteurs-malgre-les-interdictions-prefectorales-les-syndicats-maintiennent-la-mobilisation-a-toulouse-13146208.php\" target=\"_blank\" rel=\"noopener\">semblent lanc\u00e9s dans les rangs des agriculteurs,<\/a> le pr\u00e9fet du Gers a pris un arr\u00eat\u00e9 portant r\u00e9glementation exceptionnelle de la circulation sur le r\u00e9seau routier d\u00e9partemental. Ces mesures entrent en vigueur \u00e0 compter du mardi 6\u00a0janvier 2026.<\/p>\n<p>Interdiction de circulation pour les convois agricoles<\/p>\n<p>Ainsi, <a href=\"https:\/\/www.gers.gouv.fr\/Publications\/Recueil-des-Actes-Administratifs-RAA\/Recueils-des-actes-administratifs-edites-en-2026\" target=\"_blank\" rel=\"noopener\">la circulation des poids lourds transportant des tracteurs ou des engins agricoles,<\/a> tout comme celle des tracteurs et engins agricoles eux-m\u00eames, est interdite, sauf motif l\u00e9gitime li\u00e9 aux travaux agricoles et \u00e0 la desserte locale.\u00a0Cette interdiction s\u2019applique du mardi 6\u00a0janvier 2026 jusqu\u2019au jeudi 8\u00a0janvier 2026 \u00e0 23h59, sur les axes de la RD 1124 et de la\u00a0RD 1021.<\/p>\n<p>Dans son arr\u00eat\u00e9, la pr\u00e9fecture invoque plusieurs facteurs\u00a0: les conditions m\u00e9t\u00e9orologiques d\u00e9favorables, marqu\u00e9es par des temp\u00e9ratures n\u00e9gatives, la n\u00e9cessit\u00e9 de garantir la s\u00e9curit\u00e9 des usagers de la route, ainsi que les appels \u00e0 des blocages et \u00e0 des convois agricoles en direction de Toulouse \u00e0 partir du mardi 6\u00a0janvier \u00e0 20\u00a0heures.<\/p>\n<p>L\u2019objectif affich\u00e9 est \u00e9galement de pr\u00e9server l\u2019activit\u00e9 \u00e9conomique, notamment l\u2019approvisionnement en denr\u00e9es alimentaires, produits d\u2019hygi\u00e8ne et marchandises essentielles.\u00a0La pr\u00e9fecture souligne la dangerosit\u00e9 que repr\u00e9sente la constitution de convois d\u2019engins agricoles sur ces axes majeurs, tant pour la circulation que pour l\u2019ordre public. En parall\u00e8le, <a href=\"https:\/\/www.ladepeche.fr\/2026\/01\/06\/manifestation-des-agriculteurs-a-toulouse-la-prefecture-interdit-finalement-la-mobilisation-et-renforce-les-restrictions-13146562.php\" target=\"_blank\" rel=\"noopener\">la pr\u00e9fecture de la Haute-Garonne a durci son dispositif de s\u00e9curit\u00e9.<\/a> Circulation des tracteurs interdite, manifestation prohib\u00e9e, surveillance renforc\u00e9e\u2026 l\u2019\u00c9tat entend pr\u00e9venir tout blocage ce mercredi 7\u00a0janvier.<\/p>\n<p>De son c\u00f4t\u00e9, le syndicat des Jeunes agriculteurs du Gers affirme, par la voix de Guillaume Fauqu\u00e9 son pr\u00e9sident, que le mouvement ne sera pas suivi. \u00ab\u00a0Nous ne lan\u00e7ons\u00a0pas d\u2019appel \u00e0 rejoindre la Coordination rurale et aller vers Toulouse\u00a0\u00bb, assure-t-il.<\/p>\n","protected":false},"excerpt":{"rendered":"l&rsquo;essentiel La Coordination rurale du Gers appelle les agriculteurs \u00e0 rejoindre Toulouse pour d\u00e9fendre leurs revendications dans la&hellip;\n","protected":false},"author":2,"featured_media":645093,"comment_status":"","ping_status":"","sticky":false,"template":"","format":"standard","meta":{"footnotes":""},"categories":[2816],"tags":[1111,11,327,16802,70814,33,1777,674,1011,27,11328,12,2680,25,2312],"class_list":{"0":"post-645092","1":"post","2":"type-post","3":"status-publish","4":"format-standard","5":"has-post-thumbnail","7":"category-toulouse","8":"tag-actu","9":"tag-actualites","10":"tag-agriculture","11":"tag-auch","12":"tag-dermatose-nodulaire","13":"tag-economie","14":"tag-eu","15":"tag-europe","16":"tag-fr","17":"tag-france","18":"tag-gers","19":"tag-news","20":"tag-occitanie","21":"tag-republique-francaise","22":"tag-toulouse"},"share_on_mastodon":{"url":"https:\/\/pubeurope.com\/@fr\/115849038675303577","error":""},"_links":{"self":[{"href":"https:\/\/www.europesays.com\/fr\/wp-json\/wp\/v2\/posts\/645092","targetHints":{"allow":["GET"]}}],"collection":[{"href":"https:\/\/www.europesays.com\/fr\/wp-json\/wp\/v2\/posts"}],"about":[{"href":"https:\/\/www.europesays.com\/fr\/wp-json\/wp\/v2\/types\/post"}],"author":[{"embeddable":true,"href":"https:\/\/www.europesays.com\/fr\/wp-json\/wp\/v2\/users\/2"}],"replies":[{"embeddable":true,"href":"https:\/\/www.europesays.com\/fr\/wp-json\/wp\/v2\/comments?post=645092"}],"version-history":[{"count":0,"href":"https:\/\/www.europesays.com\/fr\/wp-json\/wp\/v2\/posts\/645092\/revisions"}],"wp:featuredmedia":[{"embeddable":true,"href":"https:\/\/www.europesays.com\/fr\/wp-json\/wp\/v2\/media\/645093"}],"wp:attachment":[{"href":"https:\/\/www.europesays.com\/fr\/wp-json\/wp\/v2\/media?parent=645092"}],"wp:term":[{"taxonomy":"category","embeddable":true,"href":"https:\/\/www.europesays.com\/fr\/wp-json\/wp\/v2\/categories?post=645092"},{"taxonomy":"post_tag","embeddable":true,"href":"https:\/\/www.europesays.com\/fr\/wp-json\/wp\/v2\/tags?post=645092"}],"curies":[{"name":"wp","href":"https:\/\/api.w.org\/{rel}","templated":true}]}}