{"id":645094,"date":"2026-01-06T16:13:10","date_gmt":"2026-01-06T16:13:10","guid":{"rendered":"https:\/\/www.europesays.com\/fr\/645094\/"},"modified":"2026-01-06T16:13:10","modified_gmt":"2026-01-06T16:13:10","slug":"conditions-meteorologiques-suspension-totale-des-transports-scolaires-et-interurbains-en-hauts-de-france","status":"publish","type":"post","link":"https:\/\/www.europesays.com\/fr\/645094\/","title":{"rendered":"Conditions m\u00e9t\u00e9orologiques : suspension totale des transports scolaires et interurbains en Hauts-de-France"},"content":{"rendered":"<p>En raison des conditions m\u00e9t\u00e9orologiques attendues sur la r\u00e9gion pour ce mercredi 7 janvier 2026, la R\u00e9gion Hauts-de-France informe ses usagers de la suspension totale des transports scolaires (y compris par petit v\u00e9hicule) et des lignes r\u00e9guli\u00e8res par autocar de son r\u00e9seau Hauts-de-France mobilit\u00e9s sur l\u2019ensemble du territoire.\n<\/p>\n<p><strong>Les pr\u00e9visions m\u00e9t\u00e9orologiques indiquent l\u2019arriv\u00e9e de nouvelles chutes de neige, pouvant perturber les conditions de circulation, notamment sur les axes secondaires. <\/strong><\/p>\n<p>Dans ce contexte, et afin de garantir la s\u00e9curit\u00e9 des usagers et des conducteurs, <strong>l\u2019ensemble des circuits de transports scolaires et des lignes r\u00e9guli\u00e8res interurbaines organis\u00e9s par la R\u00e9gion Hauts-de-France sera suspendu pour la journ\u00e9e du mercredi 7 janvier 2026.<\/strong><\/p>\n<p>La reprise des services pour le jeudi 8 janvier 2026 sera \u00e9tudi\u00e9e en fonction de l\u2019\u00e9volution des conditions m\u00e9t\u00e9orologiques et de circulation sur les axes emprunt\u00e9s par les autocars.<\/p>\n<p><strong>Toutes les informations et l\u2019\u00e9volution de la situation sont \u00e0 retrouver sur : <\/strong><strong><a href=\"http:\/\/www.hautsdefrance-mobilites.fr\" target=\"_blank\" rel=\"noopener\">www.hautsdefrance-mobilites.fr<\/a><\/strong><\/p>\n","protected":false},"excerpt":{"rendered":"En raison des conditions m\u00e9t\u00e9orologiques attendues sur la r\u00e9gion pour ce mercredi 7 janvier 2026, la R\u00e9gion Hauts-de-France&hellip;\n","protected":false},"author":2,"featured_media":645095,"comment_status":"","ping_status":"","sticky":false,"template":"","format":"standard","meta":{"footnotes":""},"categories":[2815],"tags":[1111,11,1777,674,1011,27,811,1307,12,25,2803],"class_list":{"0":"post-645094","1":"post","2":"type-post","3":"status-publish","4":"format-standard","5":"has-post-thumbnail","7":"category-lille","8":"tag-actu","9":"tag-actualites","10":"tag-eu","11":"tag-europe","12":"tag-fr","13":"tag-france","14":"tag-hauts-de-france","15":"tag-lille","16":"tag-news","17":"tag-republique-francaise","18":"tag-transport"},"share_on_mastodon":{"url":"https:\/\/pubeurope.com\/@fr\/115849042602059808","error":""},"_links":{"self":[{"href":"https:\/\/www.europesays.com\/fr\/wp-json\/wp\/v2\/posts\/645094","targetHints":{"allow":["GET"]}}],"collection":[{"href":"https:\/\/www.europesays.com\/fr\/wp-json\/wp\/v2\/posts"}],"about":[{"href":"https:\/\/www.europesays.com\/fr\/wp-json\/wp\/v2\/types\/post"}],"author":[{"embeddable":true,"href":"https:\/\/www.europesays.com\/fr\/wp-json\/wp\/v2\/users\/2"}],"replies":[{"embeddable":true,"href":"https:\/\/www.europesays.com\/fr\/wp-json\/wp\/v2\/comments?post=645094"}],"version-history":[{"count":0,"href":"https:\/\/www.europesays.com\/fr\/wp-json\/wp\/v2\/posts\/645094\/revisions"}],"wp:featuredmedia":[{"embeddable":true,"href":"https:\/\/www.europesays.com\/fr\/wp-json\/wp\/v2\/media\/645095"}],"wp:attachment":[{"href":"https:\/\/www.europesays.com\/fr\/wp-json\/wp\/v2\/media?parent=645094"}],"wp:term":[{"taxonomy":"category","embeddable":true,"href":"https:\/\/www.europesays.com\/fr\/wp-json\/wp\/v2\/categories?post=645094"},{"taxonomy":"post_tag","embeddable":true,"href":"https:\/\/www.europesays.com\/fr\/wp-json\/wp\/v2\/tags?post=645094"}],"curies":[{"name":"wp","href":"https:\/\/api.w.org\/{rel}","templated":true}]}}