{"id":64510,"date":"2025-04-30T13:48:18","date_gmt":"2025-04-30T13:48:18","guid":{"rendered":"https:\/\/www.europesays.com\/fr\/64510\/"},"modified":"2025-04-30T13:48:18","modified_gmt":"2025-04-30T13:48:18","slug":"la-ville-sengage-a-construire-130-logements-par-an-a-pace","status":"publish","type":"post","link":"https:\/\/www.europesays.com\/fr\/64510\/","title":{"rendered":"La Ville s\u2019engage \u00e0 construire 130\u00a0logements par an \u00e0 Pac\u00e9"},"content":{"rendered":"<p>Ce samedi, le maire et des \u00e9lus ont accueilli la maire de Rennes et pr\u00e9sidente de Rennes m\u00e9tropole, Nathalie App\u00e9r\u00e9. Ils lui ont fait visiter les chantiers importants et le nouveau centre-ville. Ils ont ensuite sign\u00e9 le Programme local de l\u2019habitat pour la p\u00e9riode 2023-2028.<\/p>\n<p><strong>\u00ab\u00a0Je suis tr\u00e8s heureuse de d\u00e9couvrir ces travaux qui ont \u00e9t\u00e9 mis en marche gr\u00e2ce au PLH, qui permet de trouver un logement. C\u2019est tr\u00e8s important parce que beaucoup de gens cherchent des habitations \u00e0 leur port\u00e9e\u00a0\u00bb, <\/strong>a comment\u00e9 Nathalie App\u00e9r\u00e9.<\/p>\n<p>\u00ab\u00a0Se loger mais\u00a0avec un\u00a0beau cadre de vie\u00a0\u00bb<\/p>\n<p>Le maire, Herv\u00e9 Depouez, a pris la suite\u00a0: \u00ab<strong>\u00a0On insiste sur la qualit\u00e9 de vie, se loger mais\u00a0avec un\u00a0beau cadre de vie et\u00a0de tr\u00e8s bons architectes. Le PLH est r\u00e9ussi\u00a0!\u00a0\u00bb<\/strong><\/p>\n<p>Ce projet est un des plus importants de renouvellement urbain de la M\u00e9tropole.<\/p>\n<p>La cr\u00e9ation de la future place, que l\u2019on commence \u00e0 deviner, accueillera une douzaine de cellules sur 1\u00a0600\u00a0m\u00b2 de surface en rez-de-chauss\u00e9e.<\/p>\n<p>Trente-trois logements sociaux et quatre-vingts\u00a0appartements en accession occuperont les \u00e9tages des trois\u00a0immeubles qui entourent cette place qui accueillera aussi une halle. Dans l\u2019avenue Brizeux, il y aura trois\u00a0immeubles dont le premier sera livr\u00e9 cet \u00e9t\u00e9. Ils offriront une vingtaine de logements sociaux r\u00e9alis\u00e9s par Aiguillon\u00a0construction.<\/p>\n<p>Philippe Rouault, \u00e9lu, pr\u00e9cise\u00a0: \u00ab<strong>\u00a0Les acquisitions fonci\u00e8res des propri\u00e9t\u00e9s pour ce renouvellement urbain repr\u00e9sentent un co\u00fbt tr\u00e8s important et ont n\u00e9cessit\u00e9 plus d\u2019une dizaine d\u2019ann\u00e9es. Ce renouvellement urbain entra\u00eene un co\u00fbt plus important pour les logements que l\u2019extension urbaine sur des terres agricoles, et des d\u00e9lais de mise en \u0153uvre beaucoup plus longs.\u00a0\u00bb<\/strong><\/p>\n<p>Herv\u00e9 Depouez a ensuite annonc\u00e9 que la Ville \u00ab<strong>\u00a0s\u2019engage \u00e0 construire 130\u00a0logements par an dont 30\u00a0% de logements sociaux, 15\u00a0% de logements en accession sociale et 20\u00a0% de logements \u00e0 prix r\u00e9gul\u00e9s avec la ZAC Bourg-Clais-Touraudi\u00e8re.\u00a0\u00bb<\/strong><\/p>\n<p>Rennes m\u00e9tropole s\u2019engage \u00e0 aider la commune pour sa ma\u00eetrise fonci\u00e8re via diff\u00e9rents outils dont le programme d\u2019action fonci\u00e8re (Le PAF) et le portage du foncier pour les op\u00e9rations faisant l\u2019objet d\u2019une dissociation foncier-b\u00e2ti, \u00e0 des financements pour la production\u00a0des logements aid\u00e9s.<\/p>\n<p>\u00a0<\/p>\n","protected":false},"excerpt":{"rendered":"Ce samedi, le maire et des \u00e9lus ont accueilli la maire de Rennes et pr\u00e9sidente de Rennes m\u00e9tropole,&hellip;\n","protected":false},"author":2,"featured_media":64511,"comment_status":"","ping_status":"","sticky":false,"template":"","format":"standard","meta":{"footnotes":""},"categories":[2821],"tags":[16362,1111,11,9626,829,16361,12708,1777,674,1011,27,2846,12,9569,584,25,4824],"class_list":{"0":"post-64510","1":"post","2":"type-post","3":"status-publish","4":"format-standard","5":"has-post-thumbnail","7":"category-rennes","8":"tag-16362","9":"tag-actu","10":"tag-actualites","11":"tag-an","12":"tag-bretagne","13":"tag-construire","14":"tag-engage","15":"tag-eu","16":"tag-europe","17":"tag-fr","18":"tag-france","19":"tag-logements","20":"tag-news","21":"tag-pace","22":"tag-rennes","23":"tag-republique-francaise","24":"tag-ville"},"share_on_mastodon":{"url":"https:\/\/pubeurope.com\/@fr\/114427232477439164","error":""},"_links":{"self":[{"href":"https:\/\/www.europesays.com\/fr\/wp-json\/wp\/v2\/posts\/64510","targetHints":{"allow":["GET"]}}],"collection":[{"href":"https:\/\/www.europesays.com\/fr\/wp-json\/wp\/v2\/posts"}],"about":[{"href":"https:\/\/www.europesays.com\/fr\/wp-json\/wp\/v2\/types\/post"}],"author":[{"embeddable":true,"href":"https:\/\/www.europesays.com\/fr\/wp-json\/wp\/v2\/users\/2"}],"replies":[{"embeddable":true,"href":"https:\/\/www.europesays.com\/fr\/wp-json\/wp\/v2\/comments?post=64510"}],"version-history":[{"count":0,"href":"https:\/\/www.europesays.com\/fr\/wp-json\/wp\/v2\/posts\/64510\/revisions"}],"wp:featuredmedia":[{"embeddable":true,"href":"https:\/\/www.europesays.com\/fr\/wp-json\/wp\/v2\/media\/64511"}],"wp:attachment":[{"href":"https:\/\/www.europesays.com\/fr\/wp-json\/wp\/v2\/media?parent=64510"}],"wp:term":[{"taxonomy":"category","embeddable":true,"href":"https:\/\/www.europesays.com\/fr\/wp-json\/wp\/v2\/categories?post=64510"},{"taxonomy":"post_tag","embeddable":true,"href":"https:\/\/www.europesays.com\/fr\/wp-json\/wp\/v2\/tags?post=64510"}],"curies":[{"name":"wp","href":"https:\/\/api.w.org\/{rel}","templated":true}]}}