{"id":645102,"date":"2026-01-06T16:17:09","date_gmt":"2026-01-06T16:17:09","guid":{"rendered":"https:\/\/www.europesays.com\/fr\/645102\/"},"modified":"2026-01-06T16:17:09","modified_gmt":"2026-01-06T16:17:09","slug":"lyon-pourquoi-une-menace-de-greve-plane-a-la-sncf-malgre-une-prime-de-400-euros","status":"publish","type":"post","link":"https:\/\/www.europesays.com\/fr\/645102\/","title":{"rendered":"Lyon. Pourquoi une menace de gr\u00e8ve plane \u00e0 la SNCF malgr\u00e9 une prime de 400 euros"},"content":{"rendered":"<p>                    Par<br \/>\n        <strong><br \/>\n            <a href=\"https:\/\/actu.fr\/auteur\/emma-ressegaire\" title=\"Consulter tous les articles de Emma Ressegaire\" target=\"_blank\" rel=\"noopener\">Emma Ressegaire<\/a><br \/>\n                    <\/strong><\/p>\n<p>        Publi\u00e9 le<\/p>\n<p>            6 janv. 2026 \u00e0 15h10        <\/p>\n<p>Le d\u00e9but d\u2019ann\u00e9e sera-t-il <strong>perturb\u00e9<\/strong> sur les lignes ferroviaires de la r\u00e9gion lyonnaise\u2009?<\/p>\n<p class=\" wall-content\">Le Secteur F\u00e9d\u00e9ral de La CGT des Cheminots de <a href=\"https:\/\/actu.fr\/auvergne-rhone-alpes\/lyon_69123\" target=\"_blank\" rel=\"noopener\">Lyon<\/a> appelle les cheminots de toutes les SA et de toutes les activit\u00e9s \u00e0 faire gr\u00e8ve <strong>le mardi 13\u00a0janvier prochain.<\/strong> Et les tracts sont d\u00e9j\u00e0 de sortie. \u00ab\u2009Nous avons choisi cette date car c\u2019est le jour des NAO, n\u00e9gociations annuelles obligatoires, de la SNCF\u2009\u00bb, nous explique Laurent Aubeleau, le repr\u00e9sentant r\u00e9gional de la CGT Cheminots.<\/p>\n<p class=\" wall-content\">Un mouvement \u00e9galement suivi par le syndicat SUD-Rail, troisi\u00e8me syndicat de l\u2019entreprise publique.<\/p>\n<p>Des revendications financi\u00e8res<\/p>\n<p class=\" wall-content\">Les revendications sont multiples comme on peut lire sur les tracts\u2009:<\/p>\n<ul class=\" wall-content\">\n<li>une<strong> augmentation g\u00e9n\u00e9rale des salaires<\/strong>\u2009;<\/li>\n<li>l\u2019\u00e9galit\u00e9 salariale entre les hommes et les femmes\u2009;<\/li>\n<li>un v\u00e9ritable 13 \u00e8me mois pour tous les cheminots\u2009;<\/li>\n<li>la mise en place de la grille salariale unique pour tous les cheminots\u2009;<\/li>\n<li>la revalorisation des pensions et la revalorisation des primes de travail, de traction et l\u2019\u00e9quivalent pour les contractuels sur la base d\u2019une prime de base garantie pour tous.<\/li>\n<\/ul>\n<p>    <a href=\"https:\/\/www.facebook.com\/plugins\/post.php?href=https%3A%2F%2Fwww.facebook.com%2Fsecteurfederal.cgtcheminots%2Fposts%2Fpfbid033WBJRgFjQJnGMVpCuxLtDjcc5JneiVDdqca2N43CgnTevij5zc2k78EYwbU6UjiNl&amp;show_text=true&amp;width=350\" title=\"Ouvrie le lien\" target=\"_blank\" rel=\"noopener\">Cliquez ici pour visualiser le contenu<\/a><\/p>\n<p>\u00ab\u2009Une partie de ces r\u00e9sultats doit nous revenir\u2009\u00bb<\/p>\n<p class=\" wall-content\">Et bien que les cheminots aient re\u00e7u une prime de 400\u00a0euros en d\u00e9cembre dernier, cela ne suffit pas. \u00ab\u2009Nous voulons <strong>des augmentations en pourcentages et non des primes<\/strong> qui sont des one shot. Au premier semestre 2025, les b\u00e9n\u00e9fices de la SNCF se sont envol\u00e9s de 564\u2009%. Une partie de ces r\u00e9sultats doit nous revenir\u2009\u00bb, estime le repr\u00e9sentant syndical.<\/p>\n<p>Votre r\u00e9gion, votre actu !<\/p>\n<p>Recevez chaque jour les infos qui comptent pour vous.<\/p>\n<p>\t<a href=\"https:\/\/actu.fr\/newsletter\" class=\"ac-btn ac-btn--corner ac-btn--medium ac-btn--blue800\" target=\"_blank\" rel=\"noopener\">S&rsquo;incrire<\/a><\/p>\n<p class=\" wall-content\">Ce mouvement sera-t-il suivi\u2009? \u00ab\u2009On pense que oui\u2009\u00bb, conclut Laurent Aubeleau. R\u00e9ponse mardi prochain.<\/p>\n<p class=\" wall-content\">\u00c0 noter qu\u2019il s\u2019agit d\u2019un mouvement national.<\/p>\n<p class=\" wall-content\">Personnalisez votre actualit\u00e9 en ajoutant vos villes et m\u00e9dias en favori avec <a href=\"https:\/\/moncompte.actu.fr\" title=\"D\u00e9couvez Mon Actu\" rel=\"nofollow noopener\" data-trk=\"{&quot;cta&quot;:{&quot;action&quot;:&quot;https:\\\/\\\/moncompte.actu.fr&quot;,&quot;category&quot;:&quot;mon compte&quot;,&quot;from&quot;:&quot;article footer&quot;,&quot;name&quot;:&quot;Mon actu&quot;,&quot;type&quot;:&quot;cta&quot;}}\" target=\"_blank\">Mon Actu<\/a>.<\/p>\n","protected":false},"excerpt":{"rendered":"Par Emma Ressegaire Publi\u00e9 le 6 janv. 2026 \u00e0 15h10 Le d\u00e9but d\u2019ann\u00e9e sera-t-il perturb\u00e9 sur les lignes&hellip;\n","protected":false},"author":2,"featured_media":645103,"comment_status":"","ping_status":"","sticky":false,"template":"","format":"standard","meta":{"footnotes":""},"categories":[1889],"tags":[1111,11,2430,33,1777,674,1011,27,6151,2428,12,25,2215,3427],"class_list":{"0":"post-645102","1":"post","2":"type-post","3":"status-publish","4":"format-standard","5":"has-post-thumbnail","7":"category-lyon","8":"tag-actu","9":"tag-actualites","10":"tag-auvergne-rhone-alpes","11":"tag-economie","12":"tag-eu","13":"tag-europe","14":"tag-fr","15":"tag-france","16":"tag-greve","17":"tag-lyon","18":"tag-news","19":"tag-republique-francaise","20":"tag-sncf","21":"tag-syndicats"},"share_on_mastodon":{"url":"https:\/\/pubeurope.com\/@fr\/115849058307226857","error":""},"_links":{"self":[{"href":"https:\/\/www.europesays.com\/fr\/wp-json\/wp\/v2\/posts\/645102","targetHints":{"allow":["GET"]}}],"collection":[{"href":"https:\/\/www.europesays.com\/fr\/wp-json\/wp\/v2\/posts"}],"about":[{"href":"https:\/\/www.europesays.com\/fr\/wp-json\/wp\/v2\/types\/post"}],"author":[{"embeddable":true,"href":"https:\/\/www.europesays.com\/fr\/wp-json\/wp\/v2\/users\/2"}],"replies":[{"embeddable":true,"href":"https:\/\/www.europesays.com\/fr\/wp-json\/wp\/v2\/comments?post=645102"}],"version-history":[{"count":0,"href":"https:\/\/www.europesays.com\/fr\/wp-json\/wp\/v2\/posts\/645102\/revisions"}],"wp:featuredmedia":[{"embeddable":true,"href":"https:\/\/www.europesays.com\/fr\/wp-json\/wp\/v2\/media\/645103"}],"wp:attachment":[{"href":"https:\/\/www.europesays.com\/fr\/wp-json\/wp\/v2\/media?parent=645102"}],"wp:term":[{"taxonomy":"category","embeddable":true,"href":"https:\/\/www.europesays.com\/fr\/wp-json\/wp\/v2\/categories?post=645102"},{"taxonomy":"post_tag","embeddable":true,"href":"https:\/\/www.europesays.com\/fr\/wp-json\/wp\/v2\/tags?post=645102"}],"curies":[{"name":"wp","href":"https:\/\/api.w.org\/{rel}","templated":true}]}}