{"id":645104,"date":"2026-01-06T16:18:10","date_gmt":"2026-01-06T16:18:10","guid":{"rendered":"https:\/\/www.europesays.com\/fr\/645104\/"},"modified":"2026-01-06T16:18:10","modified_gmt":"2026-01-06T16:18:10","slug":"a-quoi-sattendre-a-lyon-et-dans-le-rhone","status":"publish","type":"post","link":"https:\/\/www.europesays.com\/fr\/645104\/","title":{"rendered":"\u00e0 quoi s&rsquo;attendre \u00e0 Lyon et dans le Rh\u00f4ne"},"content":{"rendered":"<p>                    Par<br \/>\n        <strong><br \/>\n            <a href=\"https:\/\/actu.fr\/auteur\/theo-zuili\" title=\"Consulter tous les articles de Th\u00e9o Zuili\" target=\"_blank\" rel=\"noopener\">Th\u00e9o Zuili<\/a><br \/>\n                    <\/strong><\/p>\n<p>        Publi\u00e9 le<\/p>\n<p>            6 janv. 2026 \u00e0 16h02        <\/p>\n<p>Les m\u00e9decins lib\u00e9raux de ville et cliniques sont appel\u00e9s \u00e0 la <a href=\"https:\/\/actu.fr\/tag\/greve\" target=\"_blank\" rel=\"noopener\">gr\u00e8ve<\/a> depuis lundi 5 janvier 2026 pour d\u00e9noncer le budget \u00ab\u00a0insuffisant\u00a0\u00bb de la <a href=\"https:\/\/actu.fr\/tag\/securite-sociale\" target=\"_blank\" rel=\"noopener\">S\u00e9curit\u00e9 sociale 2026<\/a> et faire pression pour retirer certaines mesures de la loi de Finances de la S\u00e9curit\u00e9 sociale qualifi\u00e9es d\u2019absurdes et accus\u00e9es d\u2019attaquer leur libert\u00e9 d\u2019exercice.<\/p>\n<p class=\" wall-content\">Une<a href=\"https:\/\/actu.fr\/societe\/greve-des-medecins-cabinets-fermes-operations-reportees-ce-qui-attend-les-patients-pendant-10-jours_63649446.html\" target=\"_blank\" rel=\"noopener\"> gr\u00e8ve de 10 jours a \u00e9t\u00e9 lanc\u00e9e<\/a> par les organisations professionnelles repr\u00e9sentatives. Des fermetures ponctuelles de cabinets sont attendues d\u00e8s mercredi \u00e0 Lyon et dans le Rh\u00f4ne. Ce que l\u2019on sait.<\/p>\n<p>Une mobilisation \u00ab\u00a0jamais vue\u00a0\u00bb depuis des d\u00e9cennies<\/p>\n<p class=\" wall-content\">D\u2019apr\u00e8s la Conf\u00e9d\u00e9ration des syndicats m\u00e9dicaux fran\u00e7ais (CSMF), premier syndicat des m\u00e9decins lib\u00e9raux en France, le mouvement doit \u00eatre \u00ab\u00a0excessivement suivi\u00a0\u00bb. Le docteur Michel Till, m\u00e9decin g\u00e9n\u00e9raliste \u00e0 Lyon et repr\u00e9sentant de la CSMF dans le Rh\u00f4ne, n\u2019a \u00ab\u00a0jamais vu une telle mobilisation depuis les ann\u00e9es 90\u00a0\u00bb, assure-t-il aupr\u00e8s d\u2019actu Lyon.<\/p>\n<p class=\" wall-content\">Il constate que 95% des lib\u00e9raux de la Communaut\u00e9 professionnelle territoriale de sant\u00e9 (CPTS) du 6\u1d49 arrondissement de Lyon participeront \u00e0 la gr\u00e8ve, entra\u00eenant des fermetures de cabinets. Mais plut\u00f4t sur une \u00e0 trois journ\u00e9es : \u00ab\u00a0En <a href=\"https:\/\/actu.fr\/societe\/l-epidemie-de-grippe-explose-en-france-dans-quels-cas-faut-il-se-rendre-aux-urgences_63627805.html\" target=\"_blank\" rel=\"noopener\">pleine \u00e9pid\u00e9mie de grippe<\/a>, c\u2019est compliqu\u00e9 de suivre les dix jours de gr\u00e8ve. Il y a une telle tension, on ne veut pas laisser de patient sur le carreau alors que SOS M\u00e9decins et le 15 sont d\u00e9bord\u00e9s.\u00a0\u00bb<\/p>\n<p class=\" wall-content\">Dans le Rh\u00f4ne, les premi\u00e8res estimations \u00e9voquaient entre 40% et 60% de gr\u00e9vistes. De quoi compliquer les prises en charge m\u00e9dicales jusqu\u2019au 15 janvier au moins. \u00ab\u00a0\u00c7a nous emb\u00eate d\u2019en arriver l\u00e0. C\u2019est pour nos patients qu\u2019on le fait, pas pour nous.\u00a0\u00bb<\/p>\n<p>\u00ab\u00a0On veut continuer de soigner normalement\u00a0\u00bb<\/p>\n<p class=\" wall-content\">\u00ab\u00a0En tant que lib\u00e9raux, on a tout \u00e0 y perdre. Mais on veut continuer de soigner normalement, sans logique comptable\u00a0\u00bb, explique le g\u00e9n\u00e9raliste.<\/p>\n<p>Votre r\u00e9gion, votre actu !<\/p>\n<p>Recevez chaque jour les infos qui comptent pour vous.<\/p>\n<p>\t<a href=\"https:\/\/actu.fr\/newsletter\" class=\"ac-btn ac-btn--corner ac-btn--medium ac-btn--blue800\" target=\"_blank\" rel=\"noopener\">S&rsquo;incrire<\/a><\/p>\n<p class=\" wall-content\">Les gr\u00e9vistes d\u00e9plorent un budget de la S\u00e9cu insuffisant face \u00e0 des besoins croissants, un contr\u00f4le accru des prescriptions d\u2019arr\u00eats de travail ou des mesures permettant aux autorit\u00e9s de baisser \u00ab\u00a0de fa\u00e7on autoritaire\u00a0\u00bb les tarifs de certains actes, en \u00ab\u00a0contournant\u00a0\u00bb le dialogue social. Ils craignent \u00e9galement\u00a0la restriction de leur libert\u00e9 d\u2019installation, objet de textes en cours d\u2019examen au Parlement.<\/p>\n<p class=\" wall-content\">Une <a href=\"https:\/\/actu.fr\/tag\/manifestations\" target=\"_blank\" rel=\"noopener\">manifestation<\/a> organis\u00e9e par l\u2019intersyndicale de la m\u00e9decine est pr\u00e9vue \u00e0 Paris le 10 janvier prochain. L\u2019examen du projet de loi sera discut\u00e9 mardi 13 janvier \u00e0 l\u2019Assembl\u00e9e Nationale.<\/p>\n<p class=\" wall-content\">Personnalisez votre actualit\u00e9 en ajoutant vos villes et m\u00e9dias en favori avec <a href=\"https:\/\/moncompte.actu.fr\" title=\"D\u00e9couvez Mon Actu\" rel=\"nofollow noopener\" data-trk=\"{&quot;cta&quot;:{&quot;action&quot;:&quot;https:\\\/\\\/moncompte.actu.fr&quot;,&quot;category&quot;:&quot;mon compte&quot;,&quot;from&quot;:&quot;article footer&quot;,&quot;name&quot;:&quot;Mon actu&quot;,&quot;type&quot;:&quot;cta&quot;}}\" target=\"_blank\">Mon Actu<\/a>.<\/p>\n","protected":false},"excerpt":{"rendered":"Par Th\u00e9o Zuili Publi\u00e9 le 6 janv. 2026 \u00e0 16h02 Les m\u00e9decins lib\u00e9raux de ville et cliniques sont&hellip;\n","protected":false},"author":2,"featured_media":645105,"comment_status":"","ping_status":"","sticky":false,"template":"","format":"standard","meta":{"footnotes":""},"categories":[1889],"tags":[1111,11,2430,1777,674,1011,27,6151,2428,2673,12,25,71,104],"class_list":{"0":"post-645104","1":"post","2":"type-post","3":"status-publish","4":"format-standard","5":"has-post-thumbnail","7":"category-lyon","8":"tag-actu","9":"tag-actualites","10":"tag-auvergne-rhone-alpes","11":"tag-eu","12":"tag-europe","13":"tag-fr","14":"tag-france","15":"tag-greve","16":"tag-lyon","17":"tag-medecins","18":"tag-news","19":"tag-republique-francaise","20":"tag-sante","21":"tag-societe"},"share_on_mastodon":{"url":"https:\/\/pubeurope.com\/@fr\/115849062180883365","error":""},"_links":{"self":[{"href":"https:\/\/www.europesays.com\/fr\/wp-json\/wp\/v2\/posts\/645104","targetHints":{"allow":["GET"]}}],"collection":[{"href":"https:\/\/www.europesays.com\/fr\/wp-json\/wp\/v2\/posts"}],"about":[{"href":"https:\/\/www.europesays.com\/fr\/wp-json\/wp\/v2\/types\/post"}],"author":[{"embeddable":true,"href":"https:\/\/www.europesays.com\/fr\/wp-json\/wp\/v2\/users\/2"}],"replies":[{"embeddable":true,"href":"https:\/\/www.europesays.com\/fr\/wp-json\/wp\/v2\/comments?post=645104"}],"version-history":[{"count":0,"href":"https:\/\/www.europesays.com\/fr\/wp-json\/wp\/v2\/posts\/645104\/revisions"}],"wp:featuredmedia":[{"embeddable":true,"href":"https:\/\/www.europesays.com\/fr\/wp-json\/wp\/v2\/media\/645105"}],"wp:attachment":[{"href":"https:\/\/www.europesays.com\/fr\/wp-json\/wp\/v2\/media?parent=645104"}],"wp:term":[{"taxonomy":"category","embeddable":true,"href":"https:\/\/www.europesays.com\/fr\/wp-json\/wp\/v2\/categories?post=645104"},{"taxonomy":"post_tag","embeddable":true,"href":"https:\/\/www.europesays.com\/fr\/wp-json\/wp\/v2\/tags?post=645104"}],"curies":[{"name":"wp","href":"https:\/\/api.w.org\/{rel}","templated":true}]}}