{"id":645106,"date":"2026-01-06T16:20:17","date_gmt":"2026-01-06T16:20:17","guid":{"rendered":"https:\/\/www.europesays.com\/fr\/645106\/"},"modified":"2026-01-06T16:20:17","modified_gmt":"2026-01-06T16:20:17","slug":"nouvelle-alerte-meteo-orange-neige-verglas-en-ile-de-france-pour-mercredi","status":"publish","type":"post","link":"https:\/\/www.europesays.com\/fr\/645106\/","title":{"rendered":"Nouvelle alerte m\u00e9t\u00e9o orange neige-verglas en Ile-de-France pour mercredi"},"content":{"rendered":"<p><a href=\"https:\/\/94.citoyens.com\/2026\/ile-de-france-alerte-meteo-orange-et-neige-verglas,05-01-2026.html\" title=\"Ile-de-France\u00a0: alerte m\u00e9t\u00e9o orange et neige verglas\" class=\"visuel\" target=\"_blank\" rel=\"noopener\"> <img decoding=\"async\" src=\"https:\/\/www.europesays.com\/fr\/wp-content\/uploads\/2026\/01\/dsc_0425-380x173.jpg\"  class=\"attachment-home-article wp-post-image lazyload\" alt=\"Ile-de-France\u00a0: alerte m\u00e9t\u00e9o orange et neige verglas\"\/> <\/a> <a href=\"https:\/\/94.citoyens.com\/2026\/ile-de-france-alerte-meteo-orange-et-neige-verglas,05-01-2026.html\" title=\"Ile-de-France\u00a0: alerte m\u00e9t\u00e9o orange et neige verglas\" target=\"_blank\" rel=\"noopener\"> Ile-de-France\u00a0: alerte m\u00e9t\u00e9o orange et neige verglas\t<\/a><\/p>\n<p>Alors que la neige a commenc\u00e9 \u00e0 tomber en Ile-de-France, et que les temp\u00e9ratures n\u00e9gatives risquent de transformer la fine couche blanche en plaque de verglas, M\u00e9t\u00e9o France a lanc\u00e9 une alerte vigilance orange et le pr\u00e9fet de police vient d\u2019activer le plan neige et verglas au niveau 3.<\/p>\n<p><a href=\"https:\/\/94.citoyens.com\/2026\/neige-en-ile-de-france-900-km-de-bouchon-bus-ratp-interrompus-vols-reduits,05-01-2026.html\" title=\"Neige en Ile-de-France\u00a0: 900 km de bouchon, bus RATP interrompus, vols r\u00e9duits\" class=\"visuel\" target=\"_blank\" rel=\"noopener\"> <img decoding=\"async\" src=\"https:\/\/www.europesays.com\/fr\/wp-content\/uploads\/2026\/01\/neige-val-de-marne-2-380x173.jpg\"  class=\"attachment-home-article wp-post-image lazyload\" alt=\"Neige en Ile-de-France\u00a0: 900 km de bouchon, bus RATP interrompus, vols r\u00e9duits\"\/>  \u00a9 Florent Bascoul\t <\/a> <a href=\"https:\/\/94.citoyens.com\/2026\/neige-en-ile-de-france-900-km-de-bouchon-bus-ratp-interrompus-vols-reduits,05-01-2026.html\" title=\"Neige en Ile-de-France\u00a0: 900 km de bouchon, bus RATP interrompus, vols r\u00e9duits\" target=\"_blank\" rel=\"noopener\"> Neige en Ile-de-France\u00a0: 900 km de bouchon, bus RATP interrompus, vols r\u00e9duits\t<\/a><\/p>\n<p>La neige tombe \u00e0 gros flocons et reste bien ancr\u00e9e au sol ce lundi 5 janvier en Ile-de-France. De quoi semer la pagaille dans les transports. A 17h, 900 km de bouchons s\u2019\u00e9taient accumul\u00e9s sur les routes. La RATP a interrompu les bus et les vols sont r\u00e9duits depuis les a\u00e9roports d\u2019Orly et de Roissy.\u2026<\/p>\n<p><a href=\"https:\/\/94.citoyens.com\/2025\/lancement-du-dispositif-hivernal-sur-les-routes-des-hauts-de-seine,20-11-2025.html\" title=\"Lancement du dispositif hivernal sur les routes des Hauts-de-Seine\" class=\"visuel\" target=\"_blank\" rel=\"noopener\"> <img decoding=\"async\" src=\"https:\/\/www.europesays.com\/fr\/wp-content\/uploads\/2026\/01\/neige-foret-380x173.jpg\"  class=\"attachment-home-article wp-post-image lazyload\" alt=\"Lancement du dispositif hivernal sur les routes des Hauts-de-Seine\"\/> <\/a> <a href=\"https:\/\/94.citoyens.com\/2025\/lancement-du-dispositif-hivernal-sur-les-routes-des-hauts-de-seine,20-11-2025.html\" title=\"Lancement du dispositif hivernal sur les routes des Hauts-de-Seine\" target=\"_blank\" rel=\"noopener\"> Lancement du dispositif hivernal sur les routes des Hauts-de-Seine\t<\/a><\/p>\n<p>Top d\u00e9part pour la vigilance hivernale sur les routes d\u00e9partementales. L\u2019enjeu : maintenir les routes praticables et s\u00e9curis\u00e9es, avec des salages pr\u00e9ventifs e cas de verglas par exemple. Un dispositif g\u00e9r\u00e9 en commun entre les Hauts-de-Seine et les Yvelines.<\/p>\n<p><a href=\"https:\/\/94.citoyens.com\/2026\/neige-en-ile-de-france-le-point-sur-les-transports-en-commun-ce-mardi-6-janvier,06-01-2026.html\" title=\"Neige en Ile-de-France\u00a0: le point sur les transports en commun ce mardi 6 janvier\" class=\"visuel\" target=\"_blank\" rel=\"noopener\"> <img decoding=\"async\" src=\"https:\/\/www.europesays.com\/fr\/wp-content\/uploads\/2026\/01\/bus-neige-paris-380x173.jpeg\"  class=\"attachment-home-article wp-post-image lazyload\" alt=\"Neige en Ile-de-France\u00a0: le point sur les transports en commun ce mardi 6 janvier\"\/>  \u00a9 YD\t <\/a> <a href=\"https:\/\/94.citoyens.com\/2026\/neige-en-ile-de-france-le-point-sur-les-transports-en-commun-ce-mardi-6-janvier,06-01-2026.html\" title=\"Neige en Ile-de-France\u00a0: le point sur les transports en commun ce mardi 6 janvier\" target=\"_blank\" rel=\"noopener\"> Neige en Ile-de-France\u00a0: le point sur les transports en commun ce mardi 6 janvier\t<\/a><\/p>\n<p>Une trentaine de lignes du r\u00e9seau de bus de la RATP, interrompu lundi \u00e0 Paris en raison des chutes de neige sur la capitale, ont \u00e9t\u00e9 r\u00e9tablies mardi matin, tandis que les perturbations sur le trafic RER et tramways ont cess\u00e9, a indiqu\u00e9 la r\u00e9gie.<\/p>\n","protected":false},"excerpt":{"rendered":"Ile-de-France\u00a0: alerte m\u00e9t\u00e9o orange et neige verglas Alors que la neige a commenc\u00e9 \u00e0 tomber en Ile-de-France, et&hellip;\n","protected":false},"author":2,"featured_media":645107,"comment_status":"","ping_status":"","sticky":false,"template":"","format":"standard","meta":{"footnotes":""},"categories":[1592],"tags":[1111,11,30855,1777,674,1011,27,662,2487,2357,10584,12,626,8857,25],"class_list":{"0":"post-645106","1":"post","2":"type-post","3":"status-publish","4":"format-standard","5":"has-post-thumbnail","7":"category-ile-de-france","8":"tag-actu","9":"tag-actualites","10":"tag-alerte-meteo","11":"tag-eu","12":"tag-europe","13":"tag-fr","14":"tag-france","15":"tag-ile-de-france","16":"tag-meteo","17":"tag-meteo-france","18":"tag-neige","19":"tag-news","20":"tag-paris","21":"tag-region-parisienne","22":"tag-republique-francaise"},"share_on_mastodon":{"url":"https:\/\/pubeurope.com\/@fr\/115849070311682057","error":""},"_links":{"self":[{"href":"https:\/\/www.europesays.com\/fr\/wp-json\/wp\/v2\/posts\/645106","targetHints":{"allow":["GET"]}}],"collection":[{"href":"https:\/\/www.europesays.com\/fr\/wp-json\/wp\/v2\/posts"}],"about":[{"href":"https:\/\/www.europesays.com\/fr\/wp-json\/wp\/v2\/types\/post"}],"author":[{"embeddable":true,"href":"https:\/\/www.europesays.com\/fr\/wp-json\/wp\/v2\/users\/2"}],"replies":[{"embeddable":true,"href":"https:\/\/www.europesays.com\/fr\/wp-json\/wp\/v2\/comments?post=645106"}],"version-history":[{"count":0,"href":"https:\/\/www.europesays.com\/fr\/wp-json\/wp\/v2\/posts\/645106\/revisions"}],"wp:featuredmedia":[{"embeddable":true,"href":"https:\/\/www.europesays.com\/fr\/wp-json\/wp\/v2\/media\/645107"}],"wp:attachment":[{"href":"https:\/\/www.europesays.com\/fr\/wp-json\/wp\/v2\/media?parent=645106"}],"wp:term":[{"taxonomy":"category","embeddable":true,"href":"https:\/\/www.europesays.com\/fr\/wp-json\/wp\/v2\/categories?post=645106"},{"taxonomy":"post_tag","embeddable":true,"href":"https:\/\/www.europesays.com\/fr\/wp-json\/wp\/v2\/tags?post=645106"}],"curies":[{"name":"wp","href":"https:\/\/api.w.org\/{rel}","templated":true}]}}