{"id":645108,"date":"2026-01-06T16:21:10","date_gmt":"2026-01-06T16:21:10","guid":{"rendered":"https:\/\/www.europesays.com\/fr\/645108\/"},"modified":"2026-01-06T16:21:10","modified_gmt":"2026-01-06T16:21:10","slug":"meteo-neige-a-paris-et-en-ile-de-france-aeroports-routes-transports-les-perturbations-prevues-mercredi","status":"publish","type":"post","link":"https:\/\/www.europesays.com\/fr\/645108\/","title":{"rendered":"M\u00e9t\u00e9o. Neige \u00e0 Paris et en \u00cele-de-France. A\u00e9roports, routes, transports&#8230; Les perturbations pr\u00e9vues mercredi"},"content":{"rendered":"<p>                    Par<br \/>\n        <strong><br \/>\n            <a href=\"https:\/\/actu.fr\/auteur\/julie-bossart-actu-fr\" title=\"Consulter tous les articles de Julie Bossart\" target=\"_blank\" rel=\"noopener\">Julie Bossart<\/a><br \/>\n                    <\/strong><\/p>\n<p>        Publi\u00e9 le<\/p>\n<p>            6 janv. 2026 \u00e0 16h54        <\/p>\n<p>\u00c9viter la pagaille de la veille. Ce mardi 6 janvier 2026 apr\u00e8s-midi, <a href=\"https:\/\/actu.fr\/provence-alpes-cote-d-azur\/cannes_06029\/pres-de-nice-qui-est-philippe-tabarot-azureen-devenu-ministre-de-francois-bayrou_62042944.html\" target=\"_blank\" rel=\"noopener\">Philippe Tabarot<\/a> a tenu un point presse dans lequel il a reconnu que l\u2019\u00e9pisode neigeux de lundi avait \u00e9t\u00e9 sous-\u00e9valu\u00e9 par <a href=\"https:\/\/actu.fr\/tag\/meteo-france\" target=\"_blank\" rel=\"noopener\">M\u00e9t\u00e9o-France<\/a>, notamment \u00e0<a href=\"https:\/\/actu.fr\/paris\/dernieres-actus\" target=\"_blank\" rel=\"noopener\"> Paris<\/a> et dans sa petite couronne. Il a d\u00e8s lors annonc\u00e9 les diff\u00e9rentes mesures de pr\u00e9caution prises pour mercredi, en vue d\u2019un nouvel \u00e9v\u00e9nement neigeux qui devrait \u00eatre plus important et pour lequel au moins 38 d\u00e9partements, dont les n\u00f4tres, sont sous le coup d\u2019une <a href=\"https:\/\/actu.fr\/ile-de-france\/paris_75056\/meteo-la-neige-de-retour-a-paris-l-ile-de-france-placee-en-vigilance-orange-a-quoi-s-attendre_63658208.html\" target=\"_blank\" rel=\"noopener\">vigilance orange neige et verglas<\/a>. Voici ce qu\u2019il faut retenir\u2009:<\/p>\n<p>Reporter ses d\u00e9placements en \u00cele-de-France<\/p>\n<p class=\" wall-content\">Philippe Tabarot conseille \u00ab\u2009fortement\u2009\u00bb d\u2019\u00e9viter tout d\u00e9placement par route mercredi en \u00cele-de-France, en raison des abondantes chutes de neige pr\u00e9vues (3 \u00e0 7\u00a0cm augur\u00e9s par M\u00e9t\u00e9o-France), et de \u00ab\u2009privil\u00e9gier le t\u00e9l\u00e9travail pour ceux qui le peuvent\u2009\u00bb.<\/p>\n<p>Les poids lourds interdits de circuler, vitesse abaiss\u00e9e \u00e0 70\u00a0km\/h, RN118<\/p>\n<p class=\" wall-content\">Le ministre a annonc\u00e9 l\u2019interdiction de la circulation des poids lourds dans les d\u00e9partements plac\u00e9s en vigilance orange neige-verglas, o\u00f9 la vitesse maximale des v\u00e9hicules l\u00e9gers est par ailleurs abaiss\u00e9e \u00e0 70\u00a0km\/h.\u00a0La RN118 ne sera probablement pas ferm\u00e9e \u00e0 la circulation, a-t-il poursuivi.<\/p>\n<p>Vols annul\u00e9s dans les a\u00e9roports parisiens<\/p>\n<p class=\" wall-content\">Les compagnies a\u00e9riennes vont devoir renoncer \u00e0 une partie de leurs vols pr\u00e9vus mercredi matin dans les a\u00e9roports parisiens. Ces annulations, rendues n\u00e9cessaires par les op\u00e9rations de d\u00e9neigement des pistes et de d\u00e9givrage des avions, concerneront environ 40\u2009% des mouvements pr\u00e9vus entre 9\u00a0heures et 14\u00a0heures \u00e0 <a href=\"https:\/\/actu.fr\/tag\/aeroport-roissy-charles-de-gaulle\" target=\"_blank\" rel=\"noopener\">Paris-Charles-de-Gaulle<\/a>, et 25\u2009% entre 6\u00a0heures et 13\u00a0heures \u00e0 <a href=\"https:\/\/actu.fr\/tag\/aeroport-dorly\" target=\"_blank\" rel=\"noopener\">Orly<\/a>, a pr\u00e9cis\u00e9 Philippe Tabarot.<\/p>\n<p class=\" wall-content\">Lors de premi\u00e8res chutes de neige lundi apr\u00e8s-midi, la Direction g\u00e9n\u00e9rale de l\u2019aviation civile (DGAC) avait demand\u00e9 aux compagnies de renoncer \u00e0 15\u2009% de leurs vols dans les deux grands a\u00e9roports desservant la capitale. Sur la route, les bouchons avaient explos\u00e9 les records, avec plus de <a href=\"https:\/\/actu.fr\/ile-de-france\/paris_75056\/neige-a-paris-plus-de-1-000-km-de-bouchons-en-ile-de-france-un-record-absolu_63654683.html\" target=\"_blank\" rel=\"noopener\">1000 km recens\u00e9s par Sytadin<\/a>. Surtout, un <a href=\"https:\/\/actu.fr\/ile-de-france\/le-perreux-sur-marne_94058\/neige-dans-le-val-de-marne-mort-d-un-chauffeur-vtc-apres-la-chute-de-sa-voiture-dans-la-marne_63655895.html\" target=\"_blank\" rel=\"noopener\">chauffeur de VTC a perdu la vie<\/a>, lorsque son v\u00e9hicule a chut\u00e9 dans la Marne. Dans les transports en commun, la circulation des bus <a href=\"https:\/\/actu.fr\/tag\/ratp\" target=\"_blank\" rel=\"noopener\">RATP<\/a> avait d\u00fb \u00eatre interrompue jusqu\u2019\u00e0 la fin de service.\u00a0<\/p>\n<p class=\" wall-content\">Personnalisez votre actualit\u00e9 en ajoutant vos villes et m\u00e9dias en favori avec <a href=\"https:\/\/moncompte.actu.fr\" title=\"D\u00e9couvez Mon Actu\" rel=\"nofollow noopener\" data-trk=\"{&quot;cta&quot;:{&quot;action&quot;:&quot;https:\\\/\\\/moncompte.actu.fr&quot;,&quot;category&quot;:&quot;mon compte&quot;,&quot;from&quot;:&quot;article footer&quot;,&quot;name&quot;:&quot;Mon actu&quot;,&quot;type&quot;:&quot;cta&quot;}}\" target=\"_blank\">Mon Actu<\/a>.<\/p>\n","protected":false},"excerpt":{"rendered":"Par Julie Bossart Publi\u00e9 le 6 janv. 2026 \u00e0 16h54 \u00c9viter la pagaille de la veille. Ce mardi&hellip;\n","protected":false},"author":2,"featured_media":645109,"comment_status":"","ping_status":"","sticky":false,"template":"","format":"standard","meta":{"footnotes":""},"categories":[1888],"tags":[1111,1928,11,1927,1777,674,1011,27,2487,2357,10584,12,1926,626,1925,25,2803],"class_list":{"0":"post-645108","1":"post","2":"type-post","3":"status-publish","4":"format-standard","5":"has-post-thumbnail","7":"category-paris","8":"tag-actu","9":"tag-actu-paris","10":"tag-actualites","11":"tag-actualites-paris","12":"tag-eu","13":"tag-europe","14":"tag-fr","15":"tag-france","16":"tag-meteo","17":"tag-meteo-france","18":"tag-neige","19":"tag-news","20":"tag-news-paris","21":"tag-paris","22":"tag-paris-news","23":"tag-republique-francaise","24":"tag-transport"},"share_on_mastodon":{"url":"https:\/\/pubeurope.com\/@fr\/115849074012997170","error":""},"_links":{"self":[{"href":"https:\/\/www.europesays.com\/fr\/wp-json\/wp\/v2\/posts\/645108","targetHints":{"allow":["GET"]}}],"collection":[{"href":"https:\/\/www.europesays.com\/fr\/wp-json\/wp\/v2\/posts"}],"about":[{"href":"https:\/\/www.europesays.com\/fr\/wp-json\/wp\/v2\/types\/post"}],"author":[{"embeddable":true,"href":"https:\/\/www.europesays.com\/fr\/wp-json\/wp\/v2\/users\/2"}],"replies":[{"embeddable":true,"href":"https:\/\/www.europesays.com\/fr\/wp-json\/wp\/v2\/comments?post=645108"}],"version-history":[{"count":0,"href":"https:\/\/www.europesays.com\/fr\/wp-json\/wp\/v2\/posts\/645108\/revisions"}],"wp:featuredmedia":[{"embeddable":true,"href":"https:\/\/www.europesays.com\/fr\/wp-json\/wp\/v2\/media\/645109"}],"wp:attachment":[{"href":"https:\/\/www.europesays.com\/fr\/wp-json\/wp\/v2\/media?parent=645108"}],"wp:term":[{"taxonomy":"category","embeddable":true,"href":"https:\/\/www.europesays.com\/fr\/wp-json\/wp\/v2\/categories?post=645108"},{"taxonomy":"post_tag","embeddable":true,"href":"https:\/\/www.europesays.com\/fr\/wp-json\/wp\/v2\/tags?post=645108"}],"curies":[{"name":"wp","href":"https:\/\/api.w.org\/{rel}","templated":true}]}}