{"id":645114,"date":"2026-01-06T16:24:12","date_gmt":"2026-01-06T16:24:12","guid":{"rendered":"https:\/\/www.europesays.com\/fr\/645114\/"},"modified":"2026-01-06T16:24:12","modified_gmt":"2026-01-06T16:24:12","slug":"la-colere-agricole-en-route-pour-paris-meme-si-la-moitie-du-convoi-doit-finir-en-garde-a-vue","status":"publish","type":"post","link":"https:\/\/www.europesays.com\/fr\/645114\/","title":{"rendered":"La col\u00e8re agricole en route pour Paris, \u00ab\u00a0m\u00eame si la moiti\u00e9 du convoi doit finir en garde \u00e0 vue\u00a0\u00bb"},"content":{"rendered":"<p>\u00ab\u00a0On sera l\u00e0 d\u2019une fa\u00e7on ou d\u2019une autre, m\u00eame si la moiti\u00e9 doit finir en garde \u00e0 vue, simplement pour pouvoir monter de fa\u00e7on pacifique.\u00a0\u00bb Sans surprise, la Coordination rurale (CR) et son nouveau pr\u00e9sident\u00a0Bertrand Venteau sont ressortis m\u00e9contents de leur entretien avec le premier ministre, lundi 6\u00a0janvier 2025. L\u2019organisation syndicale a donc <a target=\"_self\" href=\"https:\/\/www.lanouvellerepublique.fr\/a-la-une\/on-se-rend-bien-compte-que-ce-gouvernement-n-a-rien-fait-dans-le-sud-ouest-des-agriculteurs-prennent-la-route-de-paris-1767694613\" rel=\"noopener\">d\u00e9cid\u00e9 de braver plusieurs arr\u00eat\u00e9s pr\u00e9fectoraux<\/a> pris en France jusqu\u2019\u00e0 jeudi afin d\u2019interdire les mouvements et convois de tracteurs, visiblement pour tenter de juguler <a target=\"_self\" href=\"https:\/\/www.lanouvellerepublique.fr\/a-la-une\/on-passera-par-les-champs-malgre-l-interdiction-des-convois-de-tracteurs-la-coordination-rurale-entend-manifester-a-paris-1767648702\" rel=\"noopener\">les projets de blocage<\/a> de la capitale, d\u00e9j\u00e0 <a target=\"_self\" href=\"https:\/\/www.lanouvellerepublique.fr\/a-la-une\/neige-et-verglas-trois-morts-dans-les-landes-et-deux-en-ile-de-france-1767700460\" rel=\"noopener\">aux prises avec la neige et le verglas<\/a>.<\/p>\n<p>La CR esp\u00e8re tout de m\u00eame l\u2019arriv\u00e9e de ses cort\u00e8ges aux abords de Paris \u00e0 compter de jeudi.\u00a0Un convoi d\u2019une quarantaine d\u2019agriculteurs est parti mardi matin de Cancon (Lot-et-Garonne) pour faire entendre \u00ab\u00a0leurs solutions\u00a0\u00bb face \u00e0 la crise de la profession. Des repr\u00e9sentants d\u2019autres d\u00e9partements doivent les rejoindre. \u00ab\u00a0Aujourd\u2019hui, 75\u00a0% des structures agricoles sont en difficult\u00e9 financi\u00e8re, a affirm\u00e9 au d\u00e9part le pr\u00e9sident de la CR47, Jos\u00e9 P\u00e9rez. On ne peut pas continuer comme \u00e7a. On leur a propos\u00e9 un moratoire [sur les normes] il y a d\u00e9j\u00e0 un mois, mais on n\u2019a pas de retour. Donc on va aller le leur porter.\u00a0\u00bb<\/p>\n<p>\u00ab\u00a0Il faut des actes qui soient tangibles\u00a0\u00bb<\/p>\n<p>Selon le deuxi\u00e8me syndicat agricole de France, aucun engagement concret, y compris sur la dermatose nodulaire contagieuse (DNC), n\u2019a \u00e9t\u00e9 pris par le gouvernement. Sur le perron de Matignon, la CR a dit toujours r\u00e9clamer un choc de simplification, des \u00ab\u00a0efforts sur les contr\u00f4les\u00a0\u00bb et des \u00ab\u00a0r\u00e9ponses claires et op\u00e9rationnelles sur l\u2019eau\u00a0\u00bb, quand bien m\u00eame S\u00e9bastien Lecornu a pris des engagements sur ces questions dans <a target=\"_self\" href=\"https:\/\/www.lanouvellerepublique.fr\/deux-sevres\/le-bon-sens-doit-redevenir-la-regle-sebastien-lecornu-publie-une-lettre-ouverte-aux-agriculteurs-1767552015\" rel=\"noopener\">une lettre ouverte aux agriculteurs<\/a>, publi\u00e9e dimanche sur les r\u00e9seaux sociaux. Il s\u2019y engage \u00e0 interdire l\u2019importation de produits ne respectant par les\u00a0normes sanitaires et phytosanitaires de l\u2019Union europ\u00e9enne, \u00e0 \u00ab\u00a0d\u00e9bloquer\u00a0\u00bb les projets li\u00e9s aux r\u00e9serves d\u2019eau bloqu\u00e9s localement, \u00e0 \u00ab\u00a0simplifier les r\u00e8gles\u00a0\u00bb et, plus globalement, \u00e0 r\u00e9pondre au \u00ab\u00a0sentiment d\u2019injustice\u00a0\u00bb qui parcourt les campagnes en r\u00e9tablissant \u00ab\u00a0le bon sens\u00a0\u00bb.<\/p>\n<p>Mais d\u2019autres dossiers mobilisent les agriculteurs en col\u00e8re \u2013 faible cours du bl\u00e9 et prix \u00e9lev\u00e9 des engrais, menace d\u2019une concurrence accrue des pays latino-am\u00e9ricains du Mercosur\u2026 \u2013 que les derni\u00e8res propositions de l\u2019ex\u00e9cutif ne parviennent pas \u00e0 calmer.<\/p>\n<p>Mobilisation nationale<\/p>\n<p>La FNSEA a sonn\u00e9 la \u00ab\u00a0mobilisation nationale\u00a0\u00bb dimanche. Mais ses actions semblent pour le moment locales. \u00ab\u00a0Pour r\u00e9tablir la confiance, il faut des actes qui soient tangibles, a expliqu\u00e9 son pr\u00e9sident <a target=\"_self\" href=\"https:\/\/www.tf1.fr\/lci\/bonjour-la-matinale-tf1\/videos\/en-toute-franchise-arnaud-rousseau-64056587.html\" rel=\"noopener\">Arnaud Rousseau sur TF1,<\/a> mardi matin. Le premier ministre dit que \u201c\u00a0les d\u00e9crets vont \u00eatre sign\u00e9s\u00a0\u201d mais il y a une loi Duplomb qui a \u00e9t\u00e9 vot\u00e9e, promulgu\u00e9e le 13\u00a0ao\u00fbt 2025 et dont un certain nombre de d\u00e9crets, sur la question de l\u2019eau, ne sont toujours pas sign\u00e9s. [\u2026] Depuis deux ans, nous avons eu un cumul de promesses qui ne voient pas le jour. Nous avons besoin que les choses se passent, \u00e0 Bruxelles sur la vision et en France sur le revenu des producteurs.\u00a0\u00bb Fin d\u00e9cembre, la Conf\u00e9d\u00e9ration paysanne avait aussi pr\u00e9vu de reprendre la mobilisation en janvier.<\/p>\n","protected":false},"excerpt":{"rendered":"\u00ab\u00a0On sera l\u00e0 d\u2019une fa\u00e7on ou d\u2019une autre, m\u00eame si la moiti\u00e9 doit finir en garde \u00e0 vue,&hellip;\n","protected":false},"author":2,"featured_media":645115,"comment_status":"","ping_status":"","sticky":false,"template":"","format":"standard","meta":{"footnotes":""},"categories":[1888],"tags":[328,11,327,19398,1777,674,1011,27,329,12,626,316,25],"class_list":{"0":"post-645114","1":"post","2":"type-post","3":"status-publish","4":"format-standard","5":"has-post-thumbnail","7":"category-paris","8":"tag-a-la-une","9":"tag-actualites","10":"tag-agriculture","11":"tag-elevage","12":"tag-eu","13":"tag-europe","14":"tag-fr","15":"tag-france","16":"tag-france-monde","17":"tag-news","18":"tag-paris","19":"tag-politique","20":"tag-republique-francaise"},"share_on_mastodon":{"url":"https:\/\/pubeurope.com\/@fr\/115849086043776770","error":""},"_links":{"self":[{"href":"https:\/\/www.europesays.com\/fr\/wp-json\/wp\/v2\/posts\/645114","targetHints":{"allow":["GET"]}}],"collection":[{"href":"https:\/\/www.europesays.com\/fr\/wp-json\/wp\/v2\/posts"}],"about":[{"href":"https:\/\/www.europesays.com\/fr\/wp-json\/wp\/v2\/types\/post"}],"author":[{"embeddable":true,"href":"https:\/\/www.europesays.com\/fr\/wp-json\/wp\/v2\/users\/2"}],"replies":[{"embeddable":true,"href":"https:\/\/www.europesays.com\/fr\/wp-json\/wp\/v2\/comments?post=645114"}],"version-history":[{"count":0,"href":"https:\/\/www.europesays.com\/fr\/wp-json\/wp\/v2\/posts\/645114\/revisions"}],"wp:featuredmedia":[{"embeddable":true,"href":"https:\/\/www.europesays.com\/fr\/wp-json\/wp\/v2\/media\/645115"}],"wp:attachment":[{"href":"https:\/\/www.europesays.com\/fr\/wp-json\/wp\/v2\/media?parent=645114"}],"wp:term":[{"taxonomy":"category","embeddable":true,"href":"https:\/\/www.europesays.com\/fr\/wp-json\/wp\/v2\/categories?post=645114"},{"taxonomy":"post_tag","embeddable":true,"href":"https:\/\/www.europesays.com\/fr\/wp-json\/wp\/v2\/tags?post=645114"}],"curies":[{"name":"wp","href":"https:\/\/api.w.org\/{rel}","templated":true}]}}