{"id":645116,"date":"2026-01-06T16:25:12","date_gmt":"2026-01-06T16:25:12","guid":{"rendered":"https:\/\/www.europesays.com\/fr\/645116\/"},"modified":"2026-01-06T16:25:12","modified_gmt":"2026-01-06T16:25:12","slug":"la-france-bientot-en-guerre-contre-la-russie-ne-cedons-pas-a-la-panique-mais-lexpress","status":"publish","type":"post","link":"https:\/\/www.europesays.com\/fr\/645116\/","title":{"rendered":"La France bient\u00f4t en guerre contre la Russie ? Ne c\u00e9dons pas \u00e0 la panique, mais&#8230; \u2013 L&rsquo;Express"},"content":{"rendered":"<p class=\"paragraph article-body-paragraph article__item   article-body-paragraph--first \">Dans l\u2019esprit des Fran\u00e7ais, <a href=\"https:\/\/www.lexpress.fr\/societe\/un-choc-avec-poutine-dici-a-trois-ans-le-scenario-noir-qui-agite-letat-major-francais-CJLEGK6INNHUXGLCSWDEAV5WZA\/\" target=\"_self\" rel=\"noopener\" title=\"https:\/\/www.lexpress.fr\/societe\/un-choc-avec-poutine-dici-a-trois-ans-le-scenario-noir-qui-agite-letat-major-francais-CJLEGK6INNHUXGLCSWDEAV5WZA\/\">la peur d\u2019une guerre avec la Russie<\/a> est d\u00e9sormais bien install\u00e9e. Si la question trottait dans nos t\u00eates depuis que Moscou a d\u00e9cid\u00e9 d\u2019envahir l\u2019Ukraine, il y aura bient\u00f4t quatre ans, elle se pose d\u00e9sormais avec une acuit\u00e9 particuli\u00e8re. Insidieuse, parfois maladroitement exprim\u00e9e, cette crainte n\u2019est toutefois pas irrationnelle. Selon plusieurs sondages, plus de la moiti\u00e9 des Fran\u00e7ais estiment qu\u2019une telle guerre est possible dans les prochaines ann\u00e9es, m\u00eame <a href=\"https:\/\/www.lexpress.fr\/monde\/europe\/il-ny-a-plus-dhommes-la-bas-le-temoignage-inedit-dun-malgre-nous-du-donbass-N3STCL4ZABG3PO43AETAWIB5DY\/\" target=\"_self\" rel=\"noopener\" title=\"https:\/\/www.lexpress.fr\/monde\/europe\/il-ny-a-plus-dhommes-la-bas-le-temoignage-inedit-dun-malgre-nous-du-donbass-N3STCL4ZABG3PO43AETAWIB5DY\/\">si la Russie peine \u00e0 conqu\u00e9rir les derniers arpents du Donbass<\/a>. <\/p>\n<p class=\"paragraph article-body-paragraph article__item   \">Sonnant l\u2019alarme pour mobiliser l\u2019opinion, les responsables politiques et les chefs militaires ont r\u00e9cemment renforc\u00e9 cette peur, sans jamais trouver les mots pour rassurer leurs concitoyens inquiets. \u00c0 cet \u00e9gard, le chef d\u2019\u00e9tat-major des arm\u00e9es, le g\u00e9n\u00e9ral Fabien Mandon, a fait, si l\u2019on ose dire, un sans-faute. Le 22 octobre, il expliquait que \u00ab\u00a0le premier objectif que j&rsquo;ai donn\u00e9 aux arm\u00e9es est de se tenir pr\u00eates \u00e0 un choc [avec la Russie] dans trois-quatre ans.\u00a0\u00bb Un mois plus tard, devant les maires de France, il redoutait que \u00ab\u00a0notre pays flanche parce qu\u2019il n\u2019est pas pr\u00eat \u00e0 accepter de perdre ses enfants.\u00a0\u00bb Dans le m\u00eame temps, <a href=\"https:\/\/www.lexpress.fr\/monde\/europe\/service-militaire-volontaire-les-inspirations-europeennes-demmanuel-macron-W75HFGY55FGEPGTMZ6TVDKNNAI\/\" target=\"_self\" rel=\"noopener\" title=\"https:\/\/www.lexpress.fr\/monde\/europe\/service-militaire-volontaire-les-inspirations-europeennes-demmanuel-macron-W75HFGY55FGEPGTMZ6TVDKNNAI\/\">Emmanuel Macron annon\u00e7ait, le 27 novembre, le retour du service militaire<\/a> \u2013 certes, pour quelques milliers de jeunes volontaires. Et quelques jours auparavant, le gouvernement avait publi\u00e9 \u00ab\u00a0un guide pratique pour aider chaque citoyen \u00e0 se pr\u00e9parer aux situations de crise\u00a0\u00bb. <\/p>\n<p><strong class=\"article-body-link-list__item text-gray-800 article-body-link-list__item--one-item\">LIRE AUSSI : <a class=\"article-body-link-list__item-link\" href=\"https:\/\/www.lexpress.fr\/societe\/un-choc-avec-poutine-dici-a-trois-ans-le-scenario-noir-qui-agite-letat-major-francais-CJLEGK6INNHUXGLCSWDEAV5WZA\/\" target=\"_blank\" rel=\"noopener\">Pourquoi l&rsquo;\u00e9tat-major fran\u00e7ais redoute un conflit avec la Russie d&rsquo;ici 2029<\/a><\/strong><\/p>\n<p class=\"paragraph article-body-paragraph article__item   \">Depuis deux ans, surtout, le pr\u00e9sident de la R\u00e9publique \u00e9voque r\u00e9guli\u00e8rement l\u2019envoi de \u00ab\u00a0troupes au sol\u00a0\u00bb en Ukraine. Ce fut d\u2019abord, le 26 f\u00e9vrier 2024, parce que \u00ab\u00a0rien ne doit \u00eatre exclu. Nous ferons tout ce qu\u2019il faut pour que la Russie ne puisse pas gagner cette guerre\u00a0\u00bb. Puis, devant l\u2019\u00e9chec de cette proposition, il s\u2019agit aujourd\u2019hui <a href=\"https:\/\/www.lexpress.fr\/monde\/europe\/la-force-multinationale-proposee-par-les-europeens-en-ukraine-de-quoi-sagit-il-concretement-ZIG2DA33I5GTXABAZBEO253WEM\/\" target=\"_self\" rel=\"noopener\" title=\"https:\/\/www.lexpress.fr\/monde\/europe\/la-force-multinationale-proposee-par-les-europeens-en-ukraine-de-quoi-sagit-il-concretement-ZIG2DA33I5GTXABAZBEO253WEM\/\">d\u2019offrir des garanties de s\u00e9curit\u00e9 \u00e0 l\u2019Ukraine<\/a>, dans le cadre d\u2019une \u00ab\u00a0coalition des volontaires\u00a0\u00bb, mais uniquement apr\u00e8s un cessez-le-feu. Si l\u2019on ajoute le doublement pr\u00e9vu du budget des arm\u00e9es entre 2017 et 2027, tout cela finit par cr\u00e9er une dr\u00f4le d\u2019ambiance de guerre. <\/p>\n<p>\u00ab\u00a0Paix impossible, guerre improbable\u00a0\u00bb<\/p>\n<p class=\"paragraph article-body-paragraph article__item   \">Pour ne pas c\u00e9der \u00e0 la panique ou la fatalit\u00e9, quoi de plus utile que de relire <a href=\"https:\/\/www.lexpress.fr\/societe\/jean-paul-sartre-raymon-aron-et-la-violence-legitime-par-abnousse-shalmani-ZUUZFL7OLREIXJ3QENCKKVADRQ\/\" target=\"_self\" rel=\"noopener\" title=\"https:\/\/www.lexpress.fr\/societe\/jean-paul-sartre-raymon-aron-et-la-violence-legitime-par-abnousse-shalmani-ZUUZFL7OLREIXJ3QENCKKVADRQ\/\">Raymond Aron<\/a> ? D\u00e8s 1948, \u00e0 l\u2019or\u00e9e de la guerre froide, ce penseur de la strat\u00e9gie parlait de \u00ab\u00a0paix impossible, guerre improbable\u00a0\u00bb. Avec son r\u00e9alisme glacial, la formule, maintes fois reprise, reste actuelle. <\/p>\n<p class=\"paragraph article-body-paragraph article__item   \">\u00ab\u00a0Guerre improbable\u00a0\u00bb parce que ce qui fondait le raisonnement de Raymond Aron existe toujours : les armes nucl\u00e9aires et la dissuasion qu\u2019elles permettent. On l\u2019observe depuis f\u00e9vrier 2022 : l\u2019arme atomique russe a bel et bien dissuad\u00e9 les Occidentaux \u2013 l\u2019Administration Biden en premier lieu &#8211; d\u2019engager massivement leurs troupes pour soutenir l\u2019Ukraine, comme ils auraient pu le faire sans la menace nucl\u00e9aire. Les Occidentaux ont donc \u00e9t\u00e9 dissuad\u00e9s d\u2019entrer en guerre contre la Russie.<\/p>\n<p><strong class=\"article-body-link-list__item text-gray-800 article-body-link-list__item--one-item\">LIRE AUSSI : <a class=\"article-body-link-list__item-link\" href=\"https:\/\/www.lexpress.fr\/monde\/europe\/francoise-thom-le-grand-projet-de-poutine-est-celui-dune-hegemonie-russe-sur-toute-leurope-NN74X6JRFRDL5BPTUXAEUBGHJY\/\" target=\"_blank\" rel=\"noopener\">Fran\u00e7oise Thom : \u00ab\u00a0Le grand projet de Poutine est celui d\u2019une h\u00e9g\u00e9monie russe sur toute l\u2019Europe\u00a0\u00bb<\/a><\/strong><\/p>\n<p class=\"paragraph article-body-paragraph article__item   \">R\u00e9ciproquement, la Russie a \u00e9t\u00e9 dissuad\u00e9e par l\u2019Otan &#8211; alliance nucl\u00e9aire &#8211; de frapper, dans les pays membres de l\u2019Alliance atlantique, les bases logistiques et les lignes d\u2019approvisionnement soutenant l\u2019effort de guerre ukrainien. A l\u2019exception de quelques <a href=\"https:\/\/www.lexpress.fr\/monde\/europe\/drones-russes-en-pologne-pourquoi-se-defendre-ne-suffit-pas-E3CNGGD6XZGM5GV6FULRKO6D5A\/\" target=\"_blank\" rel=\"noopener\" title=\"https:\/\/www.lexpress.fr\/monde\/europe\/drones-russes-en-pologne-pourquoi-se-defendre-ne-suffit-pas-E3CNGGD6XZGM5GV6FULRKO6D5A\/\">petites incursions de drones<\/a> ou d\u2019avions dans l\u2019espace a\u00e9rien de l\u2019Otan \u2013 sans r\u00e9elles cons\u00e9quences militaires \u2013 la Russie a pris garde de ne pas aller trop loin. Les nombreuses d\u00e9clarations et mises en sc\u00e8nes du Kremlin sur les armes nucl\u00e9aires sont rest\u00e9es ce qu\u2019elles \u00e9taient : des d\u00e9clarations et des mises en sc\u00e8nes. Aucun changement notable de posture nucl\u00e9aire n\u2019a \u00e9t\u00e9 constat\u00e9 par les services occidentaux. La dissuasion nucl\u00e9aire a donc jou\u00e9 son r\u00f4le en limitant l\u2019escalade entre les puissances, emp\u00eachant la \u00ab\u00a0mont\u00e9e aux extr\u00eames\u00a0\u00bb d\u00e9crite par le th\u00e9oricien de la guerre Clausewitz.<\/p>\n<p class=\"paragraph article-body-paragraph article__item   \">Les conflits r\u00e9cents ont toutefois provoqu\u00e9 un changement majeur. On a en effet d\u00e9couvert que le seuil nucl\u00e9aire \u00e9tait beaucoup plus haut qu\u2019on ne le pensait. Le \u00ab\u00a0seuil nucl\u00e9aire\u00a0\u00bb, c\u2019est le point \u00e0 partir duquel l\u2019acteur d\u2019un conflit d\u00e9cide de passer \u00e0 l\u2019emploi de ses armes nucl\u00e9aires. Cette hausse du seuil est, \u00e0 la fois, une bonne et une mauvaise nouvelle. Bonne, parce que la probabilit\u00e9 d\u2019une guerre nucl\u00e9aire s\u2019\u00e9loigne. Et mauvaise parce qu\u2019un seuil plus \u00e9lev\u00e9 lib\u00e8re de l\u2019espace en dessous de lui. Et dans cet espace, l\u00e0 o\u00f9 la dissuasion nucl\u00e9aire n\u2019emp\u00eache pas la guerre, beaucoup de choses tr\u00e8s d\u00e9sagr\u00e9ables peuvent se d\u00e9rouler. La guerre russo-ukrainienne, par exemple. <\/p>\n<p>Une opposition \u00ab\u00a0fondamentale\u00a0\u00bb entre la Russie et l&rsquo;Europe ?<\/p>\n<p class=\"paragraph article-body-paragraph article__item   \">Qui pouvait imaginer qu\u2019une puissance nucl\u00e9aire, telle la Russie, puisse voir une parcelle de son territoire envahie par son voisin, comme la r\u00e9gion de Koursk d\u2019ao\u00fbt 2024 \u00e0 mars 2025 ? Que les installations militaires et \u00e9nerg\u00e9tiques sur son territoire soient quotidiennement frapp\u00e9es par les drones et les missiles ? <\/p>\n<p class=\"paragraph article-body-paragraph article__item   \">Il n\u2019y a pas que l\u2019Ukraine. En trois offensives (avril et octobre 2024, juin 2025), l\u2019Iran a lanc\u00e9 de l\u2019ordre de 2000 drones et missiles contre Isra\u00ebl, autre puissance nucl\u00e9aire, d\u00e9clenchant la plus grande bataille a\u00e9robalistique de l\u2019histoire. En mai 2025, une spectaculaire bataille a\u00e9rienne &#8211; plus d\u2019une centaine d\u2019avions engag\u00e9s \u2013 a eu lieu entre l\u2019Inde et le Pakistan, deux \u00c9tats nucl\u00e9aires. Dans tous ces cas, l\u2019affrontement a \u00e9t\u00e9 contenu mais \u00e0 un niveau tr\u00e8s sup\u00e9rieur \u00e0 ce qu\u2019imaginaient la plupart des grandes capitales. Le retour d\u2019exp\u00e9rience de ces conflits va conduire \u00e0 des r\u00e9visions dans les strat\u00e9gies de d\u00e9fense \u2013 car les Europ\u00e9ens pourraient, demain, se retrouver dans une situation comparable. Il devrait en \u00eatre question dans le discours important que le pr\u00e9sident Macron doit prononcer dans les prochaines semaines, dans lequel il \u00e9voquera, outre la dimension europ\u00e9enne, \u00ab\u00a0l\u2019\u00e9paulement conventionnel\u00a0\u00bb de la dissuasion nucl\u00e9aire. <\/p>\n<p><strong class=\"article-body-link-list__item text-gray-800 article-body-link-list__item--one-item\">LIRE AUSSI : <a class=\"article-body-link-list__item-link\" href=\"https:\/\/www.lexpress.fr\/idees-et-debats\/la-russie-est-entree-en-europe-par-la-guerre-le-despotisme-imperial-explique-par-lhistorienne-sabine-BBZ3ZI6RDBCEPDWPGCPAII3JQI\/\" target=\"_blank\" rel=\"noopener\">\u00ab\u00a0Entre la Russie et la France, il existe une rivalit\u00e9 id\u00e9ologique\u00a0\u00bb : le despotisme imp\u00e9rial racont\u00e9 par l\u2019historienne Sabine Dullin<\/a><\/strong><\/p>\n<p class=\"paragraph article-body-paragraph article__item   \">Si la guerre reste \u00ab\u00a0improbable\u00a0\u00bb, comme le pensait Raymond Aron, cela ne concerne que la guerre totale, \u00ab\u00a0l\u2019affrontement majeur de haute intensit\u00e9\u00a0\u00bb entre les grandes puissances. Il reste beaucoup de place pour ce que le colonel Michel Goya, auteur de Th\u00e9orie du combattant (Perrin, 2025) appelle la \u00ab\u00a0confrontation\u00a0\u00bb &#8211; un concept plus pertinent que celui, trop vague, de \u00ab\u00a0guerre hybride\u00a0\u00bb. L\u00e0, les choses sont claires : nous y sommes d\u00e9j\u00e0 ! L\u2019Europe et la Russie sont d\u00e8s \u00e0 pr\u00e9sent dans une logique de confrontation, m\u00eame si, pour d\u00e9sagr\u00e9ables qu\u2019ils soient, les survols de drones ou la d\u00e9sinformation ne sont pas des menaces majeures.<\/p>\n<p class=\"paragraph article-body-paragraph article__item    article__text__endpicto\">La seconde proposition de Raymond Aron, la \u00ab\u00a0paix impossible\u00a0\u00bb, reste, elle aussi, d\u2019actualit\u00e9. Elle l\u2019\u00e9tait \u00e0 l\u2019\u00e9poque \u00e0 cause de l\u2019incompatibilit\u00e9 id\u00e9ologique entre le communisme et la d\u00e9mocratie lib\u00e9rale. \u00ab\u00a0La paix est impossible tant que subsistent les oppositions fondamentales\u00a0\u00bb, \u00e9crivait Aron. La question est de savoir si l\u2019opposition entre la Russie et l\u2019Europe est \u00ab\u00a0fondamentale\u00a0\u00bb ? Comment, en effet, coexister pacifiquement avec une puissance qui veut r\u00e9viser le trac\u00e9 de ses fronti\u00e8res et limiter la souverainet\u00e9 de ses voisins ? Pour contenir une telle ambition r\u00e9visionniste, il n\u2019y a pas d\u2019autres choix que de dissuader la Russie de se lancer dans de nouvelles aventures militaires catastrophiques. Pour cela, il faut des moyens militaires cr\u00e9dibles, nucl\u00e9aires et conventionnels. E si l\u2019on parvient \u00e0 r\u00e9tablir la dissuasion face \u00e0 Moscou, la perspective d\u2019une guerre ouverte avec la Russie cessera d\u2019\u00eatre vue comme in\u00e9luctable. <\/p>\n<p>.<\/p>\n","protected":false},"excerpt":{"rendered":"Dans l\u2019esprit des Fran\u00e7ais, la peur d\u2019une guerre avec la Russie est d\u00e9sormais bien install\u00e9e. Si la question&hellip;\n","protected":false},"author":2,"featured_media":645117,"comment_status":"","ping_status":"","sticky":false,"template":"","format":"standard","meta":{"footnotes":""},"categories":[1591],"tags":[11,674,1887,74,12,1885,1886,132,104],"class_list":{"0":"post-645116","1":"post","2":"type-post","3":"status-publish","4":"format-standard","5":"has-post-thumbnail","7":"category-russie","8":"tag-actualites","9":"tag-europe","10":"tag-federation-de-russie","11":"tag-monde","12":"tag-news","13":"tag-russia","14":"tag-russian-federation","15":"tag-russie","16":"tag-societe"},"share_on_mastodon":{"url":"https:\/\/pubeurope.com\/@fr\/115849089715451675","error":""},"_links":{"self":[{"href":"https:\/\/www.europesays.com\/fr\/wp-json\/wp\/v2\/posts\/645116","targetHints":{"allow":["GET"]}}],"collection":[{"href":"https:\/\/www.europesays.com\/fr\/wp-json\/wp\/v2\/posts"}],"about":[{"href":"https:\/\/www.europesays.com\/fr\/wp-json\/wp\/v2\/types\/post"}],"author":[{"embeddable":true,"href":"https:\/\/www.europesays.com\/fr\/wp-json\/wp\/v2\/users\/2"}],"replies":[{"embeddable":true,"href":"https:\/\/www.europesays.com\/fr\/wp-json\/wp\/v2\/comments?post=645116"}],"version-history":[{"count":0,"href":"https:\/\/www.europesays.com\/fr\/wp-json\/wp\/v2\/posts\/645116\/revisions"}],"wp:featuredmedia":[{"embeddable":true,"href":"https:\/\/www.europesays.com\/fr\/wp-json\/wp\/v2\/media\/645117"}],"wp:attachment":[{"href":"https:\/\/www.europesays.com\/fr\/wp-json\/wp\/v2\/media?parent=645116"}],"wp:term":[{"taxonomy":"category","embeddable":true,"href":"https:\/\/www.europesays.com\/fr\/wp-json\/wp\/v2\/categories?post=645116"},{"taxonomy":"post_tag","embeddable":true,"href":"https:\/\/www.europesays.com\/fr\/wp-json\/wp\/v2\/tags?post=645116"}],"curies":[{"name":"wp","href":"https:\/\/api.w.org\/{rel}","templated":true}]}}