{"id":645122,"date":"2026-01-06T16:28:18","date_gmt":"2026-01-06T16:28:18","guid":{"rendered":"https:\/\/www.europesays.com\/fr\/645122\/"},"modified":"2026-01-06T16:28:18","modified_gmt":"2026-01-06T16:28:18","slug":"le-marche-britannique-a-progresse-de-35-en-2025","status":"publish","type":"post","link":"https:\/\/www.europesays.com\/fr\/645122\/","title":{"rendered":"Le march\u00e9 britannique a progress\u00e9 de 3,5 % en 2025"},"content":{"rendered":"<p>Avec plus de 2,02 millions de v\u00e9hicules neufs immatricul\u00e9s, le march\u00e9 du Royaume-Uni a progress\u00e9 de 3,5 % en 2025. Les mod\u00e8les \u00e9lectriques \u00e0 batterie ont d\u00e9pass\u00e9 470 000 unit\u00e9s, gr\u00e2ce \u00e0 une croissance de 23,9 %, pour repr\u00e9senter 23,4 % des immatriculations. <\/p>\n<p>La Vauxhall Corsa a termin\u00e9 l&rsquo;ann\u00e9e 2025 \u00e0 la quatri\u00e8me place des ventes au Royaume-Uni avec 35 947 immatriculations. \u00a9Vauxhall<\/p>\n<p>Alors que le <a href=\"https:\/\/journalauto.com\/tag\/marche\/\" target=\"_blank\" rel=\"noopener\">march\u00e9<\/a> fran\u00e7ais a recul\u00e9 de 5 % en 2025, celui du <a href=\"https:\/\/journalauto.com\/tag\/royaume-uni\/\" target=\"_blank\" rel=\"noopener\">Royaume-Uni<\/a> a progress\u00e9 de 3,5 %, avec 2 020 520 nouvelles immatriculations enregistr\u00e9es par l&rsquo;association sectorielle SMMT.<\/p>\n<p>\u00a0<\/p>\n<p>Dans ce total, les v\u00e9hicules \u00e9lectriques ont atteint 476 348 unit\u00e9s (+23,9 %), soit 23,4 % du march\u00e9 contre 19,6 % un an plus t\u00f4t.<\/p>\n<p>\u00a0<\/p>\n<p><img loading=\"lazy\" decoding=\"async\" class=\"alignnone wp-image-233009 size-full\" src=\"data:image\/svg+xml,%3Csvg%20xmlns=\" http:=\"\" alt=\"\" width=\"599\" height=\"298\" data-lazy- data-lazy- data-lazy-src=\"https:\/\/www.europesays.com\/fr\/wp-content\/uploads\/2026\/01\/SMMT-All-2025.jpg\" data-mwl-img-id=\"233009\"\/><\/p>\n<p>\u00a0<\/p>\n<p>De quoi faire du Royaume-Uni le deuxi\u00e8me march\u00e9 \u00e9lectrique d&rsquo;Europe en volume, derri\u00e8re l&rsquo;Allemagne (545 000 unit\u00e9s en 2025). <a href=\"https:\/\/journalauto.com\/constructeurs\/les-10-points-marquants-du-marche-automobile-en-decembre-2025-le-miracle-na-pas-eu-lieu\/\" target=\"_blank\" rel=\"noopener\">En France<\/a>, les \u00e9lectriques ont totalis\u00e9 326 923 \u00e9lectriques l&rsquo;ann\u00e9e derni\u00e8re (+12,5 %), soit 20 % du march\u00e9.<\/p>\n<p>\u00a0<\/p>\n<p><strong>D\u00e9passer 30 % de VE en 2026<\/strong><\/p>\n<p>\u00a0<\/p>\n<p>Le Royaume-Uni s&rsquo;est fix\u00e9 l&rsquo;objectif d&rsquo;interdire la vente de v\u00e9hicules thermiques neufs en 2030 (2035 pour les hybrides), ce qui le place parmi les pays les plus ambitieux en la mati\u00e8re, surtout apr\u00e8s la d\u00e9cision mi-d\u00e9cembre de l&rsquo;Union europ\u00e9enne de prolonger la vente de voitures thermiques neuves au-del\u00e0 de l&rsquo;objectif initial de 2035 sous certaines conditions.<\/p>\n<p>\u00a0<\/p>\n<p>\u00ab\u00a0La divergence entre le Royaume-Uni et le march\u00e9 bien plus vaste \u00e0 sa porte s&rsquo;accentue\u00a0\u00bb, s&rsquo;inqui\u00e8te le SMMT dans son communiqu\u00e9, qui souligne que \u00ab\u00a0l&rsquo;objectif de ventes z\u00e9ro \u00e9mission\u00a0\u00bb du pays \u00ab\u00a0exigera l&rsquo;ann\u00e9e prochaine que les (v\u00e9hicules tout \u00e9lectriques) repr\u00e9sentent une voiture neuve sur trois\u00a0\u00bb.<\/p>\n<p>\u00a0<\/p>\n<p>L&rsquo;industrie regrette qu&rsquo;un quart seulement des mod\u00e8les soit \u00e9ligible \u00e0 la prime britannique \u00e0 l&rsquo;achat des v\u00e9hicules \u00e9lectriques et s&rsquo;en prend aussi \u00e0 l&rsquo;annonce d&rsquo;une taxe kilom\u00e9trique \u00e0 partir de 2028, qui \u00ab\u00a0envoie un message d\u00e9routant aux consommateurs\u00a0\u00bb.<\/p>\n<p>\u00a0<\/p>\n<p><strong>Le Ford Puma en t\u00eate \u00a0<\/strong><\/p>\n<p>\u00a0<\/p>\n<p>Dans ce contexte, le <a href=\"https:\/\/journalauto.com\/tag\/ford\/\" target=\"_blank\" rel=\"noopener\">Ford<\/a> Puma termine l&rsquo;ann\u00e9e \u00e0 la premi\u00e8re place avec 55 488 immatriculations devant le <a href=\"https:\/\/journalauto.com\/tag\/kia\/\" target=\"_blank\" rel=\"noopener\">Kia<\/a> Sportage (47 778) et le <a href=\"https:\/\/journalauto.com\/tag\/nissan\/\" target=\"_blank\" rel=\"noopener\">Nissan<\/a> Qashqai (41 141). <a href=\"https:\/\/journalauto.com\/tag\/vauxhall\/\" target=\"_blank\" rel=\"noopener\">Vauxhall<\/a> n&rsquo;appara\u00eet qu&rsquo;\u00e0 la quatri\u00e8me place avec la Corsa (35 947).<\/p>\n<p>\u00a0<\/p>\n<p><img loading=\"lazy\" decoding=\"async\" class=\"alignnone wp-image-233010 size-full\" src=\"data:image\/svg+xml,%3Csvg%20xmlns=\" http:=\"\" alt=\"\" width=\"599\" height=\"330\" data-lazy- data-lazy- data-lazy-src=\"https:\/\/www.europesays.com\/fr\/wp-content\/uploads\/2026\/01\/SMMT-Top-10.jpg\" data-mwl-img-id=\"233010\"\/><\/p>\n<p>\u00a0<\/p>\n<p>Sur le seul march\u00e9 des \u00e9lectriques, <a href=\"https:\/\/journalauto.com\/tag\/tesla\/\" target=\"_blank\" rel=\"noopener\">Tesla<\/a> s&rsquo;adjuge les meilleures ventes avec 24 298 unit\u00e9s pour la Model Y et 21 188 pour la Model 3. <a href=\"https:\/\/journalauto.com\/tag\/audi\/\" target=\"_blank\" rel=\"noopener\">Audi<\/a> compl\u00e8te le podium avec 14 433 Q4 e-tron, suivi du <a href=\"https:\/\/journalauto.com\/constructeurs\/audi-q6-e-tron-de-retour-dans-la-course\/\" target=\"_blank\" rel=\"noopener\">Q6 e-tron<\/a> (13 148).<\/p>\n<p>\u00a0<\/p>\n<p><img loading=\"lazy\" decoding=\"async\" class=\"alignnone wp-image-233011 size-full\" src=\"data:image\/svg+xml,%3Csvg%20xmlns=\" http:=\"\" alt=\"\" width=\"599\" height=\"317\" data-lazy- data-lazy- data-lazy-src=\"https:\/\/www.europesays.com\/fr\/wp-content\/uploads\/2026\/01\/SMMT-BEV-2025.jpg\" data-mwl-img-id=\"233011\"\/><\/p>\n<p>Vous devez activer le javacript et la gestion des cookies pour b\u00e9n\u00e9ficier de toutes les fonctionnalit\u00e9s.<\/p>\n","protected":false},"excerpt":{"rendered":"Avec plus de 2,02 millions de v\u00e9hicules neufs immatricul\u00e9s, le march\u00e9 du Royaume-Uni a progress\u00e9 de 3,5 %&hellip;\n","protected":false},"author":2,"featured_media":645123,"comment_status":"","ping_status":"","sticky":false,"template":"","format":"standard","meta":{"footnotes":""},"categories":[1588],"tags":[11,1777,674,2089,12,473,1853,1851,1850,1852],"class_list":{"0":"post-645122","1":"post","2":"type-post","3":"status-publish","4":"format-standard","5":"has-post-thumbnail","7":"category-royaume-uni","8":"tag-actualites","9":"tag-eu","10":"tag-europe","11":"tag-marche","12":"tag-news","13":"tag-royaume-uni","14":"tag-royaume-uni-de-grande-bretagne-et-dirlande-du-nord","15":"tag-uk","16":"tag-united-kingdom","17":"tag-united-kingdom-of-great-britain-and-northern-ireland"},"share_on_mastodon":{"url":"https:\/\/pubeurope.com\/@fr\/115849101541740225","error":""},"_links":{"self":[{"href":"https:\/\/www.europesays.com\/fr\/wp-json\/wp\/v2\/posts\/645122","targetHints":{"allow":["GET"]}}],"collection":[{"href":"https:\/\/www.europesays.com\/fr\/wp-json\/wp\/v2\/posts"}],"about":[{"href":"https:\/\/www.europesays.com\/fr\/wp-json\/wp\/v2\/types\/post"}],"author":[{"embeddable":true,"href":"https:\/\/www.europesays.com\/fr\/wp-json\/wp\/v2\/users\/2"}],"replies":[{"embeddable":true,"href":"https:\/\/www.europesays.com\/fr\/wp-json\/wp\/v2\/comments?post=645122"}],"version-history":[{"count":0,"href":"https:\/\/www.europesays.com\/fr\/wp-json\/wp\/v2\/posts\/645122\/revisions"}],"wp:featuredmedia":[{"embeddable":true,"href":"https:\/\/www.europesays.com\/fr\/wp-json\/wp\/v2\/media\/645123"}],"wp:attachment":[{"href":"https:\/\/www.europesays.com\/fr\/wp-json\/wp\/v2\/media?parent=645122"}],"wp:term":[{"taxonomy":"category","embeddable":true,"href":"https:\/\/www.europesays.com\/fr\/wp-json\/wp\/v2\/categories?post=645122"},{"taxonomy":"post_tag","embeddable":true,"href":"https:\/\/www.europesays.com\/fr\/wp-json\/wp\/v2\/tags?post=645122"}],"curies":[{"name":"wp","href":"https:\/\/api.w.org\/{rel}","templated":true}]}}