{"id":645128,"date":"2026-01-06T16:31:12","date_gmt":"2026-01-06T16:31:12","guid":{"rendered":"https:\/\/www.europesays.com\/fr\/645128\/"},"modified":"2026-01-06T16:31:12","modified_gmt":"2026-01-06T16:31:12","slug":"il-y-a-bien-eu-une-altercation-physique-ian-ziering-beverly-hills-90210-accuse-de-coups-et-blessures-sort-du-silence-avant-danse-avec-les-stars","status":"publish","type":"post","link":"https:\/\/www.europesays.com\/fr\/645128\/","title":{"rendered":"\u00ab\u00a0Il y a bien eu une altercation physique\u00a0\u00bb: Ian Ziering (Beverly Hills 90210), accus\u00e9 de coups et blessures, sort du silence avant Danse avec les stars"},"content":{"rendered":"<p class=\"ap-StoryElement ap-StoryElement--mb ap-StoryText\">Il a \u00e9t\u00e9 film\u00e9, lors de la soir\u00e9e du Nouvel An, en train de se battre avec des motards au niveau de Hollywood Boulevard \u00e0 Los Angeles. On peut y voir l&rsquo;acteur, accompagn\u00e9 de sa fille Mia \u00e2g\u00e9e de 12 ans, sortir de son v\u00e9hicule avant de se battre avec plusieurs hommes. D&rsquo;abord jug\u00e9 comme victime, d&rsquo;apr\u00e8s un rapport de police, Ian Ziering est ensuite pass\u00e9 du c\u00f4t\u00e9 de l&rsquo;accus\u00e9. L&rsquo;affaire a en effet \u00e9t\u00e9 relanc\u00e9e suite \u00e0 la plainte civile d\u00e9pos\u00e9e par Jacob Hernandez, l&rsquo;accusant d&rsquo;\u00eatre \u00e0 la base de la bagarre en l&rsquo;ayant agress\u00e9 verbalement et physiquement.<\/p>\n<p><a href=\"https:\/\/www.dhnet.be\/medias\/television\/2025\/12\/09\/danse-avec-les-stars-un-acteur-phare-de-la-serie-beverly-hills-90201-rejoint-le-casting-ZTSQZLIOUFDQDK5MPHBPFAYLFE\/\" target=\"_self\" class=\"ap-StoryInterstitialLink ap-StoryElement ap-StoryElement--mb\" rel=\"noopener\">\u00ab\u00a0Danse avec les stars\u00a0\u00bb: un acteur phare de la s\u00e9rie \u00ab\u00a0Beverly Hills 90210\u00a0\u00bb rejoint le casting<\/a><\/p>\n<p class=\"ap-StoryElement ap-StoryElement--mb ap-StoryText\">\u00ab\u00a0Il y a bien eu une altercation physique, a confi\u00e9 Ian Ziering aupr\u00e8s de Paris Match, avant de se d\u00e9fendre et de camper sur ses positions de victime. Mais j&rsquo;\u00e9tais en \u00e9tat de l\u00e9gitime d\u00e9fense pour me prot\u00e9ger et prot\u00e9ger ma fille d&rsquo;une agression dont nous avons \u00e9t\u00e9 victimes.\u00a0\u00bb<\/p>\n<p class=\"ap-StoryElement ap-StoryElement--mb ap-StoryText\">Cette plainte ne l&#8217;emp\u00eachera pas de virevolter sur les parquets de Danse avec les stars d\u00e8s ce 23 janvier sur TF1.<\/p>\n","protected":false},"excerpt":{"rendered":"Il a \u00e9t\u00e9 film\u00e9, lors de la soir\u00e9e du Nouvel An, en train de se battre avec des&hellip;\n","protected":false},"author":2,"featured_media":645129,"comment_status":"","ping_status":"","sticky":false,"template":"","format":"standard","meta":{"footnotes":""},"categories":[1586],"tags":[11,75122,75121,24765,10001,2360,1777,674,1779,1294,1011,27,14904,75117,12,32038,75116,2899,25,75120,75119,15436,8703,1778,364,75118],"class_list":{"0":"post-645128","1":"post","2":"type-post","3":"status-publish","4":"format-standard","5":"has-post-thumbnail","7":"category-europe","8":"tag-actualites","9":"tag-bordeel","10":"tag-bordel","11":"tag-brussel","12":"tag-brussels","13":"tag-bruxelles","14":"tag-eu","15":"tag-europe","16":"tag-european-union","17":"tag-femme","18":"tag-fr","19":"tag-france","20":"tag-gare-du-nord","21":"tag-hoer","22":"tag-news","23":"tag-prostituee","24":"tag-prostitutie","25":"tag-prostitution","26":"tag-republique-francaise","27":"tag-seks","28":"tag-seksualiteit","29":"tag-sexe","30":"tag-sexualite","31":"tag-ue","32":"tag-union-europeenne","33":"tag-vrouw"},"share_on_mastodon":{"url":"https:\/\/pubeurope.com\/@fr\/115849113303917263","error":""},"_links":{"self":[{"href":"https:\/\/www.europesays.com\/fr\/wp-json\/wp\/v2\/posts\/645128","targetHints":{"allow":["GET"]}}],"collection":[{"href":"https:\/\/www.europesays.com\/fr\/wp-json\/wp\/v2\/posts"}],"about":[{"href":"https:\/\/www.europesays.com\/fr\/wp-json\/wp\/v2\/types\/post"}],"author":[{"embeddable":true,"href":"https:\/\/www.europesays.com\/fr\/wp-json\/wp\/v2\/users\/2"}],"replies":[{"embeddable":true,"href":"https:\/\/www.europesays.com\/fr\/wp-json\/wp\/v2\/comments?post=645128"}],"version-history":[{"count":0,"href":"https:\/\/www.europesays.com\/fr\/wp-json\/wp\/v2\/posts\/645128\/revisions"}],"wp:featuredmedia":[{"embeddable":true,"href":"https:\/\/www.europesays.com\/fr\/wp-json\/wp\/v2\/media\/645129"}],"wp:attachment":[{"href":"https:\/\/www.europesays.com\/fr\/wp-json\/wp\/v2\/media?parent=645128"}],"wp:term":[{"taxonomy":"category","embeddable":true,"href":"https:\/\/www.europesays.com\/fr\/wp-json\/wp\/v2\/categories?post=645128"},{"taxonomy":"post_tag","embeddable":true,"href":"https:\/\/www.europesays.com\/fr\/wp-json\/wp\/v2\/tags?post=645128"}],"curies":[{"name":"wp","href":"https:\/\/api.w.org\/{rel}","templated":true}]}}