{"id":64514,"date":"2025-04-30T13:50:08","date_gmt":"2025-04-30T13:50:08","guid":{"rendered":"https:\/\/www.europesays.com\/fr\/64514\/"},"modified":"2025-04-30T13:50:08","modified_gmt":"2025-04-30T13:50:08","slug":"un-grand-vide-greniers-avec-110-stands-organise-ce-jeudi-1er-mai","status":"publish","type":"post","link":"https:\/\/www.europesays.com\/fr\/64514\/","title":{"rendered":"un grand vide-greniers avec 110 stands organis\u00e9 ce jeudi 1er mai"},"content":{"rendered":"<p>            Par<br \/>\n        <strong><br \/>\n            <a href=\"https:\/\/actu.fr\/auteur\/margot-fournie\" title=\"Consulter tous les articles de Margot Fournie\" target=\"_blank\" rel=\"noopener\">Margot Fournie<\/a><br \/>\n        <\/strong><\/p>\n<p>        Publi\u00e9 le<\/p>\n<p>            30 avr. 2025 \u00e0 15h33        <\/p>\n<p>Le 1er mai, un <b>grand vide-greniers<\/b> va se tenir dans les rues du Grand Couronn\u00e9, Nom\u00e9ny et des Ch\u00e2taigniers, dans le <a href=\"https:\/\/actu.fr\/grand-est\/strasbourg_67482\/strasbourg-passage-du-neudorf-au-stationnement-payant-le-quotidien-des-habitants-a-t-il-ete-ameliore_61674137.html\" target=\"_blank\" rel=\"noopener\">quartier du Neudorf<\/a> \u00e0 <a href=\"https:\/\/actu.fr\/strasbourg\/\" target=\"_blank\" rel=\"noopener\">Strasbourg<\/a>.<\/p>\n<p class=\" wall-content\">Organis\u00e9 par l\u2019association la Maison Citoyenne Strasbourg, l\u2019\u00e9v\u00e8nement se veut <strong>festif<\/strong>. Des <strong>animations pour petits et grands<\/strong> sont donc au <strong>programme<\/strong>.<\/p>\n<p>110 stands pour faire de bonnes affaires<\/p>\n<p class=\" wall-content\">L\u2019organisateur pr\u00e9vient que ce jeudi, ce sont <strong>110 stands de particuliers<\/strong> aupr\u00e8s desquels on pourra chiner.<\/p>\n<p class=\" wall-content\">Sur place, on pourra \u00e9galement retrouver un<strong> stand de maquillage pour les enfants<\/strong>, mais aussi des ateliers, \u00e0 prix libre, autour du r\u00e9-usage, du recyclage et des r\u00e9parations. Parmi eux, il y aura le \u00ab\u2009Bricolobar pour <strong>r\u00e9parer votre petit \u00e9lectronique<\/strong> et \u00e9lectro-m\u00e9nager\u2009\u00bb. Il se tiendra de 12h30 \u00e0 15h30h.<\/p>\n<p class=\" wall-content\">Quelques associations locales, comme \u00ab\u2009l\u2019AMAP du Schluthfeld, l\u2019Habitat Participatif Senior Les Pot\u2019\u00e2g\u00e9s\u2009\u00bb, seront \u00e9galement pr\u00e9sentes.<\/p>\n<p>Vid\u00e9os : en ce moment sur ActuDe quoi grignoter et s\u2019ambiancer<\/p>\n<p class=\" wall-content\">Il y aura aussi <strong>plusieurs stands de restauration<\/strong> et une buvette-biergarten.<\/p>\n<p class=\" wall-content\">Et <strong>des concerts<\/strong> se tiendront tout au long de cette journ\u00e9e de vide-greniers.<\/p>\n<p class=\" wall-content\">Suivez toute l\u2019actualit\u00e9 de vos villes et m\u00e9dias favoris en vous inscrivant \u00e0 <a href=\"https:\/\/moncompte.actu.fr\" title=\"D\u00e9couvez Mon Actu\" rel=\"nofollow noopener\" data-trk=\"{&quot;cta&quot;:{&quot;action&quot;:&quot;https:\\\/\\\/moncompte.actu.fr&quot;,&quot;category&quot;:&quot;mon compte&quot;,&quot;from&quot;:&quot;article footer&quot;,&quot;name&quot;:&quot;Mon actu&quot;,&quot;type&quot;:&quot;cta&quot;}}\" target=\"_blank\">Mon Actu<\/a>.<\/p>\n<ul class=\"ac-article-tag wall-content\">\n<li><a href=\"https:\/\/actu.fr\/tag\/bons-plans-a-strasbourg\" data-trk=\"{&quot;cta&quot;:{&quot;action&quot;:&quot;Bons plans \\u00e0 Strasbourg&quot;,&quot;category&quot;:&quot;tag&quot;,&quot;from&quot;:&quot;article footer&quot;,&quot;name&quot;:&quot;Bons plans \\u00e0 Strasbourg&quot;,&quot;type&quot;:&quot;cta&quot;}}\" target=\"_blank\" rel=\"noopener\">#Bons plans \u00e0 Strasbourg<\/a><\/li>\n<li><a href=\"https:\/\/actu.fr\/tag\/vide-greniers\" data-trk=\"{&quot;cta&quot;:{&quot;action&quot;:&quot;Vide-greniers&quot;,&quot;category&quot;:&quot;tag&quot;,&quot;from&quot;:&quot;article footer&quot;,&quot;name&quot;:&quot;Vide-greniers&quot;,&quot;type&quot;:&quot;cta&quot;}}\" target=\"_blank\" rel=\"noopener\">#Vide-greniers<\/a><\/li>\n<\/ul>\n","protected":false},"excerpt":{"rendered":"Par Margot Fournie Publi\u00e9 le 30 avr. 2025 \u00e0 15h33 Le 1er mai, un grand vide-greniers va se&hellip;\n","protected":false},"author":2,"featured_media":64515,"comment_status":"","ping_status":"","sticky":false,"template":"","format":"standard","meta":{"footnotes":""},"categories":[2820],"tags":[1111,11,13978,1777,674,1011,27,775,1652,12,25,640,3365],"class_list":{"0":"post-64514","1":"post","2":"type-post","3":"status-publish","4":"format-standard","5":"has-post-thumbnail","7":"category-strasbourg","8":"tag-actu","9":"tag-actualites","10":"tag-bons-plans-a-strasbourg","11":"tag-eu","12":"tag-europe","13":"tag-fr","14":"tag-france","15":"tag-grand-est","16":"tag-loisirs-culture","17":"tag-news","18":"tag-republique-francaise","19":"tag-strasbourg","20":"tag-vide-greniers"},"share_on_mastodon":{"url":"https:\/\/pubeurope.com\/@fr\/114427240324091582","error":""},"_links":{"self":[{"href":"https:\/\/www.europesays.com\/fr\/wp-json\/wp\/v2\/posts\/64514","targetHints":{"allow":["GET"]}}],"collection":[{"href":"https:\/\/www.europesays.com\/fr\/wp-json\/wp\/v2\/posts"}],"about":[{"href":"https:\/\/www.europesays.com\/fr\/wp-json\/wp\/v2\/types\/post"}],"author":[{"embeddable":true,"href":"https:\/\/www.europesays.com\/fr\/wp-json\/wp\/v2\/users\/2"}],"replies":[{"embeddable":true,"href":"https:\/\/www.europesays.com\/fr\/wp-json\/wp\/v2\/comments?post=64514"}],"version-history":[{"count":0,"href":"https:\/\/www.europesays.com\/fr\/wp-json\/wp\/v2\/posts\/64514\/revisions"}],"wp:featuredmedia":[{"embeddable":true,"href":"https:\/\/www.europesays.com\/fr\/wp-json\/wp\/v2\/media\/64515"}],"wp:attachment":[{"href":"https:\/\/www.europesays.com\/fr\/wp-json\/wp\/v2\/media?parent=64514"}],"wp:term":[{"taxonomy":"category","embeddable":true,"href":"https:\/\/www.europesays.com\/fr\/wp-json\/wp\/v2\/categories?post=64514"},{"taxonomy":"post_tag","embeddable":true,"href":"https:\/\/www.europesays.com\/fr\/wp-json\/wp\/v2\/tags?post=64514"}],"curies":[{"name":"wp","href":"https:\/\/api.w.org\/{rel}","templated":true}]}}