{"id":645146,"date":"2026-01-06T16:44:11","date_gmt":"2026-01-06T16:44:11","guid":{"rendered":"https:\/\/www.europesays.com\/fr\/645146\/"},"modified":"2026-01-06T16:44:11","modified_gmt":"2026-01-06T16:44:11","slug":"comment-les-influenceurs-et-createurs-onlyfans-profitent-du-visa-dartiste-americain","status":"publish","type":"post","link":"https:\/\/www.europesays.com\/fr\/645146\/","title":{"rendered":"comment les influenceurs et cr\u00e9ateurs OnlyFans profitent du visa d\u2019artiste am\u00e9ricain"},"content":{"rendered":"<p>\n    Longtemps r\u00e9serv\u00e9 aux artistes reconnus, le visa O-1 am\u00e9ricain est de plus en plus attribu\u00e9 en fonction de la notori\u00e9t\u00e9 en ligne. Une \u00e9volution qui interroge la place des cr\u00e9ateurs traditionnels face \u00e0 l\u2019\u00e9conomie de l\u2019attention.<\/p>\n<p class=\"fig-paragraph\">Depuis le d\u00e9but du second mandat de Donald Trump, l\u2019acc\u00e8s au territoire am\u00e9ricain se complique pour la plupart des travailleurs \u00e9trangers. Une cat\u00e9gorie de personnes tire toutefois son \u00e9pingle du jeu\u00a0: les\u00a0<a href=\"http:\/\/www.lefigaro.fr\/secteur\/high-tech\/influenceurs-nouvelles-fonctionnalites-publicite-comment-le-reseau-social-francais-bereal-prepare-son-grand-retour-20251225\" data-fig-type=\"Article\" data-gtm-custom-categorie=\"navigation\" data-gtm-custom-action=\"crossclick\" data-gtm-custom-label=\"Contextuel\" data-gtm-event=\"customEventSPE\" data-fig-domain=\"LEFIGARO\" target=\"_blank\" rel=\"noopener\">influenceurs<\/a>. Longtemps r\u00e9serv\u00e9 aux artistes, le visa O-1, cens\u00e9 distinguer les talents \u00abextraordinaires\u00bb, est aujourd\u2019hui de plus en plus attribu\u00e9 en fonction de la notori\u00e9t\u00e9 en ligne, au point de susciter un malaise chez les professionnels du secteur culturel.<\/p>\n<p class=\"fig-paragraph\">La bascule est frappante pour les avocats sp\u00e9cialis\u00e9s en immigration. \u00abJe savais que l\u2019\u00e9poque o\u00f9 l\u2019on repr\u00e9sentait des noms embl\u00e9matiques comme Boy George ou Sin\u00e9ad O\u2019Connor \u00e9tait r\u00e9volue\u00bb, constate Michael Wildes, figure new-yorkaise du barreau, cit\u00e9 par le\u00a0<a href=\"https:\/\/www.ft.com\/content\/8816fcec-4148-4cda-be7f-fc59d5bcbf59\" target=\"_blank\" rel=\"sponsored noopener\" data-gtm-custom-categorie=\"navigation\" data-gtm-custom-action=\"crossclick\" data-gtm-custom-label=\"Contextuel\" data-gtm-event=\"customEventSPE\">Financial Times<\/a> . D\u00e9sormais, ce sont surtout des cr\u00e9ateurs de contenus, mannequins sur Instagram ou vedettes d\u2019<a href=\"http:\/\/www.lefigaro.fr\/secteur\/high-tech\/dossier\/mym-onlyfans-le-business-impitoyable-des-plateformes-de-la-tentation\" data-fig-type=\"Topic\" data-gtm-custom-categorie=\"navigation\" data-gtm-custom-action=\"crossclick\" data-gtm-custom-label=\"Contextuel\" data-gtm-event=\"customEventSPE\" data-fig-domain=\"LEFIGARO\" target=\"_blank\" rel=\"noopener\">OnlyFans<\/a>, qui sollicitent ses services. Selon plusieurs cabinets, ces profils repr\u00e9senteraient aujourd\u2019hui plus de la moiti\u00e9 des demandes de visas qu\u2019ils traitent\u2026<\/p>\n<p class=\"fig-premium-paywall__infos\">\n        Cet article est r\u00e9serv\u00e9 aux abonn\u00e9s.        Il vous reste 76% \u00e0 d\u00e9couvrir.\n    <\/p>\n<p>                <img  data- alt=\"Le Figaro\" class=\"fig-img--complete fig-img\"\/><\/p>\n<p class=\"fig-premium-paywall__title\">Vous avez envie de lire la suite ?<\/p>\n<p class=\"fig-premium-paywall__subtitle\">D\u00e9bloquez tous les articles imm\u00e9diatement.<\/p>\n<p class=\"fig-premium-paywall__connect\">\n                D\u00e9j\u00e0 abonn\u00e9\u00a0?                <a class=\"fig-premium-paywall__connect-link\" href=\"https:\/\/connect.lefigaro.fr\/login?client=horizon_web&amp;type=main&amp;redirect_uri=https%3A%2F%2Fwww.lefigaro.fr%2Fconjoncture%2Fpas-besoin-d-etre-un-genie-comment-les-influenceurs-et-createurs-onlyfans-profitent-du-visa-d-artiste-americain-20260106\" data-js-gtm=\"{&quot;customCategorie&quot;: &quot;conversion&quot;, &quot;customAction&quot;: &quot;before_Landing_Connexion_paywall_auto&quot;, &quot;customLabel&quot;: &quot;bGVmaWdhcm8uZnJfXzFmMGVhZTc3LTY5ZTAtNjkwZS05NjhlLTU1ZTRjYThhMDBiMV9fTmV3c0ZsYXNo_\u00abPas besoin d\u2019\u00eatre un g\u00e9nie\u00bb\u00a0: comment les influenceurs et cr\u00e9ateurs OnlyFans profitent du visa d\u2019artiste am\u00e9ricain_527&quot;, &quot;customIDSPE&quot;: &quot;bGVmaWdhcm8uZnJfXzFmMGVhZTc3LTY5ZTAtNjkwZS05NjhlLTU1ZTRjYThhMDBiMV9fTmV3c0ZsYXNo&quot;, &quot;event&quot;: &quot;customEventSPE&quot;}\" target=\"_blank\" rel=\"noopener\"><br \/>\n                    Connectez-vous<br \/>\n                <\/a>\n            <\/p>\n","protected":false},"excerpt":{"rendered":"Longtemps r\u00e9serv\u00e9 aux artistes reconnus, le visa O-1 am\u00e9ricain est de plus en plus attribu\u00e9 en fonction de&hellip;\n","protected":false},"author":2,"featured_media":645147,"comment_status":"","ping_status":"","sticky":false,"template":"","format":"standard","meta":{"footnotes":""},"categories":[1359],"tags":[58,59,73,1011,27,2480,973,4392],"class_list":{"0":"post-645146","1":"post","2":"type-post","3":"status-publish","4":"format-standard","5":"has-post-thumbnail","7":"category-people","8":"tag-divertissement","9":"tag-entertainment","10":"tag-etats-unis","11":"tag-fr","12":"tag-france","13":"tag-influenceurs","14":"tag-people","15":"tag-visa"},"share_on_mastodon":{"url":"https:\/\/pubeurope.com\/@fr\/115849164527769789","error":""},"_links":{"self":[{"href":"https:\/\/www.europesays.com\/fr\/wp-json\/wp\/v2\/posts\/645146","targetHints":{"allow":["GET"]}}],"collection":[{"href":"https:\/\/www.europesays.com\/fr\/wp-json\/wp\/v2\/posts"}],"about":[{"href":"https:\/\/www.europesays.com\/fr\/wp-json\/wp\/v2\/types\/post"}],"author":[{"embeddable":true,"href":"https:\/\/www.europesays.com\/fr\/wp-json\/wp\/v2\/users\/2"}],"replies":[{"embeddable":true,"href":"https:\/\/www.europesays.com\/fr\/wp-json\/wp\/v2\/comments?post=645146"}],"version-history":[{"count":0,"href":"https:\/\/www.europesays.com\/fr\/wp-json\/wp\/v2\/posts\/645146\/revisions"}],"wp:featuredmedia":[{"embeddable":true,"href":"https:\/\/www.europesays.com\/fr\/wp-json\/wp\/v2\/media\/645147"}],"wp:attachment":[{"href":"https:\/\/www.europesays.com\/fr\/wp-json\/wp\/v2\/media?parent=645146"}],"wp:term":[{"taxonomy":"category","embeddable":true,"href":"https:\/\/www.europesays.com\/fr\/wp-json\/wp\/v2\/categories?post=645146"},{"taxonomy":"post_tag","embeddable":true,"href":"https:\/\/www.europesays.com\/fr\/wp-json\/wp\/v2\/tags?post=645146"}],"curies":[{"name":"wp","href":"https:\/\/api.w.org\/{rel}","templated":true}]}}